{"id":17017,"date":"2013-10-30T14:30:22","date_gmt":"2013-10-30T11:30:22","guid":{"rendered":"https:\/\/www.enerjigazetesi.ist\/?p=17017"},"modified":"2013-10-31T10:47:13","modified_gmt":"2013-10-31T07:47:13","slug":"enerji-sektorunde-proje-yonetimi-egitiminin-kayitlari-basladi","status":"publish","type":"post","link":"https:\/\/www.enerjigazetesi.ist\/en\/enerji-sektorunde-proje-yonetimi-egitiminin-kayitlari-basladi\/","title":{"rendered":"(Turkish) Enerji Sekt\u00f6r\u00fc&#8217;nde Proje Y\u00f6netimi E\u011fitimi&#8217;nin Kay\u0131tlar\u0131 Ba\u015flad\u0131!"},"content":{"rendered":"<p class=\"qtranxs-available-languages-message qtranxs-available-languages-message-en\">Sorry, this entry is only available in <a href=\"https:\/\/www.enerjigazetesi.ist\/tr\/wp-json\/wp\/v2\/posts\/17017\" class=\"qtranxs-available-language-link qtranxs-available-language-link-tr\" title=\"Turkish\">Turkish<\/a>. For the sake of viewer convenience, the content is shown below in the alternative language. You may click the link to switch the active language.<\/p><p><strong>Enerji sekt\u00f6r\u00fcn\u00fcn insan kaynaklar\u0131 ve e\u011fitim dan\u0131\u015fmanl\u0131\u011f\u0131 \u015firketi Enerj\u0130K, sekt\u00f6r\u00fcn e\u011fitim hizmetlerini kar\u015f\u0131lamaya devam ediyor. 9-10 Kas\u0131m tarihlerinde \u0130stanbul&#8217;da ger\u00e7ekle\u015fecek &#8220;Enerji Sekt\u00f6r\u00fc&#8217;nde Proje Y\u00f6netimi E\u011fitimi&#8221;nin kay\u0131tlar\u0131 ba\u015flad\u0131.<\/strong><\/p>\n<p>S\u00fcrekli de\u011fi\u015fen ortam i\u00e7inde, de\u011fi\u015fimin gereklerine uyulabilmesi, organizasyonlar\u0131n iddial\u0131 ve ayn\u0131 zamanda ger<a href=\"https:\/\/www.enerjigazetesi.ist\/wp-content\/uploads\/2013\/10\/enerji-sektoru-nde-proje-yonetimi-egitimi.png\"><img loading=\"lazy\" class=\"alignright size-medium wp-image-17018\" title=\"enerji-sektoru-nde-proje-yonetimi-egitimi\" src=\"https:\/\/www.enerjigazetesi.ist\/wp-content\/uploads\/2013\/10\/enerji-sektoru-nde-proje-yonetimi-egitimi-300x178.png\" alt=\"\" width=\"300\" height=\"178\" srcset=\"https:\/\/www.enerjigazetesi.ist\/wp-content\/uploads\/2013\/10\/enerji-sektoru-nde-proje-yonetimi-egitimi-300x178.png 300w, https:\/\/www.enerjigazetesi.ist\/wp-content\/uploads\/2013\/10\/enerji-sektoru-nde-proje-yonetimi-egitimi-80x47.png 80w, https:\/\/www.enerjigazetesi.ist\/wp-content\/uploads\/2013\/10\/enerji-sektoru-nde-proje-yonetimi-egitimi.png 420w\" sizes=\"(max-width: 300px) 100vw, 300px\" \/><\/a>\u00e7ek\u00e7i hedeflere ula\u015ft\u0131r\u0131labilmesi projeler yoluyla olmaktad\u0131r. \u00d6zellik ile enerji sekt\u00f6r\u00fcnde stratejik ve taktik anlamda ba\u015flat\u0131lan her projenin ba\u015far\u0131s\u0131 projelerin etkin y\u00f6netimi ile yak\u0131ndan ilgilidir. Proje y\u00f6netimini hem bir dizi teknik ara\u00e7 olarak, hem de y\u00f6netim s\u00fcre\u00e7lerinin bir par\u00e7as\u0131 olarak kullanma y\u00f6ntemlerini g\u00f6stermeyi ve uygulamay\u0131 ama\u00e7lamaktad\u0131r.<\/p>\n<p>Alan\u0131nda uzman e\u011fitmenler taraf\u0131ndan verilecek derslerle kat\u0131l\u0131mc\u0131lar e\u011fitim sonunda etkin proje planlama ve y\u00f6netimi konusunda yetkinlik kazanacakt\u0131r.\u00a0 &#8220;Proje Y\u00f6netimi E\u011fitimi&#8221;ne proje y\u00f6neticileri, orta kademe y\u00f6neticiler ve projelerde g\u00f6rev alabilecek ki\u015filer kat\u0131labilir.<\/p>\n<p>&#8220;Enerji Sekt\u00f6r\u00fc&#8217;nde Proje Y\u00f6netimi E\u011fitimi&#8221; <strong>9-10 Kas\u0131m<\/strong> tarihlerinde <strong>09:30 -17:30<\/strong> saatleri aras\u0131nda <strong>\u0130stanbul&#8217;<\/strong>da ger\u00e7ekle\u015fecektir.<\/p>\n<p><span style=\"color: #333333;\"><strong>Di\u011fer E\u011fitimimiz: <\/strong><a href=\"http:\/\/www.enerjik.com.tr\/KariyerPanosuIcerik.aspx?No=2383&amp;YayinTuru=H\" target=\"_blank\">\u0130\u015f Hukuku Uygulamalar\u0131 ve E-Fatura Uygulamalar\u0131<\/a><\/span><\/p>\n<p><span style=\"color: #808080;\"><em>*Grup kat\u0131l\u0131m avantajlar\u0131ndan faydalanmak i\u00e7in l\u00fctfen organizasyon yetkililerimizle ileti\u015fime ge\u00e7iniz.<\/em><\/span><\/p>\n<p><span style=\"color: #333333;\">Yay\u0131nc\u0131: <a href=\"https:\/\/www.enerjigazetesi.ist\" target=\"_blank\">Enerji Gazetesi<\/a><\/span><\/p>","protected":false},"excerpt":{"rendered":"<p>Sorry, this entry is only available in Turkish. For the sake of viewer convenience, the content is shown below in the alternative language. You may click the link to switch the active language.Enerji sekt\u00f6r\u00fcn\u00fcn insan kaynaklar\u0131 ve e\u011fitim dan\u0131\u015fmanl\u0131\u011f\u0131 \u015firketi Enerj\u0130K, sekt\u00f6r\u00fcn e\u011fitim hizmetlerini kar\u015f\u0131lamaya devam ediyor. 9-10 Kas\u0131m tarihlerinde \u0130stanbul&#8217;da ger\u00e7ekle\u015fecek &#8220;Enerji Sekt\u00f6r\u00fc&#8217;nde Proje [&hellip;]<\/p>\n","protected":false},"author":1,"featured_media":17018,"comment_status":"open","ping_status":"open","sticky":false,"template":"","format":"standard","meta":[],"categories":[53,4],"tags":[9978,9979,63,67,1009,165,9975,3226,9977,9976],"views":938,"_links":{"self":[{"href":"https:\/\/www.enerjigazetesi.ist\/en\/wp-json\/wp\/v2\/posts\/17017"}],"collection":[{"href":"https:\/\/www.enerjigazetesi.ist\/en\/wp-json\/wp\/v2\/posts"}],"about":[{"href":"https:\/\/www.enerjigazetesi.ist\/en\/wp-json\/wp\/v2\/types\/post"}],"author":[{"embeddable":true,"href":"https:\/\/www.enerjigazetesi.ist\/en\/wp-json\/wp\/v2\/users\/1"}],"replies":[{"embeddable":true,"href":"https:\/\/www.enerjigazetesi.ist\/en\/wp-json\/wp\/v2\/comments?post=17017"}],"version-history":[{"count":4,"href":"https:\/\/www.enerjigazetesi.ist\/en\/wp-json\/wp\/v2\/posts\/17017\/revisions"}],"predecessor-version":[{"id":17021,"href":"https:\/\/www.enerjigazetesi.ist\/en\/wp-json\/wp\/v2\/posts\/17017\/revisions\/17021"}],"wp:featuredmedia":[{"embeddable":true,"href":"https:\/\/www.enerjigazetesi.ist\/en\/wp-json\/wp\/v2\/media\/17018"}],"wp:attachment":[{"href":"https:\/\/www.enerjigazetesi.ist\/en\/wp-json\/wp\/v2\/media?parent=17017"}],"wp:term":[{"taxonomy":"category","embeddable":true,"href":"https:\/\/www.enerjigazetesi.ist\/en\/wp-json\/wp\/v2\/categories?post=17017"},{"taxonomy":"post_tag","embeddable":true,"href":"https:\/\/www.enerjigazetesi.ist\/en\/wp-json\/wp\/v2\/tags?post=17017"}],"curies":[{"name":"wp","href":"https:\/\/api.w.org\/{rel}","templated":true}]}}