{"id":170099,"date":"2023-03-01T11:44:42","date_gmt":"2023-03-01T08:44:42","guid":{"rendered":"https:\/\/www.enerjigazetesi.ist\/?p=170099"},"modified":"2023-03-01T11:45:00","modified_gmt":"2023-03-01T08:45:00","slug":"elektrik-ve-enerji-sektoru-ilk-kez-ieee-pes-gtd-ile-istanbulda-bulusuyor","status":"publish","type":"post","link":"https:\/\/www.enerjigazetesi.ist\/en\/elektrik-ve-enerji-sektoru-ilk-kez-ieee-pes-gtd-ile-istanbulda-bulusuyor\/","title":{"rendered":"(Turkish) Elektrik ve Enerji Sekt\u00f6r\u00fc \u0130lk Kez IEEE PES GT&#038;D ile \u0130stanbul\u2019da Bulu\u015fuyor"},"content":{"rendered":"<p class=\"qtranxs-available-languages-message qtranxs-available-languages-message-en\">Sorry, this entry is only available in <a href=\"https:\/\/www.enerjigazetesi.ist\/tr\/wp-json\/wp\/v2\/posts\/170099\" class=\"qtranxs-available-language-link qtranxs-available-language-link-tr\" title=\"Turkish\">Turkish<\/a>. For the sake of viewer convenience, the content is shown below in the alternative language. You may click the link to switch the active language.<\/p><p><\/p>\n<h2>Kuzey Amerika\u2019da yakla\u015f\u0131k 50 y\u0131ld\u0131r \u201cElektrik \u015eebekeleri ve Enerji\u201d etkinli\u011fi kapsam\u0131nda d\u00fczenlenen IEEE PES GT&amp;D Uluslararas\u0131 Kongre ve Fuar\u0131 ilk kez \u0130stanbul\u2019da ger\u00e7ekle\u015fiyor. \u0130stanbul\u2019da, \u0130stanbul Kongre Merkezi\u2019nde 22-25 May\u0131s 2023 tarihlerinde, sekt\u00f6re y\u00f6n verecek olan 2023 IEEE PES GT&amp;D Uluslararas\u0131 Kongre ve Fuar\u0131, elektrik ve enerji sekt\u00f6r\u00fc \u00fcreticilerini bir araya getirecek.<\/h2>\n<p style=\"text-align: center;\"><img loading=\"lazy\" class=\"aligncenter wp-image-170105\" src=\"https:\/\/www.enerjigazetesi.ist\/wp-content\/uploads\/2023\/03\/elektrik-ve-enerji-sektoru-ilk-kez-ieee-pes-gtd-ile-istanbulda-bulusuyor-2.jpg\" alt=\"\" width=\"500\" height=\"175\" srcset=\"https:\/\/www.enerjigazetesi.ist\/wp-content\/uploads\/2023\/03\/elektrik-ve-enerji-sektoru-ilk-kez-ieee-pes-gtd-ile-istanbulda-bulusuyor-2.jpg 550w, https:\/\/www.enerjigazetesi.ist\/wp-content\/uploads\/2023\/03\/elektrik-ve-enerji-sektoru-ilk-kez-ieee-pes-gtd-ile-istanbulda-bulusuyor-2-300x105.jpg 300w, https:\/\/www.enerjigazetesi.ist\/wp-content\/uploads\/2023\/03\/elektrik-ve-enerji-sektoru-ilk-kez-ieee-pes-gtd-ile-istanbulda-bulusuyor-2-500x175.jpg 500w, https:\/\/www.enerjigazetesi.ist\/wp-content\/uploads\/2023\/03\/elektrik-ve-enerji-sektoru-ilk-kez-ieee-pes-gtd-ile-istanbulda-bulusuyor-2-80x28.jpg 80w\" sizes=\"(max-width: 500px) 100vw, 500px\" \/><\/p>\n<p>Misyonu \u201c\u0130nsanl\u0131\u011f\u0131n yarar\u0131 i\u00e7in teknolojik geli\u015fmeleri ve m\u00fckemmeliyeti desteklemek\u201d olan IEEE (Amerikan Elektrik ve Elektronik M\u00fchendisleri Enstit\u00fcs\u00fc) m\u00fchendislik ve teknoloji alan\u0131nda d\u00fcnyan\u0131n en b\u00fcy\u00fck organizasyonlar\u0131ndan biri; 160\u2019tan fazla \u00fclkede yakla\u015f\u0131k 500 bin \u00fcyesiyle y\u0131lda 2 binden fazla etkinli\u011fe imza at\u0131yor. 22-25 May\u0131s 2023 tarihlerinde ger\u00e7ekle\u015fecek fuar uluslararas\u0131 d\u00fczeyde akademisyenleri, ara\u015ft\u0131rmac\u0131lar\u0131, end\u00fcstriyel uzmanlar\u0131 ve teknoloji liderlerini a\u011f\u0131rlayacak. Fuara elektrik, enerji ve \u00e7evre, bili\u015fim ve finans gibi \u00e7e\u015fitli alanlar\u0131nda sekt\u00f6r\u00fcn \u00f6nde gelen \u015firketleri kat\u0131lacak. Kanada\u2019dan Hindistan\u2019a kadar d\u00fcnyan\u0131n bir\u00e7ok yerinden sekt\u00f6r temsilcilerinin yer alaca\u011f\u0131 fuara T.C. Enerji ve Tabii Kaynaklar Bakanl\u0131\u011f\u0131 ile \u00c7evre Bakanl\u0131\u011f\u0131 d\u00fczeyinde de kat\u0131l\u0131m olacak.<\/p>\n<h3><strong>Yeni teknolojiler tan\u0131t\u0131lacak<\/strong><\/h3>\n<p>\u00dc\u00e7 g\u00fcn s\u00fcrecek 2023 IEEE PES GT&amp;D Uluslararas\u0131 Konferans ve Fuar Etkinli\u011fi\u2019nde elektrik ve enerji sanayi ile birlikte elektrik \u015febekelerinin problemlerinin \u00e7\u00f6z\u00fcmlerine y\u00f6nelik paneller d\u00fczenlenecek, gelece\u011fin elektrik \u015febekeleri, enerji sistemleri ve \u00e7evre ile ilgili teknolojilere y\u00f6nelik \u00e7e\u015fitli bilimsel ve teknolojik oturumlar yap\u0131lacak. Konferans boyunca; elektrik \u015febekeleri, enerji ve bili\u015fim alan\u0131nda yeni teknolojilerin tan\u0131t\u0131lmas\u0131n\u0131n yan\u0131s\u0131ra geli\u015fmi\u015f teknolojik \u00fcr\u00fcnler de sergilenecek.<\/p>\n<p>Organizasyonda ele al\u0131nacak konu ba\u015fl\u0131klar\u0131ndan <span style=\"text-decoration: underline;\">baz\u0131lar\u0131 ise \u015f\u00f6yle;<\/span><\/p>\n<p>&#8211; Enerji, \u00c7evre ve Karbonsuzla\u015ft\u0131rma<br \/>\n&#8211; \u0130klim de\u011fi\u015fikli\u011fi ve Elektrik \u00dcretim \u00dczerine Etkileri<br \/>\n&#8211; Ye\u015fil Enerji D\u00f6n\u00fc\u015f\u00fcm Sistemleri<br \/>\n&#8211; Elektrik Santrallerinin \u0130zlenmesi, Korunmas\u0131, Kontrol\u00fc ve Otomasyonu<br \/>\n&#8211; N\u00fckleer G\u00fc\u00e7 \u00dcretiminin Gelece\u011fi<br \/>\n&#8211; \u0130klim De\u011fi\u015fikli\u011finin Da\u011f\u0131t\u0131m ve \u0130letime Etkisi<\/p>\n<p>Etkinlik, T\u00fcrkiye\u2019ye ekonomi ve turizm alanlar\u0131nda faydalar sa\u011flayaca\u011f\u0131 gibi, bilimsel ve teknolojik geli\u015fmelerin tart\u0131\u015f\u0131laca\u011f\u0131 bir akademik ve end\u00fcstriyel platform olu\u015fturacak. B\u00f6ylece uluslararas\u0131 \u00fcniversiteler ve k\u00fcresel sanayi ile T\u00fcrkiye&#8217;deki \u00fcniversiteler ve T\u00fcrkiye&#8217;deki \u00fcst d\u00fczey sanayi de bu s\u00fcrecin bir par\u00e7as\u0131 olabilecek.<\/p>\n<p>IEEE PES T\u00fcrkiye Toplulu\u011fu taraf\u0131ndan organize edilen fuar\u0131n ba\u015fkanl\u0131\u011f\u0131n\u0131 Prof. Dr. \u00d6mer Usta \u00fcstleniyor. \u0130stanbul Teknik \u00dcniversitesi\u2019nin teknik sponsorlu\u011funda ger\u00e7ekle\u015fecek etkinli\u011fin ev sahipli\u011fini ise EnerjiSA ve EAE Elektrik yap\u0131yor. Etkinli\u011fe IEEE D\u00fcnya Ba\u015fkan\u0131 se\u00e7ilen Prof. Saifur Rahman da kat\u0131lacak.<\/p>\n<h3><strong>Ye\u015fil Kentler i\u00e7in bulu\u015fma<\/strong><\/h3>\n<p>Fuar kapsam\u0131nda, \u0130stanbul Teknik \u00dcniversitesi ve IEEE PES GT&amp;D aras\u0131nda d\u00fczenlenen protokol ile, <strong>\u201c2023 T\u00fcrkiye Ak\u0131ll\u0131 &amp; Ye\u015fil Binalar ve Kentler Kongresi-1: Teoriden Uygulamaya\u201d<\/strong> temas\u0131yla toplant\u0131lar da d\u00fczenlenecek. Kongre, T\u00fcrkiye&#8217;nin ilk ye\u015fil bina ve yerle\u015fme sertifikas\u0131n\u0131n genel kurgusunu olu\u015fturan ve e\u011fitimini veren \u0130T\u00dc \u00f6nc\u00fcl\u00fc\u011f\u00fcnde <strong>YES-Tr E\u011fitmenleri<\/strong> taraf\u0131ndan koordine ediliyor. Kongrede akademik ve uygulama d\u00fczeyinde bildiriler, posterler ve at\u00f6lye \u00e7al\u0131\u015fmalar\u0131 ger\u00e7ekle\u015ftirilecek; bakanl\u0131klar, belediyeler, akademisyenler ve \u00f6zel sekt\u00f6r temsilcileri deneyim ve \u00f6nerilerini payla\u015facak. Kongrenin, <strong>T\u00fcrkiye Ak\u0131ll\u0131 &amp; Ye\u015fil Binalar ve Yerle\u015fmeler Platformu\u2019nun (T\u00dcRAYEP)<\/strong> kurulmas\u0131na \u00f6nc\u00fcl\u00fck etmesi hedefleniyor.<\/p>\n<p>Daha fazla bilgi i\u00e7in: <a href=\"https:\/\/ieee-gtd.org\/\" target=\"_blank\" rel=\"noopener\">https:\/\/ieee-gtd.org\/ <\/a>adresini ziyaret edebilirsiniz.<\/p>","protected":false},"excerpt":{"rendered":"<p>Sorry, this entry is only available in Turkish. For the sake of viewer convenience, the content is shown below in the alternative language. You may click the link to switch the active language. Kuzey Amerika\u2019da yakla\u015f\u0131k 50 y\u0131ld\u0131r \u201cElektrik \u015eebekeleri ve Enerji\u201d etkinli\u011fi kapsam\u0131nda d\u00fczenlenen IEEE PES GT&amp;D Uluslararas\u0131 Kongre ve Fuar\u0131 ilk kez \u0130stanbul\u2019da [&hellip;]<\/p>\n","protected":false},"author":1,"featured_media":170106,"comment_status":"open","ping_status":"open","sticky":false,"template":"","format":"standard","meta":[],"categories":[51,53],"tags":[60,784,107980,2873,63,165,107981,31811],"views":63,"_links":{"self":[{"href":"https:\/\/www.enerjigazetesi.ist\/en\/wp-json\/wp\/v2\/posts\/170099"}],"collection":[{"href":"https:\/\/www.enerjigazetesi.ist\/en\/wp-json\/wp\/v2\/posts"}],"about":[{"href":"https:\/\/www.enerjigazetesi.ist\/en\/wp-json\/wp\/v2\/types\/post"}],"author":[{"embeddable":true,"href":"https:\/\/www.enerjigazetesi.ist\/en\/wp-json\/wp\/v2\/users\/1"}],"replies":[{"embeddable":true,"href":"https:\/\/www.enerjigazetesi.ist\/en\/wp-json\/wp\/v2\/comments?post=170099"}],"version-history":[{"count":1,"href":"https:\/\/www.enerjigazetesi.ist\/en\/wp-json\/wp\/v2\/posts\/170099\/revisions"}],"predecessor-version":[{"id":170100,"href":"https:\/\/www.enerjigazetesi.ist\/en\/wp-json\/wp\/v2\/posts\/170099\/revisions\/170100"}],"wp:featuredmedia":[{"embeddable":true,"href":"https:\/\/www.enerjigazetesi.ist\/en\/wp-json\/wp\/v2\/media\/170106"}],"wp:attachment":[{"href":"https:\/\/www.enerjigazetesi.ist\/en\/wp-json\/wp\/v2\/media?parent=170099"}],"wp:term":[{"taxonomy":"category","embeddable":true,"href":"https:\/\/www.enerjigazetesi.ist\/en\/wp-json\/wp\/v2\/categories?post=170099"},{"taxonomy":"post_tag","embeddable":true,"href":"https:\/\/www.enerjigazetesi.ist\/en\/wp-json\/wp\/v2\/tags?post=170099"}],"curies":[{"name":"wp","href":"https:\/\/api.w.org\/{rel}","templated":true}]}}