{"id":170029,"date":"2023-02-28T13:29:42","date_gmt":"2023-02-28T10:29:42","guid":{"rendered":"https:\/\/www.enerjigazetesi.ist\/?p=170029"},"modified":"2023-02-28T13:29:42","modified_gmt":"2023-02-28T10:29:42","slug":"endustriyel-tesis-sartlarina-dayanikli-liquid-tight-flexible-metallic-conduit","status":"publish","type":"post","link":"https:\/\/www.enerjigazetesi.ist\/en\/endustriyel-tesis-sartlarina-dayanikli-liquid-tight-flexible-metallic-conduit\/","title":{"rendered":"(Turkish) End\u00fcstriyel Tesis \u015eartlar\u0131na Dayan\u0131kl\u0131 &#8216;Liquid-Tight Flexible Metallic Conduit'"},"content":{"rendered":"<p class=\"qtranxs-available-languages-message qtranxs-available-languages-message-en\">Sorry, this entry is only available in <a href=\"https:\/\/www.enerjigazetesi.ist\/tr\/wp-json\/wp\/v2\/posts\/170029\" class=\"qtranxs-available-language-link qtranxs-available-language-link-tr\" title=\"Turkish\">Turkish<\/a>. For the sake of viewer convenience, the content is shown below in the alternative language. You may click the link to switch the active language.<\/p><p><\/p>\n<h2>2011 y\u0131l\u0131ndan bu yana kablo koruma ve sonland\u0131rma pazar\u0131na kazand\u0131rd\u0131\u011f\u0131 y\u00fcksek kaliteli \u00fcr\u00fcnlerle t\u00fcketicinin g\u00fcvenini kazanan ve yurt d\u0131\u015f\u0131 pazarlar\u0131nda \u00fclkemizi ba\u015far\u0131yla temsil eden Radelsan; geli\u015fmi\u015f \u00fcretim prosesleri sayesinde a\u011f\u0131r end\u00fcstriyel tesis \u015fartlar\u0131nda dahi kusursuzca \u00e7al\u0131\u015fan \u201cLiquid-Tight Flexible Metallic Conduit\u201d \u00fcretimini ger\u00e7ekle\u015ftiren say\u0131l\u0131 firmalardan biri olma ba\u015far\u0131s\u0131n\u0131 ta\u015f\u0131yor.<\/h2>\n<p><strong>A\u011f\u0131r hizmet tipi \u00e7elik spiral<\/strong> olarak bilinen<strong> Liquid-Tight Flexible Metallic<\/strong>, end\u00fcstriyel tesislerde yo\u011fun olarak kullan\u0131l\u0131yor. Uygun aksesuarlarla kullan\u0131ld\u0131\u011f\u0131nda <strong>IP68<\/strong> standard\u0131nda koruma sa\u011flayan Liquid-Tight Flexible Metallic \u00fcr\u00fcn\u00fc, d\u00fcz y\u00fczeyi sayesinde end\u00fcstriyel ortamlarda s\u0131k\u00e7a kar\u015f\u0131la\u015f\u0131lan <strong>ya\u011f, kir ve su<\/strong> gibi olumsuz d\u0131\u015f etkenleri y\u00fczeyinde tutmuyor.<\/p>\n<h3><strong>Liquid-Tight Flexible Metallic Conduit Nedir?<img loading=\"lazy\" class=\"alignright wp-image-170033\" src=\"https:\/\/www.enerjigazetesi.ist\/wp-content\/uploads\/2023\/02\/endustriyel-tesis-sartlarina-dayanikli-liquid-tight-flexible-metallic-conduit.jpg\" alt=\"\" width=\"320\" height=\"320\" srcset=\"https:\/\/www.enerjigazetesi.ist\/wp-content\/uploads\/2023\/02\/endustriyel-tesis-sartlarina-dayanikli-liquid-tight-flexible-metallic-conduit.jpg 480w, https:\/\/www.enerjigazetesi.ist\/wp-content\/uploads\/2023\/02\/endustriyel-tesis-sartlarina-dayanikli-liquid-tight-flexible-metallic-conduit-300x300.jpg 300w, https:\/\/www.enerjigazetesi.ist\/wp-content\/uploads\/2023\/02\/endustriyel-tesis-sartlarina-dayanikli-liquid-tight-flexible-metallic-conduit-150x150.jpg 150w, https:\/\/www.enerjigazetesi.ist\/wp-content\/uploads\/2023\/02\/endustriyel-tesis-sartlarina-dayanikli-liquid-tight-flexible-metallic-conduit-400x400.jpg 400w, https:\/\/www.enerjigazetesi.ist\/wp-content\/uploads\/2023\/02\/endustriyel-tesis-sartlarina-dayanikli-liquid-tight-flexible-metallic-conduit-50x50.jpg 50w, https:\/\/www.enerjigazetesi.ist\/wp-content\/uploads\/2023\/02\/endustriyel-tesis-sartlarina-dayanikli-liquid-tight-flexible-metallic-conduit-100x100.jpg 100w\" sizes=\"(max-width: 320px) 100vw, 320px\" \/><\/strong><\/h3>\n<p>Radelsan taraf\u0131ndan en zorlu sanayi \u015fartlar\u0131nda kullan\u0131lmak \u00fczere \u00fcretilen \u201cLiquid-Tight Flexible Metallic Conduit\u201d dilimize<strong> \u201cSu Ge\u00e7irmez Esnek Boru\u201d<\/strong> olarak ge\u00e7iyor. Elektrik iletkenlerinin montaj\u0131 i\u00e7in ilgili ba\u011flant\u0131 par\u00e7alar\u0131 ile birlikte kullan\u0131lan Liquid-Tight Flexible Metallic Conduit; elektrik sistemlerini sanayi ve end\u00fcstri \u015fartlar\u0131nda s\u0131k\u00e7a kar\u015f\u0131la\u015f\u0131lan <strong>kir, ya\u011f ve su<\/strong> gibi olumsuz d\u0131\u015f etkenlerden koruyor. Ayr\u0131ca<strong> spiraller g\u00fcne\u015f \u0131\u015f\u0131\u011f\u0131na kar\u015f\u0131 da<\/strong> dayan\u0131kl\u0131l\u0131k g\u00f6sterebiliyor.<\/p>\n<p>Uygun aksesuarlarla birlikte kullan\u0131ld\u0131\u011f\u0131nda <strong>IP68 standard\u0131nda<\/strong> koruma sa\u011flayan Liquid-Tight Flexible Metallic Conduit, maksimum <strong>140\u00b0<\/strong> s\u0131cakl\u0131\u011fa kadar olan ortamlarda, \u0131slak yerlerde ve sistemlerin mineral ya\u011fa maruz kald\u0131\u011f\u0131 alanlarda kullan\u0131lmak \u00fczere tasarlan\u0131yor ve \u00fcretiliyor.<\/p>\n<h3><strong>Liquid-Tight Flexible Metallic Conduit\u2019in Genel \u00d6zellikleri<\/strong><\/h3>\n<p>Liquid-Tight Flexible Metallic <strong>Conduit,<\/strong> kablo aksesuar\u0131 pazar\u0131nda yer alan di\u011fer spirallerden farkl\u0131 \u00f6zelliklere sahip. Daha \u00e7ok zorlu ko\u015fullarda tercih edilen spiraller, a\u015fa\u011f\u0131daki ayr\u0131\u015ft\u0131r\u0131c\u0131 <span style=\"text-decoration: underline;\">avantajlar\u0131 ile biliniyor:<\/span><\/p>\n<p>&#8211; A\u015f\u0131r\u0131 \u0131slak ve nemli ortamlarda bulunan kablo devreleri i\u00e7in \u00fcst\u00fcn koruma<\/p>\n<p>&#8211; Dayan\u0131kl\u0131 elektrik sistemlerine ihtiya\u00e7 duyan makine ve ekipmanlara uygunluk<\/p>\n<p>&#8211; Presler, kaynak makineleri, pompalar, \u00fcfleyiciler, \u00f6\u011f\u00fct\u00fcc\u00fcler, konvey\u00f6rler ve otomatik hatlar \u00fczerinde kullan\u0131m imkan\u0131<\/p>\n<p>&#8211; Mekanik koruma i\u00e7in galvanizli \u00e7elik hammadde<\/p>\n<p>&#8211; A\u015f\u0131nmaya dayan\u0131kl\u0131 PVC k\u0131l\u0131f<\/p>\n<p>&#8211; Ezilmelere kar\u015f\u0131 kusursuz dayan\u0131kl\u0131l\u0131k<\/p>\n<p>&#8211; Kolay kablo \u00e7ekme i\u00e7in p\u00fcr\u00fczs\u00fcz i\u00e7 k\u0131s\u0131m<\/p>\n<p>&#8211; \u00c7o\u011fu s\u0131v\u0131ya ve nem buhar\u0131na kar\u015f\u0131 %100 koruma<\/p>\n<p>&#8211; G\u00fcne\u015f \u0131\u015f\u0131\u011f\u0131na, \u0131s\u0131ya, ya\u011fa ve kimyasal bozulmalara kar\u015f\u0131 dayan\u0131kl\u0131l\u0131k<\/p>\n<h3><strong>Liquid-Tight Flexible Metallic Conduit Nerelerde Kullan\u0131l\u0131r?<\/strong><\/h3>\n<p>Liquid-Tight Flexible Metallic Conduit <strong>di\u011fer kablo koruma aksesuarlar\u0131n\u0131n yeterli olmad\u0131\u011f\u0131<\/strong> alanlarda <strong>elektrik sistemlerinin tam korumas\u0131<\/strong> i\u00e7in kullan\u0131l\u0131yor. A\u011f\u0131r ve zorlu \u015fartlar\u0131n s\u00fcre\u00e7lerin \u00fczerinde etkisinin g\u00f6r\u00fcld\u00fc\u011f\u00fc <strong>end\u00fcstriyel tesisler, a\u011f\u0131r sanayi alanlar\u0131, metrolar <\/strong>ve<strong> maden tesisleri<\/strong> gibi ortamlar<strong> Liquid-Tight Flexible Metallic Conduit kullan\u0131m alanlar\u0131na<\/strong> \u00f6rnek olarak g\u00f6sterilebilir.<\/p>\n<p>Liquid-Tight Flexible Metallic Conduit, end\u00fcstriyel alanlarda bulunan zorlu ko\u015fullara kar\u015f\u0131l\u0131k sundu\u011fu avantajlar\u0131 sayesinde geni\u015f bir pazar taraf\u0131ndan tercih ediliyor. E<strong>lektrik sistemlerinin kesintisiz ve g\u00fcvenli \u00e7al\u0131\u015fmas\u0131nda<\/strong> b\u00fcy\u00fck rol oynayan<strong> Liquid-Tight Flexible Metallic<\/strong> \u00fcr\u00fcnler, dayan\u0131kl\u0131l\u0131\u011f\u0131 ve ayr\u0131\u015ft\u0131r\u0131c\u0131 \u00f6zelliklerinden de anla\u015f\u0131laca\u011f\u0131 \u00fczere donan\u0131ml\u0131 bir \u00fcretim sahas\u0131nda, geli\u015fmi\u015f \u00fcretim prosesleri e\u015fli\u011finde \u00fcretiliyor. T\u00fcm bu gerekliliklere sahip \u00fcretim kabiliyeti ile <strong>Liquid-Tight Flexible Metallic Conduit<\/strong>\u2019in yerli \u00fcretimini ger\u00e7ekle\u015ftiren Radelsan, \u00fcr\u00fcn yelpazesinde bulunan<strong> t\u00fcm kablo aksesuarlar\u0131nda<\/strong> oldu\u011fu gibi bu <strong>\u00fcr\u00fcn grubunda<\/strong> da<strong> yurt i\u00e7i<\/strong> ve <strong>yurt d\u0131\u015f\u0131 pazarlar\u0131nda<\/strong> yerli \u00fcretim bayra\u011f\u0131m\u0131z\u0131 gururla dalgaland\u0131r\u0131yor.<\/p>","protected":false},"excerpt":{"rendered":"<p>Sorry, this entry is only available in Turkish. For the sake of viewer convenience, the content is shown below in the alternative language. You may click the link to switch the active language. 2011 y\u0131l\u0131ndan bu yana kablo koruma ve sonland\u0131rma pazar\u0131na kazand\u0131rd\u0131\u011f\u0131 y\u00fcksek kaliteli \u00fcr\u00fcnlerle t\u00fcketicinin g\u00fcvenini kazanan ve yurt d\u0131\u015f\u0131 pazarlar\u0131nda \u00fclkemizi ba\u015far\u0131yla [&hellip;]<\/p>\n","protected":false},"author":1,"featured_media":170034,"comment_status":"open","ping_status":"open","sticky":false,"template":"","format":"standard","meta":[],"categories":[51,53],"tags":[107943,107942,107941,107944],"views":31,"_links":{"self":[{"href":"https:\/\/www.enerjigazetesi.ist\/en\/wp-json\/wp\/v2\/posts\/170029"}],"collection":[{"href":"https:\/\/www.enerjigazetesi.ist\/en\/wp-json\/wp\/v2\/posts"}],"about":[{"href":"https:\/\/www.enerjigazetesi.ist\/en\/wp-json\/wp\/v2\/types\/post"}],"author":[{"embeddable":true,"href":"https:\/\/www.enerjigazetesi.ist\/en\/wp-json\/wp\/v2\/users\/1"}],"replies":[{"embeddable":true,"href":"https:\/\/www.enerjigazetesi.ist\/en\/wp-json\/wp\/v2\/comments?post=170029"}],"version-history":[{"count":1,"href":"https:\/\/www.enerjigazetesi.ist\/en\/wp-json\/wp\/v2\/posts\/170029\/revisions"}],"predecessor-version":[{"id":170030,"href":"https:\/\/www.enerjigazetesi.ist\/en\/wp-json\/wp\/v2\/posts\/170029\/revisions\/170030"}],"wp:featuredmedia":[{"embeddable":true,"href":"https:\/\/www.enerjigazetesi.ist\/en\/wp-json\/wp\/v2\/media\/170034"}],"wp:attachment":[{"href":"https:\/\/www.enerjigazetesi.ist\/en\/wp-json\/wp\/v2\/media?parent=170029"}],"wp:term":[{"taxonomy":"category","embeddable":true,"href":"https:\/\/www.enerjigazetesi.ist\/en\/wp-json\/wp\/v2\/categories?post=170029"},{"taxonomy":"post_tag","embeddable":true,"href":"https:\/\/www.enerjigazetesi.ist\/en\/wp-json\/wp\/v2\/tags?post=170029"}],"curies":[{"name":"wp","href":"https:\/\/api.w.org\/{rel}","templated":true}]}}