{"id":169967,"date":"2023-02-27T12:02:55","date_gmt":"2023-02-27T09:02:55","guid":{"rendered":"https:\/\/www.enerjigazetesi.ist\/?p=169967"},"modified":"2023-02-27T12:03:33","modified_gmt":"2023-02-27T09:03:33","slug":"copa-2-ic-tesisat-ve-guvenli-dogalgaz-calistayinin-altin-sponsoru-oldu","status":"publish","type":"post","link":"https:\/\/www.enerjigazetesi.ist\/en\/copa-2-ic-tesisat-ve-guvenli-dogalgaz-calistayinin-altin-sponsoru-oldu\/","title":{"rendered":"(Turkish) &#8217;COPA&#8217; 2. \u0130\u00e7 Tesisat ve G\u00fcvenli Do\u011falgaz \u00c7al\u0131\u015ftay\u0131\u2019n\u0131n Alt\u0131n Sponsoru"},"content":{"rendered":"<p class=\"qtranxs-available-languages-message qtranxs-available-languages-message-en\">Sorry, this entry is only available in <a href=\"https:\/\/www.enerjigazetesi.ist\/tr\/wp-json\/wp\/v2\/posts\/169967\" class=\"qtranxs-available-language-link qtranxs-available-language-link-tr\" title=\"Turkish\">Turkish<\/a>. For the sake of viewer convenience, the content is shown below in the alternative language. You may click the link to switch the active language.<\/p><p><\/p>\n<h2><strong>\u0130klimlendirme sekt\u00f6r\u00fcn\u00fcn \u00f6nc\u00fc firmalar\u0131ndan COPA Is\u0131 Sistemleri, 8 Mart 2023 \u00c7ar\u015famba g\u00fcn\u00fc, \u201cG\u00fcvenli Do\u011falgaz ve \u0130novasyon\u201d ana temas\u0131yla ger\u00e7ekle\u015fecek olan Bursa 2. \u0130\u00e7 Tesisat ve G\u00fcvenli Do\u011falgaz \u00c7al\u0131\u015ftay\u0131\u2019n\u0131n alt\u0131n sponsoru oldu.<\/strong><\/h2>\n<p style=\"text-align: center;\"><img loading=\"lazy\" class=\"aligncenter wp-image-169969\" src=\"https:\/\/www.enerjigazetesi.ist\/wp-content\/uploads\/2023\/02\/copa-2-ic-tesisat-ve-guvenli-dogalgaz-calistayinin-altin-sponsoru-oldu.jpg\" alt=\"\" width=\"500\" height=\"122\" srcset=\"https:\/\/www.enerjigazetesi.ist\/wp-content\/uploads\/2023\/02\/copa-2-ic-tesisat-ve-guvenli-dogalgaz-calistayinin-altin-sponsoru-oldu.jpg 1024w, https:\/\/www.enerjigazetesi.ist\/wp-content\/uploads\/2023\/02\/copa-2-ic-tesisat-ve-guvenli-dogalgaz-calistayinin-altin-sponsoru-oldu-300x73.jpg 300w, https:\/\/www.enerjigazetesi.ist\/wp-content\/uploads\/2023\/02\/copa-2-ic-tesisat-ve-guvenli-dogalgaz-calistayinin-altin-sponsoru-oldu-768x187.jpg 768w, https:\/\/www.enerjigazetesi.ist\/wp-content\/uploads\/2023\/02\/copa-2-ic-tesisat-ve-guvenli-dogalgaz-calistayinin-altin-sponsoru-oldu-500x122.jpg 500w, https:\/\/www.enerjigazetesi.ist\/wp-content\/uploads\/2023\/02\/copa-2-ic-tesisat-ve-guvenli-dogalgaz-calistayinin-altin-sponsoru-oldu-80x19.jpg 80w\" sizes=\"(max-width: 500px) 100vw, 500px\" \/><\/p>\n<p>COPA Is\u0131 Sistemleri iklimlendirme sekt\u00f6r\u00fcn\u00fcn geli\u015fimi i\u00e7in katma de\u011fer yaratan organizasyonlar\u0131 desteklemeyi s\u00fcrd\u00fcr\u00fcyor. Do\u011falgaz sekt\u00f6r\u00fcn\u00fcn \u00f6nde gelen payda\u015flar\u0131n\u0131n kat\u0131l\u0131m g\u00f6sterece\u011fi Bursa 2. \u0130\u00e7 Tesisat ve G\u00fcvenli Do\u011falgaz \u00c7al\u0131\u015ftay\u0131, COPA\u2019n\u0131n alt\u0131n sponsorlu\u011funda <strong>8 Mart 2023 \u00c7ar\u015famba g\u00fcn\u00fc<\/strong> <strong>Merinos Atat\u00fcrk Kongre K\u00fclt\u00fcr Merkezi\u2019nde<\/strong> ger\u00e7ekle\u015fecek.<\/p>\n<p><strong>Odakl\u0131 Grup, DEMS\u0130AD ve \u0130MS\u0130AD<\/strong> i\u015f birli\u011fiyle \u201cG\u00fcvenli Do\u011falgaz ve \u0130novasyon\u201d ana temas\u0131yla d\u00fczenlenecek olan Bursa 2. \u0130\u00e7 Tesisat ve G\u00fcvenli Do\u011falgaz \u00c7al\u0131\u015ftay\u0131, sekt\u00f6re mal ve hizmet sa\u011flayan firmalar\u0131n y\u00f6neticilerinin, T\u00fcrkiye\u2019nin farkl\u0131 b\u00f6lgelerindeki <strong>gaz da\u011f\u0131t\u0131m \u015firketlerinin<\/strong> \u00fcst d\u00fczey y\u00f6neticilerinin ve STK\u2019lar\u0131n temsilcilerinin yan\u0131 s\u0131ra <strong>tesisat, proje, mekanik tasar\u0131m ve uygulama firmalar\u0131n\u0131n kat\u0131l\u0131m\u0131yla<\/strong> ger\u00e7ekle\u015ftirilecek. \u0130klimlendirme sekt\u00f6r\u00fcn\u00fcn sorunlar\u0131n\u0131n ve \u00e7\u00f6z\u00fcm \u00f6nerilerinin tart\u0131\u015f\u0131laca\u011f\u0131 organizasyonda ayr\u0131ca sekt\u00f6r\u00fcn gelece\u011fine ili\u015fkin \u00f6ng\u00f6r\u00fcler de masaya yat\u0131r\u0131lacak.<\/p>","protected":false},"excerpt":{"rendered":"<p>Sorry, this entry is only available in Turkish. For the sake of viewer convenience, the content is shown below in the alternative language. You may click the link to switch the active language. \u0130klimlendirme sekt\u00f6r\u00fcn\u00fcn \u00f6nc\u00fc firmalar\u0131ndan COPA Is\u0131 Sistemleri, 8 Mart 2023 \u00c7ar\u015famba g\u00fcn\u00fc, \u201cG\u00fcvenli Do\u011falgaz ve \u0130novasyon\u201d ana temas\u0131yla ger\u00e7ekle\u015fecek olan Bursa 2. [&hellip;]<\/p>\n","protected":false},"author":1,"featured_media":169971,"comment_status":"open","ping_status":"open","sticky":false,"template":"","format":"standard","meta":[],"categories":[46,53],"tags":[107933,98059,107932,3172],"views":50,"_links":{"self":[{"href":"https:\/\/www.enerjigazetesi.ist\/en\/wp-json\/wp\/v2\/posts\/169967"}],"collection":[{"href":"https:\/\/www.enerjigazetesi.ist\/en\/wp-json\/wp\/v2\/posts"}],"about":[{"href":"https:\/\/www.enerjigazetesi.ist\/en\/wp-json\/wp\/v2\/types\/post"}],"author":[{"embeddable":true,"href":"https:\/\/www.enerjigazetesi.ist\/en\/wp-json\/wp\/v2\/users\/1"}],"replies":[{"embeddable":true,"href":"https:\/\/www.enerjigazetesi.ist\/en\/wp-json\/wp\/v2\/comments?post=169967"}],"version-history":[{"count":0,"href":"https:\/\/www.enerjigazetesi.ist\/en\/wp-json\/wp\/v2\/posts\/169967\/revisions"}],"wp:featuredmedia":[{"embeddable":true,"href":"https:\/\/www.enerjigazetesi.ist\/en\/wp-json\/wp\/v2\/media\/169971"}],"wp:attachment":[{"href":"https:\/\/www.enerjigazetesi.ist\/en\/wp-json\/wp\/v2\/media?parent=169967"}],"wp:term":[{"taxonomy":"category","embeddable":true,"href":"https:\/\/www.enerjigazetesi.ist\/en\/wp-json\/wp\/v2\/categories?post=169967"},{"taxonomy":"post_tag","embeddable":true,"href":"https:\/\/www.enerjigazetesi.ist\/en\/wp-json\/wp\/v2\/tags?post=169967"}],"curies":[{"name":"wp","href":"https:\/\/api.w.org\/{rel}","templated":true}]}}