{"id":169871,"date":"2023-02-25T12:10:05","date_gmt":"2023-02-25T09:10:05","guid":{"rendered":"https:\/\/www.enerjigazetesi.ist\/?p=169871"},"modified":"2023-02-25T12:10:05","modified_gmt":"2023-02-25T09:10:05","slug":"cin-ruzgar-ve-gunes-enerjisi-icin-iklim-tahmin-modelini-baslatti","status":"publish","type":"post","link":"https:\/\/www.enerjigazetesi.ist\/en\/cin-ruzgar-ve-gunes-enerjisi-icin-iklim-tahmin-modelini-baslatti\/","title":{"rendered":"(Turkish) &#8217;\u00c7in&#8217; R\u00fczgar ve G\u00fcne\u015f Enerjisi \u0130\u00e7in \u0130klim Tahmin Modelini Ba\u015flatt\u0131"},"content":{"rendered":"<p class=\"qtranxs-available-languages-message qtranxs-available-languages-message-en\">Sorry, this entry is only available in <a href=\"https:\/\/www.enerjigazetesi.ist\/tr\/wp-json\/wp\/v2\/posts\/169871\" class=\"qtranxs-available-language-link qtranxs-available-language-link-tr\" title=\"Turkish\">Turkish<\/a>. For the sake of viewer convenience, the content is shown below in the alternative language. You may click the link to switch the active language.<\/p><p><\/p>\n<h2>\u00c7in, eyalet yetkililerinin enerji talebini ve arz\u0131n\u0131 tahmin etmesini sa\u011flamak i\u00e7in ulusal bir r\u00fczg\u00e2r ve g\u00fcne\u015f kaynaklar\u0131 iklim tahmin modeli ba\u015flatt\u0131\u011f\u0131n\u0131 a\u00e7\u0131klad\u0131.<\/h2>\n<p>Reuters\u2019\u0131n haberine g\u00f6re, \u00c7in h\u00fck\u00fcmeti eyalet yetkililerinin <strong>enerji talebini<\/strong> ve <strong>arz\u0131n\u0131 tahmin <img loading=\"lazy\" class=\"alignright wp-image-169873\" src=\"https:\/\/www.enerjigazetesi.ist\/wp-content\/uploads\/2023\/02\/cin-ruzgar-ve-gunes-enerjisi-icin-iklim-tahmin-modelini-baslatti.jpg\" alt=\"\" width=\"320\" height=\"180\" srcset=\"https:\/\/www.enerjigazetesi.ist\/wp-content\/uploads\/2023\/02\/cin-ruzgar-ve-gunes-enerjisi-icin-iklim-tahmin-modelini-baslatti.jpg 550w, https:\/\/www.enerjigazetesi.ist\/wp-content\/uploads\/2023\/02\/cin-ruzgar-ve-gunes-enerjisi-icin-iklim-tahmin-modelini-baslatti-300x169.jpg 300w, https:\/\/www.enerjigazetesi.ist\/wp-content\/uploads\/2023\/02\/cin-ruzgar-ve-gunes-enerjisi-icin-iklim-tahmin-modelini-baslatti-500x281.jpg 500w, https:\/\/www.enerjigazetesi.ist\/wp-content\/uploads\/2023\/02\/cin-ruzgar-ve-gunes-enerjisi-icin-iklim-tahmin-modelini-baslatti-80x45.jpg 80w\" sizes=\"(max-width: 320px) 100vw, 320px\" \/>etmesini<\/strong> sa\u011flamak i\u00e7in ulusal bir <strong>r\u00fczg\u00e2r<\/strong> ve <strong>g\u00fcne\u015f kaynaklar\u0131<\/strong> iklim tahmin modeli ba\u015flatt\u0131\u011f\u0131n\u0131 s\u00f6yledi.<\/p>\n<p>H\u00fck\u00fcmet a\u00e7\u0131klamas\u0131nda <strong>r\u00fczg\u00e2r h\u0131z\u0131<\/strong> ve<strong> g\u00fcne\u015f radyasyonu<\/strong> gibi yenilenebilir <strong>enerji arz\u0131ndaki ana de\u011fi\u015fkenler<\/strong> ile <strong>ortalama yerel s\u0131cakl\u0131k<\/strong> gibi talep y\u00f6nl\u00fc veriler hakk\u0131nda <strong>veri<\/strong> ve <strong>grafik tahminler<\/strong> sa\u011flayan modelin \u00f6n\u00fcm\u00fczdeki aylarda<strong> ayl\u0131k olarak yay\u0131nlanaca\u011f\u0131<\/strong> belirtildi.<\/p>\n<p>Reuters\u2019\u0131n belirtti\u011fi \u00fczere, \u00c7in\u2019in elektrik \u015febekesi sistemi, <strong>anormal derecede so\u011fuk<\/strong> veya <strong>s\u0131cak havalarda<\/strong> en y\u00fcksek talep art\u0131\u015flar\u0131n\u0131n yerel g\u00fc\u00e7 kaynaklar\u0131n\u0131 a\u015farak<strong> elektrik kesintilerine yol a\u00e7mas\u0131<\/strong> nedeniyle zorluklarla kar\u015f\u0131 kar\u015f\u0131ya kald\u0131.<\/p>","protected":false},"excerpt":{"rendered":"<p>Sorry, this entry is only available in Turkish. For the sake of viewer convenience, the content is shown below in the alternative language. You may click the link to switch the active language. \u00c7in, eyalet yetkililerinin enerji talebini ve arz\u0131n\u0131 tahmin etmesini sa\u011flamak i\u00e7in ulusal bir r\u00fczg\u00e2r ve g\u00fcne\u015f kaynaklar\u0131 iklim tahmin modeli ba\u015flatt\u0131\u011f\u0131n\u0131 a\u00e7\u0131klad\u0131. [&hellip;]<\/p>\n","protected":false},"author":1,"featured_media":169873,"comment_status":"open","ping_status":"open","sticky":false,"template":"","format":"standard","meta":[],"categories":[53,49,50],"tags":[886,107910,11149],"views":67,"_links":{"self":[{"href":"https:\/\/www.enerjigazetesi.ist\/en\/wp-json\/wp\/v2\/posts\/169871"}],"collection":[{"href":"https:\/\/www.enerjigazetesi.ist\/en\/wp-json\/wp\/v2\/posts"}],"about":[{"href":"https:\/\/www.enerjigazetesi.ist\/en\/wp-json\/wp\/v2\/types\/post"}],"author":[{"embeddable":true,"href":"https:\/\/www.enerjigazetesi.ist\/en\/wp-json\/wp\/v2\/users\/1"}],"replies":[{"embeddable":true,"href":"https:\/\/www.enerjigazetesi.ist\/en\/wp-json\/wp\/v2\/comments?post=169871"}],"version-history":[{"count":0,"href":"https:\/\/www.enerjigazetesi.ist\/en\/wp-json\/wp\/v2\/posts\/169871\/revisions"}],"wp:featuredmedia":[{"embeddable":true,"href":"https:\/\/www.enerjigazetesi.ist\/en\/wp-json\/wp\/v2\/media\/169873"}],"wp:attachment":[{"href":"https:\/\/www.enerjigazetesi.ist\/en\/wp-json\/wp\/v2\/media?parent=169871"}],"wp:term":[{"taxonomy":"category","embeddable":true,"href":"https:\/\/www.enerjigazetesi.ist\/en\/wp-json\/wp\/v2\/categories?post=169871"},{"taxonomy":"post_tag","embeddable":true,"href":"https:\/\/www.enerjigazetesi.ist\/en\/wp-json\/wp\/v2\/tags?post=169871"}],"curies":[{"name":"wp","href":"https:\/\/api.w.org\/{rel}","templated":true}]}}