{"id":169818,"date":"2023-02-24T13:52:40","date_gmt":"2023-02-24T10:52:40","guid":{"rendered":"https:\/\/www.enerjigazetesi.ist\/?p=169818"},"modified":"2023-02-24T13:52:40","modified_gmt":"2023-02-24T10:52:40","slug":"turkiye-elektrik-dagitim-a-s-tedas-genel-mudurlugu-taziye-mesaji","status":"publish","type":"post","link":"https:\/\/www.enerjigazetesi.ist\/en\/turkiye-elektrik-dagitim-a-s-tedas-genel-mudurlugu-taziye-mesaji\/","title":{"rendered":"(Turkish) T\u00fcrkiye Elektrik Da\u011f\u0131t\u0131m A.\u015e (TEDA\u015e) Genel M\u00fcd\u00fcrl\u00fc\u011f\u00fc Taziye Mesaj\u0131"},"content":{"rendered":"<p class=\"qtranxs-available-languages-message qtranxs-available-languages-message-en\">Sorry, this entry is only available in <a href=\"https:\/\/www.enerjigazetesi.ist\/tr\/wp-json\/wp\/v2\/posts\/169818\" class=\"qtranxs-available-language-link qtranxs-available-language-link-tr\" title=\"Turkish\">Turkish<\/a>. For the sake of viewer convenience, the content is shown below in the alternative language. You may click the link to switch the active language.<\/p><p><\/p>\n<h2>T\u00fcrkiye Elektrik Da\u011f\u0131t\u0131m A.\u015e (TEDA\u015e) Genel M\u00fcd\u00fcrl\u00fc\u011f\u00fc,\u00a0Kahramanmara\u015f ve Hatay merkezli depremlerde hayat\u0131n\u0131 kaybeden elektrik da\u011f\u0131t\u0131m \u015firketi \u00e7al\u0131\u015fanlar\u0131 i\u00e7in taziye mesaj\u0131 yay\u0131mlad\u0131.<\/h2>\n<p>Kurumu ve kendisi ad\u0131na \u00e7ok \u00fczg\u00fcn oldu\u011funu ifade eden <strong>TEDA\u015e Genel M\u00fcd\u00fcr\u00fc \u00d6mer Sami YAPICI<\/strong>,<em> &#8220;\u015eahs\u0131m ve kurumum ad\u0131na; ba\u015fta \u00e7al\u0131\u015fanlar\u0131n geride kalan aileleri olmak \u00fczere, sekt\u00f6r\u00fcm\u00fcz\u00fcn \u00e7at\u0131 kurulu\u015fu ELDER, b\u00f6lgede elektrik da\u011f\u0131t\u0131m hizmeti sunan Toroslar EDA\u015e, AKEDA\u015e, <img loading=\"lazy\" class=\"alignright wp-image-169820\" src=\"https:\/\/www.enerjigazetesi.ist\/wp-content\/uploads\/2023\/02\/tedas-ana-statu.jpg\" alt=\"\" width=\"320\" height=\"229\" srcset=\"https:\/\/www.enerjigazetesi.ist\/wp-content\/uploads\/2023\/02\/tedas-ana-statu.jpg 611w, https:\/\/www.enerjigazetesi.ist\/wp-content\/uploads\/2023\/02\/tedas-ana-statu-300x215.jpg 300w, https:\/\/www.enerjigazetesi.ist\/wp-content\/uploads\/2023\/02\/tedas-ana-statu-500x358.jpg 500w, https:\/\/www.enerjigazetesi.ist\/wp-content\/uploads\/2023\/02\/tedas-ana-statu-70x50.jpg 70w\" sizes=\"(max-width: 320px) 100vw, 320px\" \/>F\u0131rat EDA\u015e ve Dicle EDA\u015e ile sekt\u00f6r\u00fcm\u00fcz\u00fcn t\u00fcm payda\u015flar\u0131na ba\u015fsa\u011fl\u0131\u011f\u0131 diliyorum.&#8221; <\/em>dedi.<\/p>\n<p>Kurumdan yap\u0131lan a\u00e7\u0131klamaya g\u00f6re, Kahramanmara\u015f ve Hatay illerinde meydana gelen 11 ilimizde b\u00fcy\u00fck y\u0131k\u0131m ve can kayb\u0131na sebep olan depremlerde, b\u00f6lgede hizmet veren elektrik da\u011f\u0131t\u0131m \u015firketlerinde g\u00f6rev yapan<strong> 31 personel vefat etti.<\/strong> Bu elim felakette, Toroslar EDA\u015e hizmet b\u00f6lgesinde<strong> 20<\/strong>, AKEDA\u015e hizmet b\u00f6lgesinde <strong>6,<\/strong> F\u0131rat EDA\u015e hizmet b\u00f6lgesinde<strong> 4<\/strong>, Dicle EDA\u015e hizmet b\u00f6lgesinde ise <strong>1<\/strong> personel hayat\u0131n\u0131 kaybetti.<\/p>\n<p>Depremin ilk saatlerinden itibaren b\u00f6lgelerdeki \u00e7al\u0131\u015fmalar\u0131, TEDA\u015e Kriz Merkezinden yak\u0131ndan takip eden YAPICI, afet b\u00f6lgesinde hizmet veren elektrik da\u011f\u0131t\u0131m \u015firketlerinde g\u00f6rev yapan 31 personelin hayat\u0131n\u0131 kaybetmesinden dolay\u0131 duydu\u011fu derin \u00fcz\u00fcnt\u00fcy\u00fc dile getirerek, <em>&#8220;Depremin etkiledi\u011fi b\u00f6lgelerde g\u00f6rev yapan elektrik da\u011f\u0131t\u0131m \u015firketlerindeki<strong> 31 \u00e7al\u0131\u015fan\u0131n hayat\u0131n\u0131 kaybetti\u011fini<\/strong>, derin bir \u00fcz\u00fcnt\u00fcyle \u00f6\u011frenmi\u015f bulunuyorum. \u00dclkemizi yasa bo\u011fan felakette, Hatay&#8217;da <strong>18<\/strong>, Kahramanmara\u015f&#8217;ta <strong>2<\/strong>, Ad\u0131yaman&#8217;da <strong>4<\/strong>, Malatya&#8217;da<strong> 4<\/strong>, Diyarbak\u0131r, Adana ve Gaziantep illerinde ise <strong>birer personelin<\/strong> hayat\u0131n\u0131 kaybetmesinden dolay\u0131 tarifsiz bir \u00fcz\u00fcnt\u00fc i\u00e7erisindeyim. \u015eahs\u0131m ve t\u00fcm TEDA\u015e ailesi olarak, hayat\u0131n\u0131 kaybeden <strong>elektrik da\u011f\u0131t\u0131m \u015firketi \u00e7al\u0131\u015fanlar\u0131n\u0131n<\/strong> ac\u0131s\u0131n\u0131 derinden ya\u015f\u0131yoruz. \u015eahs\u0131m ve kurumum ad\u0131na; ba\u015fta \u00e7al\u0131\u015fanlar\u0131n geride kalan aileleri olmak \u00fczere, sekt\u00f6r\u00fcm\u00fcz\u00fcn \u00e7at\u0131 kurulu\u015fu <strong>ELDER,<\/strong> b\u00f6lgede elektrik da\u011f\u0131t\u0131m hizmeti sunan <strong>Toroslar EDA\u015e, AKEDA\u015e, F\u0131rat EDA\u015e ve Dicle EDA\u015e<\/strong> ile sekt\u00f6r\u00fcm\u00fcz\u00fcn t\u00fcm payda\u015flar\u0131na ba\u015fsa\u011fl\u0131\u011f\u0131 diliyorum. Ayr\u0131ca, a\u011f\u0131r yaral\u0131 olarak hastanede tedavi alt\u0131nda bulunan <strong>2 personel<\/strong> ba\u015fta olmak \u00fczere, <strong>t\u00fcm yaral\u0131lar\u0131m\u0131za Allah&#8217;tan acil \u015fifalar diliyorum. <\/strong><\/em><\/p>\n<p><em>Depremin yaratt\u0131\u011f\u0131 tahribat\u0131 gidermek ve milletimizi yeniden aya\u011fa kald\u0131rmak i\u00e7in t\u00fcm payda\u015flar\u0131m\u0131zla dayan\u0131\u015fma i\u00e7erisinde, omuz omuza \u00e7al\u0131\u015fmaya devam edece\u011fiz.<\/em><\/p>\n<p><em>Bu vesileyle bir kez daha depremde <strong>kaybetti\u011fimiz<\/strong> t\u00fcm vatanda\u015flar\u0131m\u0131za <strong>Allah&#8217;tan rahmet<\/strong>, <strong>yaral\u0131lar\u0131m\u0131za acil \u015fifalar<\/strong> diliyorum. Aziz milletimizin ba\u015f\u0131 sa\u011f olsun. Allah, bu t\u00fcr ac\u0131lar\u0131 bir daha ya\u015fatmas\u0131n in\u015fallah.&#8221;<\/em> ifadelerini kulland\u0131.<\/p>","protected":false},"excerpt":{"rendered":"<p>Sorry, this entry is only available in Turkish. For the sake of viewer convenience, the content is shown below in the alternative language. You may click the link to switch the active language. T\u00fcrkiye Elektrik Da\u011f\u0131t\u0131m A.\u015e (TEDA\u015e) Genel M\u00fcd\u00fcrl\u00fc\u011f\u00fc,\u00a0Kahramanmara\u015f ve Hatay merkezli depremlerde hayat\u0131n\u0131 kaybeden elektrik da\u011f\u0131t\u0131m \u015firketi \u00e7al\u0131\u015fanlar\u0131 i\u00e7in taziye mesaj\u0131 yay\u0131mlad\u0131. Kurumu [&hellip;]<\/p>\n","protected":false},"author":1,"featured_media":169820,"comment_status":"open","ping_status":"open","sticky":false,"template":"","format":"standard","meta":[],"categories":[51,53],"tags":[23936,26353,61099,1216,2730],"views":50,"_links":{"self":[{"href":"https:\/\/www.enerjigazetesi.ist\/en\/wp-json\/wp\/v2\/posts\/169818"}],"collection":[{"href":"https:\/\/www.enerjigazetesi.ist\/en\/wp-json\/wp\/v2\/posts"}],"about":[{"href":"https:\/\/www.enerjigazetesi.ist\/en\/wp-json\/wp\/v2\/types\/post"}],"author":[{"embeddable":true,"href":"https:\/\/www.enerjigazetesi.ist\/en\/wp-json\/wp\/v2\/users\/1"}],"replies":[{"embeddable":true,"href":"https:\/\/www.enerjigazetesi.ist\/en\/wp-json\/wp\/v2\/comments?post=169818"}],"version-history":[{"count":0,"href":"https:\/\/www.enerjigazetesi.ist\/en\/wp-json\/wp\/v2\/posts\/169818\/revisions"}],"wp:featuredmedia":[{"embeddable":true,"href":"https:\/\/www.enerjigazetesi.ist\/en\/wp-json\/wp\/v2\/media\/169820"}],"wp:attachment":[{"href":"https:\/\/www.enerjigazetesi.ist\/en\/wp-json\/wp\/v2\/media?parent=169818"}],"wp:term":[{"taxonomy":"category","embeddable":true,"href":"https:\/\/www.enerjigazetesi.ist\/en\/wp-json\/wp\/v2\/categories?post=169818"},{"taxonomy":"post_tag","embeddable":true,"href":"https:\/\/www.enerjigazetesi.ist\/en\/wp-json\/wp\/v2\/tags?post=169818"}],"curies":[{"name":"wp","href":"https:\/\/api.w.org\/{rel}","templated":true}]}}