{"id":169795,"date":"2023-02-24T12:11:56","date_gmt":"2023-02-24T09:11:56","guid":{"rendered":"https:\/\/www.enerjigazetesi.ist\/?p=169795"},"modified":"2023-02-24T12:12:48","modified_gmt":"2023-02-24T09:12:48","slug":"depremlerin-ardindan-sigorta-sektorunde-en-cok-nelerden-sikayet-edildi","status":"publish","type":"post","link":"https:\/\/www.enerjigazetesi.ist\/en\/depremlerin-ardindan-sigorta-sektorunde-en-cok-nelerden-sikayet-edildi\/","title":{"rendered":"(Turkish) Depremlerin Ard\u0131ndan Sigorta Sekt\u00f6r\u00fcnde En \u00c7ok Nelerden \u015eikayet Edildi?"},"content":{"rendered":"<p class=\"qtranxs-available-languages-message qtranxs-available-languages-message-en\">Sorry, this entry is only available in <a href=\"https:\/\/www.enerjigazetesi.ist\/tr\/wp-json\/wp\/v2\/posts\/169795\" class=\"qtranxs-available-language-link qtranxs-available-language-link-tr\" title=\"Turkish\">Turkish<\/a>. For the sake of viewer convenience, the content is shown below in the alternative language. You may click the link to switch the active language.<\/p><p><\/p>\n<h2><strong>Kahramanmara\u015f merkezli meydana gelen ve y\u00fczy\u0131l\u0131n felaketi olarak adland\u0131r\u0131lan depremlerin etkileri devam ederken DASK ve konut sigortas\u0131 en \u00e7ok tart\u0131\u015f\u0131lan konular aras\u0131nda yer ald\u0131. \u015eikayetvar verilerine g\u00f6re \u015eubat ay\u0131nda konut sigortalar\u0131nda \u015fikayetler % 23 artt\u0131. \u015eikayetvar\u2019da DASK sayfas\u0131 son 30 g\u00fcnde 67 bin 531 kez g\u00f6r\u00fcnt\u00fclenirken deprem b\u00f6lgesinde ya\u015fayan vatanda\u015flar ekspertizlerin gelmemesinden ve DASK\u2019a ula\u015famamaktan \u015fikayet etti.<\/strong><\/h2>\n<p>B\u00fcy\u00fck y\u0131k\u0131ma sebep olan Kahramanmara\u015f merkezli depremlerin ard\u0131ndan T\u00fcrkiye yaralar\u0131n\u0131 sarmaya <img loading=\"lazy\" class=\"alignright wp-image-169798\" src=\"https:\/\/www.enerjigazetesi.ist\/wp-content\/uploads\/2023\/02\/depremlerin-ardindan-sigorta-sektorunde-en-cok-nelerden-sikayet-edildi.jpg\" alt=\"\" width=\"320\" height=\"214\" srcset=\"https:\/\/www.enerjigazetesi.ist\/wp-content\/uploads\/2023\/02\/depremlerin-ardindan-sigorta-sektorunde-en-cok-nelerden-sikayet-edildi.jpg 550w, https:\/\/www.enerjigazetesi.ist\/wp-content\/uploads\/2023\/02\/depremlerin-ardindan-sigorta-sektorunde-en-cok-nelerden-sikayet-edildi-300x200.jpg 300w, https:\/\/www.enerjigazetesi.ist\/wp-content\/uploads\/2023\/02\/depremlerin-ardindan-sigorta-sektorunde-en-cok-nelerden-sikayet-edildi-500x334.jpg 500w, https:\/\/www.enerjigazetesi.ist\/wp-content\/uploads\/2023\/02\/depremlerin-ardindan-sigorta-sektorunde-en-cok-nelerden-sikayet-edildi-75x50.jpg 75w, https:\/\/www.enerjigazetesi.ist\/wp-content\/uploads\/2023\/02\/depremlerin-ardindan-sigorta-sektorunde-en-cok-nelerden-sikayet-edildi-450x300.jpg 450w\" sizes=\"(max-width: 320px) 100vw, 320px\" \/>devam ederken vatanda\u015flar\u0131n evlerini ya da ara\u00e7lar\u0131n\u0131 do\u011fal afetlere kar\u015f\u0131 sigortalatmas\u0131yla ilgili konular tekrar g\u00fcndeme geldi. Ya\u015fanan facian\u0131n ard\u0131ndan \u015eikayetvar \u00fczerinden <strong>DASK (Do\u011fal Afet Sigortalar\u0131 Kurumu)<\/strong> hakk\u0131nda ara\u015ft\u0131rma yapmak ve bilgi almak i\u00e7in aralamalarda art\u0131\u015f ya\u015fand\u0131. Ge\u00e7ti\u011fimiz y\u0131l platformda yer alan DASK sayfas\u0131<strong> 11 bin 154 kez<\/strong> g\u00f6r\u00fcnt\u00fclenirken <strong>son 30 g\u00fcnde<\/strong> bu say\u0131 <strong>67 bin 531\u2019e<\/strong> y\u00fckseldi. DASK\u2019\u0131n \u015fikayet konular\u0131 incelendi\u011finde y\u00fczde 63\u2019l\u00fck oranla <strong>\u201ceksik ya da kusurlu hizmet\u201d<\/strong> ilk s\u0131rada yer al\u0131rken vatanda\u015flar\u0131n en \u00e7ok \u015fikayet etti\u011fi di\u011fer konular personel davran\u0131\u015f\u0131 (y\u00fczde 32) ve \u00fcyelik i\u015flemleri (y\u00fczde 26) oldu. \u00d6zellikle deprem b\u00f6lgesinde ya\u015fayan vatanda\u015flar <strong>ekspertizlerin gelmemesinden<\/strong> ve <strong>kuruma ula\u015famamaktan \u015fikayet\u00e7i\u2026<\/strong><\/p>\n<h3><strong>Konut sigortas\u0131 \u015fikayetleri y\u00fczde 23 artt\u0131<\/strong><\/h3>\n<p>\u00c7\u00f6z\u00fcm platformu \u015eikayetvar \u00f6zel konut ve ara\u00e7 sigortalar\u0131yla ilgili verileri de payla\u015ft\u0131. Yap\u0131lan a\u00e7\u0131klamada, konut sigortalar\u0131nda \u015fikayetler ge\u00e7en y\u0131l\u0131n \u015fubat ay\u0131 ile kar\u015f\u0131la\u015ft\u0131r\u0131ld\u0131\u011f\u0131nda y\u00fczde 23 artarken ilgili kategoride 37 bin 180 bireysel kullan\u0131c\u0131 platformu ziyaret etti. \u015eubat ay\u0131nda konut sigortalar\u0131yla ilgili 271 \u015fikayet geldi. Ara\u00e7 sigortalar\u0131yla ilgili belirtilen d\u00f6nemde platforma ula\u015fan \u015fikayet say\u0131s\u0131 405 olurken, 40.898 bireysel kullan\u0131c\u0131 platformda kasko aramas\u0131 yapt\u0131. Firmalar\u0131n s\u00f6zle\u015fme maddelerine uymamas\u0131 \u00f6zel konut sigortalar\u0131yla ilgili en \u00e7ok \u015fikayet konu oldu. Personel davran\u0131\u015f\u0131 ve haks\u0131z tahsilat-iadeyle ilgili ya\u015fanan sorunlar \u015fikayet edilen di\u011fer konular olarak \u00f6ne \u00e7\u0131kt\u0131. \u00d6zel ara\u00e7 sigortalar\u0131yla ilgili vatanda\u015flar\u0131n en \u00e7ok \u015fikayet etti\u011fi konu personel davran\u0131\u015f\u0131 olurken, eksper-rapor, yanl\u0131\u015f ve eksik bilgilendirme, pert, ikame ara\u00e7 dile getirilen di\u011fer sorunlar oldu.<\/p>\n<h3><strong>\u015eikayetvar\u2019a DASK ile ilgili gelen \u015fikayetlerin baz\u0131lar\u0131 \u015f\u00f6yle s\u0131raland\u0131:<\/strong><\/h3>\n<h4><strong>Yo\u011funlu\u011fu anl\u0131yoruz ama sokakta bekleyemeyiz<\/strong><\/h4>\n<p><em>\u201c09.02.2023 tarihinde 125 numaral\u0131 hattan hasar tespiti i\u00e7in dosya olu\u015fturdum. Exper g\u00f6revlendirilmesi yap\u0131lmas\u0131na ra\u011fmen 11 g\u00fcnd\u00fcr gelen giden yok, yo\u011funlu\u011fu anlayabiliyoruz ama bizde her g\u00fcn bina \u00f6n\u00fcnde bekleyemeyiz. E\u015fyalar\u0131m\u0131z\u0131 alam\u0131yoruz bir an \u00f6nce sonu\u00e7lanmas\u0131n\u0131 istiyoruz.\u201d<\/em><\/p>\n<h4><strong>10 g\u00fcnd\u00fcr yetkililere ula\u015fam\u0131yorum<\/strong><\/h4>\n<p><em>\u201cHemen hemen 10 g\u00fcnd\u00fcr 125 m\u00fc\u015fteri hizmetlerini aramama ra\u011fmen taraf\u0131ma d\u00f6n\u00fc\u015f\u00fcm sa\u011flanmamas\u0131n\u0131n \u00fcz\u00fcnt\u00fcs\u00fcn\u00fc ya\u015f\u0131yorum. Deprem felaketinde hasar g\u00f6ren daireye TC kimlik bilgileriyle dosya olu\u015fturdum hen\u00fcz ilgilenen olmad\u0131. Dairem oturulacak durumda de\u011fil. DASK sigorta \u015firketinin kontrole gelmesini \u00fcmit ediyorum. \u015eu an dairemde oturam\u0131yorum maalesef d\u0131\u015far\u0131day\u0131z.\u201d\u00a0<\/em><\/p>\n<h4><strong>Teminat tutar\u0131 y\u00fckseltilmemi\u015f<\/strong><\/h4>\n<p><em>\u201cDASK teminat art\u0131\u015f tutar\u0131n\u0131 y\u00fckseltmemi\u015f. 25 Kas\u0131m 2022 tarihinden itibaren b\u00fct\u00fcn yap\u0131 tiplerinde 640 bin TL olarak uygulanmal\u0131 diyor ama bana 01.01.2023 tarihinde kesilen poli\u00e7ede tutar eski tarife \u00fczerinden hesaplanm\u0131\u015f. 256 bin kusur\u2026 Bu art\u0131\u015f yeni poli\u00e7eye neden yans\u0131t\u0131lmam\u0131\u015f? Ayr\u0131ca 06.02.2023 tarihinde meydana gelen depremden \u00f6t\u00fcr\u00fc hasar dosyas\u0131 a\u00e7t\u0131m. \u00c7oluk \u00e7ocuk hep ba\u015fka yerde. \u0130\u00e7eri giremiyoruz evimize m\u00fcdahale edemiyoruz. Yakla\u015f\u0131k 15 g\u00fcn oldu hala eksper atamas\u0131 yap\u0131lmad\u0131. 125\u2019i aray\u0131nca telefona cevap veren yok. Sigortay\u0131 ar\u0131yoruz. \u201cDASK\u2019\u0131 aray\u0131n\u201d diyorlar. Herkes bir \u015fekilde topu birbirine at\u0131yor ama insanlar\u0131n ma\u011fduriyetini giderme konusunda \u00e7ok yava\u015f ve ilgisizler. Konu konut kredisi vermeye gelince 2 g\u00fcn i\u00e7inde eksper atamas\u0131 yap\u0131l\u0131r hemen. L\u00fctfen art\u0131k \u015fu ma\u011fduriyetimizi giderin.\u201d<\/em><\/p>\n<h4><strong>Sigorta var, acente yok<\/strong><\/h4>\n<p><em>\u201cAntep Islahiye de y\u0131k\u0131lan evimizin DASK&#8217;\u0131 var ama ilgili acente ortada yok. M\u00fc\u015fteri hizmetleri ar\u0131yoruz, ba\u015fka yere y\u00f6nlendiriyor. Adana b\u00f6lgesine y\u00f6nlendiriyor, b\u00f6lge m\u00fcd\u00fcrl\u00fc\u011f\u00fc telefon a\u00e7m\u0131yor. M\u00fc\u015fteri hizmetleri nas\u0131l telefon a\u00e7maz acil d\u00f6n\u00fc\u015f laz\u0131m, yoksa daval\u0131k olaca\u011f\u0131z.\u201d<\/em><\/p>\n<h3><strong>\u00d6zel konut sigortas\u0131yla ilgili \u015eikayetvar\u2019da yer alan \u015fikayetlerinden baz\u0131lar\u0131:\u00a0<\/strong><\/h3>\n<h4><strong>DASK sonucu i\u00e7in bekletiliyorum<\/strong><\/h4>\n<p><em>\u201cAf\u015fin Elbistan b\u00f6lgesinde evim a\u011f\u0131r hasar ald\u0131. Duvarlar\u0131, her taraf\u0131 y\u0131k\u0131ld\u0131. Evimin konut sigortas\u0131 bulunuyor. Sigorta \u015firketini ar\u0131yorum \u2018Evinizin DASK sonucu \u00e7\u0131kmadan dosya a\u00e7amay\u0131z\u2019 diyorlar. Konut sigortamda, \u2018konut yard\u0131m\u0131\u2019 gibi bir\u00e7ok teminat mevcut. Yahu ben bu haklar\u0131mdan faydalanmak istiyorum ama ge\u00e7i\u015ftiriyorlar. Hakk\u0131m\u0131z\u0131 alam\u0131yoruz her tarafa \u015fikayet edece\u011fiz. Gerekirse mahkemeye gidece\u011fiz.\u201d<\/em><\/p>\n<h4><strong>Deprem vurdu bir de siz vurmay\u0131n<\/strong><\/h4>\n<p><em>\u201cPoli\u00e7emde bilgim d\u0131\u015f\u0131nda e\u015fya ve muhteviyata 50 TL teminat bedeli yaz\u0131lm\u0131\u015f. Her \u015feyi yeni 3+1 bir 50 TL yazmaya insan eli varmaz. 748 TL y\u0131ll\u0131k primle toplam\u0131 en az 500 bin TL\u2019yi bulan e\u015fya ve muhteviyata 50 TL bedel yazmak nedir? Ben 248 bin TL zannediyorum detayda i\u015fi garantiye alm\u0131\u015flar. \u0130n\u015fallah bo\u015funa sigorta yapt\u0131rmam\u0131\u015f\u0131md\u0131r. Ayr\u0131ca deprem bina teminat\u0131 75 bin TL yaz\u0131lm\u0131\u015f. 150 m\u00b2 s\u0131f\u0131r daireye yaz\u0131lan teminat bedelleri ak\u0131lla a\u00e7\u0131klanamayacak gibi. Bina a\u011f\u0131r hasarl\u0131. G\u00f6revli dosyay\u0131 a\u00e7arken, eve yakla\u015fmadan \u2018eksperi bekleyin\u2019 dedi. Eksper gelene kadar binlerce art\u00e7\u0131 ve ayr\u0131 depremler oldu. Binalara giri\u015fler yasakland\u0131. Sa\u011flam kalan \u00fc\u00e7 be\u015f par\u00e7a e\u015fya varsa girip bakam\u0131yoruz bile. Deprem vurdu bir de siz vurmay\u0131n. Ev dahil i\u00e7indeki her \u015fey gitti. Evin kalan borcu 100 binin \u00fcst\u00fcnde her \u015feyimizi kaybettik bor\u00e7la ortada b\u0131rakmazs\u0131n\u0131z in\u015fallah.\u201d<\/em><\/p>\n<h4><strong>Poli\u00e7emde olmas\u0131na ra\u011fmen enkaz kald\u0131rma \u00f6demesi yap\u0131lm\u0131yor<\/strong><\/h4>\n<p><em>\u201c\u00d6zel konut sigortam var. Depremde evimde hasar olu\u015ftu. Deprem sebebiyle kendilerine hasar ihbar\u0131 i\u00e7in ula\u015ft\u0131m. Poli\u00e7emde deprem, yang\u0131n, sel, izolasyon, enkaz kald\u0131rma, ikametgah de\u011fi\u015fikli\u011fi gibi bir s\u00fcr\u00fc teminat var. Evimi ta\u015f\u0131y\u0131p enkaz\u0131 kald\u0131r\u0131p tadilat yapt\u0131rmak istiyorum. Poli\u00e7emde ge\u00e7ici ikametgah de\u011fi\u015fikli\u011fi ve enkaz kald\u0131rma i\u00e7in yakla\u015f\u0131k 27 bin TL&#8217;lik teminat olmas\u0131na ra\u011fmen bana bu ba\u015fl\u0131klar i\u00e7in teminat veremediklerini s\u00f6ylediler. Sebebini sordu\u011fum da ise deprem sebebiyle olan ikametgah de\u011fi\u015fikli\u011fi ve enkaz kald\u0131rmay\u0131 kar\u015f\u0131lamad\u0131klar\u0131n\u0131 s\u00f6ylediler. Ama poli\u00e7emde deprem hari\u00e7 demiyor. Bir de dalga ge\u00e7er gibi eviniz yansayd\u0131 ya da su bassayd\u0131 \u00f6derdik diyor. Ben size bug\u00fcnler i\u00e7in para \u00f6dedim 6 y\u0131ld\u0131r. Bug\u00fcn size ihtiyac\u0131m var ama siz dalga ge\u00e7er gibi reddediyorsunuz. Hakk\u0131m sizlere helal etmiyorum.\u201d<\/em><\/p>\n<h4><strong>Depremde yan\u0131m\u0131zda olmayacaksan\u0131z ne zaman olacaks\u0131n\u0131z?<\/strong><\/h4>\n<p><em>\u201cHatay&#8217;da bulunan konut sigortal\u0131 evim i\u00e7in 3 defa kay\u0131t olu\u015fturdum. \u0130lgili ekiplerimiz sizi arayacaklar demelerine ra\u011fmen hala d\u00f6n\u00fc\u015f yapan yok. Yasal s\u00fcrecin mi ge\u00e7melerini bekliyorlar bilmiyorum. B\u00f6yle bir deprem zaman\u0131nda bizim yan\u0131m\u0131zda olmayacaksan\u0131z ne zaman olacaks\u0131n\u0131z, paray\u0131 al\u0131n, sigortay\u0131 yap\u0131n, sonra toz olun.\u201d<\/em><\/p>\n<h4><strong>Ev, e\u015fyalar zaten gitmi\u015f bir de sigorta \u015firketinin haks\u0131zl\u0131\u011f\u0131yla u\u011fra\u015f\u0131yoruz<\/strong><\/h4>\n<p><em>\u201cEvim i\u00e7in konut sigortas\u0131 yapt\u0131rd\u0131m. Bak\u0131n DASK\u2019&#8217;tan bahsetmiyorum, bu \u00f6zel konut sigortas\u0131&#8230; Malatya ilinde ya\u015f\u0131yorum ve depremden zarar g\u00f6rd\u00fcm. Evin duvarlar\u0131 y\u0131k\u0131ld\u0131. Sigorta kapsam\u0131nda Enkaz Kald\u0131rma Klozundan faydalanmak istiyorum. Ancak sigorta \u015firketi deprem hari\u00e7 a\u00e7\u0131klamas\u0131 yapt\u0131. Poli\u00e7eyi ba\u015ftan sona okudum. Deprem ile ilgili bir ayr\u0131m kesinlikle yap\u0131lmam\u0131\u015f, ev, bark, e\u015fyalar zaten gitmi\u015f bir de sigorta \u015firketinin haks\u0131zl\u0131\u011f\u0131 ile u\u011fra\u015f\u0131yoruz.\u201d<\/em><\/p>\n<h3><strong>\u00d6zel ara\u00e7 sigortalar\u0131yla ilgili son d\u00f6nemde \u015eikayetvar\u2019a ula\u015fan baz\u0131 \u015fikayetlerse \u015f\u00f6yle s\u0131raland\u0131: \u00a0<\/strong><\/h3>\n<h4><strong>Biz bu kasko paras\u0131n\u0131 neden \u00f6dedik?<\/strong><\/h4>\n<p><em>\u201c15 g\u00fcn \u00f6nce s\u0131f\u0131r ald\u0131\u011f\u0131m araca kasko yapt\u0131rd\u0131m. Ara\u00e7 deprem b\u00f6lgesindeydi, \u00fcst\u00fcne tu\u011flalar ve pen\u00e7elere d\u00fc\u015ft\u00fc. \u00c7ekici hizmeti vermedikleri i\u00e7in kendi imkanlar\u0131m\u0131zla \u00e7\u0131kard\u0131k. \u0130kame ara\u00e7 da vermediler. Deprem b\u00f6lgesi olmas\u0131 bahanesini sundular. Arac\u0131 Ankara&#8217;ya getirdik. Hemen eksper atand\u0131 haberimiz olmadan arac\u0131 inceledi. Biz maddi ve psikolojik durumumuz bildirip bu araca binmek istemedi\u011fimizi s\u00f6yledik. Ancak hi\u00e7bir \u015fekilde yard\u0131mc\u0131 olmay\u0131p bizi terslediler. Biz bu kasko paras\u0131n\u0131 neden \u00f6dedik? Bug\u00fcn bizim gibi depremzedelerin yan\u0131nda olmayacaklarsa ne zaman olacaklar?\u201d<\/em><\/p>\n<h4><strong>12 g\u00fcnd\u00fcr \u00e7ekici g\u00f6ndermediler<\/strong><\/h4>\n<p><em>\u201cHatay \u0130skenderun\u2019da oturuyorum. Arac\u0131m deprem g\u00fcn\u00fcnden itibaren \u00e7al\u0131\u015fm\u0131yor ve b\u00f6lgede servisler \u00e7al\u0131\u015fmad\u0131\u011f\u0131ndan \u00e7ekici talep edip, Adana&#8217;da en yak\u0131n servise g\u00f6ndermek istedim. 12 g\u00fcnd\u00fcr her g\u00fcn \u00e7ekici gelecek diyorlar, gelmiyor. \u2018Ben bulay\u0131m\u2019 diyorum, kabul etmiyorlar. Bizi \u00e7ok ama \u00e7ok ma\u011fdur ettiler. Deprem b\u00f6lgesinde arac\u0131m\u0131z\u0131 servise \u00e7ekemiyoruz. Sigorta \u015firketinin, gerekli merciler taraf\u0131ndan incelenmesini talep istiyorum.\u201d<\/em><\/p>\n<h4><strong>Sigorta \u015firketi 13000 TL\u2019lik \u00e7ekici hizmetine 1500 TL veriyor<\/strong><\/h4>\n<p><em>\u201cHatay&#8217;da e\u015fim ve 2 \u00e7ocu\u011fumla depreme yakaland\u0131k, evimiz kullan\u0131lamaz hale geldi. Ad\u0131ma kay\u0131tl\u0131 arac\u0131m kaskolu. Arac\u0131m \u00e7al\u0131\u015fm\u0131yor ve kasko hizmeti i\u00e7erisinde olan \u00e7ekici hizmetinden faydalanmak istedi\u011fimde \u2018OHAL ilan edildi \u00e7ekicilere devlet el koydu bu sebeple \u00e7ekici g\u00f6nderemiyoruz. Onun yerine KDV dahil size 1500 TL verebiliriz\u2019 dediler. \u015eu an \u00e7ekici hizmet bedeli olarak benden 13.000 TL istiyorlar. Bu durumda ma\u011fdurum, ya kasko i\u00e7erisindeki \u00e7ekici hizmetinden faydalanmak ya da \u00e7ekici bedeli olan 13.000 TL\u2019nin bana \u00f6denmesini talep ediyorum.\u201d<\/em><\/p>\n<h4><strong>\u00c7ok a\u011fr\u0131ma gitti\u00a0<\/strong><\/h4>\n<p><em>\u201cSa\u011fl\u0131k \u00e7al\u0131\u015fan\u0131y\u0131m. Deprem b\u00f6lgesine giderken arac\u0131m bozuldu ve kasko \u015firketimi arad\u0131m. Bu \u00f6zel durumda bana ikame ara\u00e7 veremeyeceklerini s\u00f6ylediler. Te\u015fekk\u00fcr ederim yard\u0131mlar\u0131 i\u00e7in. Yaz\u0131k \u015fahsen \u00e7ok a\u011fr\u0131ma gitti. Kasko \u015firketinin bu \u00f6zel ve \u00f6nemli durumda bize daha \u00e7ok yard\u0131mc\u0131 olaca\u011f\u0131n\u0131 d\u00fc\u015f\u00fcnm\u00fc\u015ft\u00fcm.\u201d<\/em><\/p>\n<h4><strong>Destek beklerken ald\u0131\u011f\u0131m cevap hayal k\u0131r\u0131kl\u0131\u011f\u0131 ya\u015fatt\u0131<\/strong><\/h4>\n<p><em>\u201cHatay\/Antakya ya\u015f\u0131yorum, depremzedeyim. 7 y\u0131ld\u0131r arac\u0131ma kesintisiz kasko yapt\u0131r\u0131yorum ve hi\u00e7 kullanmad\u0131m. Depremden dolay\u0131 arac\u0131m hasar ald\u0131. Zar zor telefon ile ula\u015fabildim, dakikalarca bekletildim. Deprem b\u00f6lgesi oldu\u011fu i\u00e7in ne \u00e7ekici ne ikame ara\u00e7 veremiyorlar. Mecburen hasarl\u0131 ara\u00e7 ile Adana\u2019ya kadar ailem ile geldim, tekrar arad\u0131m. Verilen cevap kaskom kaza veya ar\u0131za durumunda yedek ara\u00e7 veriyormu\u015f. Deprem hasar\u0131n\u0131 kar\u015f\u0131lam\u0131yormu\u015f. Depremde can\u0131m\u0131z\u0131 kurtard\u0131\u011f\u0131m\u0131za \u015f\u00fckrediyoruz, evimiz her \u015feyimiz gitmi\u015f destek beklerken ald\u0131\u011f\u0131m cevap hayal k\u0131r\u0131kl\u0131\u011f\u0131. Bir daha asla \u00e7al\u0131\u015fmam sizle.\u201d<\/em><\/p>","protected":false},"excerpt":{"rendered":"<p>Sorry, this entry is only available in Turkish. For the sake of viewer convenience, the content is shown below in the alternative language. You may click the link to switch the active language. Kahramanmara\u015f merkezli meydana gelen ve y\u00fczy\u0131l\u0131n felaketi olarak adland\u0131r\u0131lan depremlerin etkileri devam ederken DASK ve konut sigortas\u0131 en \u00e7ok tart\u0131\u015f\u0131lan konular aras\u0131nda [&hellip;]<\/p>\n","protected":false},"author":1,"featured_media":169798,"comment_status":"open","ping_status":"open","sticky":false,"template":"","format":"standard","meta":[],"categories":[53],"tags":[2694,107889,65642,107649,107888,107798],"views":42,"_links":{"self":[{"href":"https:\/\/www.enerjigazetesi.ist\/en\/wp-json\/wp\/v2\/posts\/169795"}],"collection":[{"href":"https:\/\/www.enerjigazetesi.ist\/en\/wp-json\/wp\/v2\/posts"}],"about":[{"href":"https:\/\/www.enerjigazetesi.ist\/en\/wp-json\/wp\/v2\/types\/post"}],"author":[{"embeddable":true,"href":"https:\/\/www.enerjigazetesi.ist\/en\/wp-json\/wp\/v2\/users\/1"}],"replies":[{"embeddable":true,"href":"https:\/\/www.enerjigazetesi.ist\/en\/wp-json\/wp\/v2\/comments?post=169795"}],"version-history":[{"count":1,"href":"https:\/\/www.enerjigazetesi.ist\/en\/wp-json\/wp\/v2\/posts\/169795\/revisions"}],"predecessor-version":[{"id":169796,"href":"https:\/\/www.enerjigazetesi.ist\/en\/wp-json\/wp\/v2\/posts\/169795\/revisions\/169796"}],"wp:featuredmedia":[{"embeddable":true,"href":"https:\/\/www.enerjigazetesi.ist\/en\/wp-json\/wp\/v2\/media\/169798"}],"wp:attachment":[{"href":"https:\/\/www.enerjigazetesi.ist\/en\/wp-json\/wp\/v2\/media?parent=169795"}],"wp:term":[{"taxonomy":"category","embeddable":true,"href":"https:\/\/www.enerjigazetesi.ist\/en\/wp-json\/wp\/v2\/categories?post=169795"},{"taxonomy":"post_tag","embeddable":true,"href":"https:\/\/www.enerjigazetesi.ist\/en\/wp-json\/wp\/v2\/tags?post=169795"}],"curies":[{"name":"wp","href":"https:\/\/api.w.org\/{rel}","templated":true}]}}