{"id":169774,"date":"2023-02-24T10:47:37","date_gmt":"2023-02-24T07:47:37","guid":{"rendered":"https:\/\/www.enerjigazetesi.ist\/?p=169774"},"modified":"2023-02-24T11:15:02","modified_gmt":"2023-02-24T08:15:02","slug":"enerjisa-enerjiden-15-milyar-lira-yatirim","status":"publish","type":"post","link":"https:\/\/www.enerjigazetesi.ist\/en\/enerjisa-enerjiden-15-milyar-lira-yatirim\/","title":{"rendered":"(Turkish) Enerjisa Enerji\u2019den 15 Milyar Lira Yat\u0131r\u0131m"},"content":{"rendered":"<p class=\"qtranxs-available-languages-message qtranxs-available-languages-message-en\">Sorry, this entry is only available in <a href=\"https:\/\/www.enerjigazetesi.ist\/tr\/wp-json\/wp\/v2\/posts\/169774\" class=\"qtranxs-available-language-link qtranxs-available-language-link-tr\" title=\"Turkish\">Turkish<\/a>. For the sake of viewer convenience, the content is shown below in the alternative language. You may click the link to switch the active language.<\/p><p><\/p>\n<h2>Enerjisa Enerji, depremin ya\u015fand\u0131\u011f\u0131 ilk g\u00fcnden itibaren b\u00fcy\u00fck bir hasar alan elektrik \u015febekesinin yeniden enerjilendirilmesi ve b\u00f6lge halk\u0131n\u0131n ihtiya\u00e7lar\u0131n\u0131n giderilmesi ad\u0131na b\u00f6lgeye yap\u0131lacak ilave yat\u0131r\u0131mlar\u0131n haricinde, 370 milyon liral\u0131k bir kaynak ay\u0131rd\u0131. Bu kayna\u011f\u0131n \u00f6n\u00fcm\u00fczdeki \u00fc\u00e7 ayl\u0131k s\u00fcre\u00e7te yakla\u015f\u0131k 1 Milyar lira d\u00fczeyine \u00e7\u0131kmas\u0131 \u00f6ng\u00f6r\u00fcl\u00fcyor.<\/h2>\n<p>T\u00fcrkiye\u2019nin enerji d\u00f6n\u00fc\u015f\u00fcm\u00fcne \u00f6nc\u00fcl\u00fck eden da\u011f\u0131t\u0131m, perakende sat\u0131\u015f ve m\u00fc\u015fteri \u00e7\u00f6z\u00fcmleri \u015firketi<img loading=\"lazy\" class=\"alignright wp-image-169776\" src=\"https:\/\/www.enerjigazetesi.ist\/wp-content\/uploads\/2023\/02\/1677220988_Deprem_Sonras___Sokak_Ayd__nlatmas__.jpg\" alt=\"\" width=\"270\" height=\"297\" srcset=\"https:\/\/www.enerjigazetesi.ist\/wp-content\/uploads\/2023\/02\/1677220988_Deprem_Sonras___Sokak_Ayd__nlatmas__.jpg 437w, https:\/\/www.enerjigazetesi.ist\/wp-content\/uploads\/2023\/02\/1677220988_Deprem_Sonras___Sokak_Ayd__nlatmas__-273x300.jpg 273w, https:\/\/www.enerjigazetesi.ist\/wp-content\/uploads\/2023\/02\/1677220988_Deprem_Sonras___Sokak_Ayd__nlatmas__-364x400.jpg 364w, https:\/\/www.enerjigazetesi.ist\/wp-content\/uploads\/2023\/02\/1677220988_Deprem_Sonras___Sokak_Ayd__nlatmas__-46x50.jpg 46w\" sizes=\"(max-width: 270px) 100vw, 270px\" \/> Enerjisa Enerji, bir\u00e7ok ili etkileyen depremin ard\u0131ndan<strong> ya\u015fanan elektrik sorunlar\u0131n\u0131 gidermek<\/strong> i\u00e7in h\u0131z kesmeden \u00e7al\u0131\u015fmalar\u0131na devam ediyor. \u0130lk etapta, k\u0131sa s\u00fcre i\u00e7inde b\u00f6lgeye enerji sa\u011flayan Enerjisa Enerji, art arda ya\u015fanan depremlerin yaratt\u0131\u011f\u0131 sorunlar sonras\u0131nda depremden etkilenen be\u015f \u015fehirden d\u00f6rd\u00fcnde normal faaliyetlerine ba\u015flad\u0131.<\/p>\n<p><strong>Adana, Gaziantep, Kilis ve Osmaniye<\/strong> illerinde <strong>da\u011f\u0131t\u0131m \u015febekeleri<\/strong> ve jenerat\u00f6rler arac\u0131l\u0131\u011f\u0131yla enerji arz\u0131 yeniden d\u00fczenlenerek <strong>normale ge\u00e7i\u015f sa\u011fland\u0131<\/strong>. <strong>Hatay&#8217;da<\/strong> ise <strong>hastaneler, havaliman\u0131, \u00e7ad\u0131r kentler, baz istasyonlar\u0131, cadde<\/strong> ve <strong>sokak ayd\u0131nlatmalar\u0131<\/strong> gibi t\u00fcm kritik noktalara elektrik verildi.<\/p>\n<h3><strong>Enerjisa Enerji \u00e7al\u0131\u015fanlar\u0131 ve aileleri afetten ciddi \u015fekilde etkilendi<\/strong><\/h3>\n<p>Deprem felaketinin etkiledi\u011fi <strong>11<\/strong> \u015fehirden<strong> be\u015fi Enerjisa Enerji Da\u011f\u0131t\u0131m \u015eirketlerinden Toroslar EDA\u015e ve perakende sat\u0131\u015f \u015firketinin<\/strong> faaliyet b\u00f6lgesinde yer al\u0131yor.\u00a06 \u015eubat ve sonras\u0131nda ya\u015fanan depremlerden <strong>Toroslar\u00a0b\u00f6lgesinde<\/strong>\u00a0g\u00f6rev yapan<strong>\u00a04\u00a0bin\u00a0507<\/strong>\u00a0Enerjisa Enerji \u00e7al\u0131\u015fan\u0131 ve aileleri ciddi \u015fekilde etkilendi.\u00a0<strong>31 \u00e7al\u0131\u015fan<\/strong> enkaz alt\u0131ndan kurtar\u0131ld\u0131, <strong>69<\/strong> \u00e7al\u0131\u015fan birinci dereceden yak\u0131n\u0131n\u0131 kaybederken, <strong>429 \u00e7al\u0131\u015fan\u0131n<\/strong> ise evleri y\u0131k\u0131ld\u0131 ya da a\u011f\u0131r hasar ald\u0131.<\/p>\n<p>B\u00f6lgede\u00a0hayat\u0131n\u0131 kaybeden 15 \u00e7al\u0131\u015fan\u0131 olan\u00a0Enerjisa Enerji, bu kay\u0131plar\u0131n \u00fcz\u00fcnt\u00fcs\u00fcyle birlikte sahada b\u00f6lge \u00e7al\u0131\u015fanlar\u0131n\u0131n, kendi b\u00fcnyesinde bulunan <strong>Ba\u015fkent EDA\u015e, Ayeda\u015f<\/strong> ve <strong>di\u011fer da\u011f\u0131t\u0131m b\u00f6lgelerinden gelen \u00e7al\u0131\u015fanlar\u0131n<\/strong> olu\u015fturdu\u011fu toplamda <strong>3 bin 147 ki\u015filik<\/strong> bir ekip sahada \u00e7al\u0131\u015fmaya devam ediyor.\u00a0Sahada<strong> 3 bin 282<\/strong> donan\u0131ml\u0131 ara\u00e7l\u0131 \u00e7al\u0131\u015fanlar ilave<strong> 2 bin 472<\/strong> jenerat\u00f6r\u00fc de kritik yerlere yerle\u015ftirdiler. Bununla birlikte, m\u00fc\u015fteri hizmetlerinin de aksamamas\u0131 i\u00e7in\u00a0afet b\u00f6lgesinde yer alan<strong> 12<\/strong> Enerjisa M\u00fc\u015fteri Hizmet Merkezi\u2019nin <strong>sekizi<\/strong>, <strong>34<\/strong> Enerjisa \u0130\u015flem Merkezi\u2019nin de<strong> 27\u2019si<\/strong> a\u00e7\u0131larak <strong>hizmet vermeye devam ediyor<\/strong>. Ya\u015fanan t\u00fcm zorluklara ra\u011fmen Enerjisa Enerji y\u00f6netim ekipleri, <strong>Ayeda\u015f<\/strong> ve <strong>Ba\u015fkent merkez ofis \u00e7al\u0131\u015fanlar\u0131<\/strong> dahil olmak \u00fczere \u015firketteki herkes b\u00f6lgenin aya\u011fa kald\u0131r\u0131lmas\u0131 i\u00e7in canla ba\u015fla sahada \u00e7al\u0131\u015fmalar\u0131n\u0131 s\u00fcrd\u00fcr\u00fcyor.<\/p>\n<p>Afette evlerini kaybeden \u00e7al\u0131\u015fanlar\u0131 ve aileleri i\u00e7in <strong>ge\u00e7ici konaklama<\/strong> ve <strong>s\u0131cak yemek ihtiyac\u0131 da<\/strong> Toroslar b\u00f6lgesindeki \u015firket tesislerinde sa\u011flanm\u0131\u015f durumda. Enerjisa\u2019n\u0131n kurdu\u011fu<strong> konteyner<\/strong> ve<strong> \u00e7ad\u0131r yerle\u015fkelerinde<\/strong> toplam<strong> 660 ki\u015fi<\/strong> konakl\u0131yor.<\/p>\n<h3><strong>15 milyar liral\u0131k yat\u0131r\u0131m planlan\u0131yor<\/strong><\/h3>\n<h3><strong><img loading=\"lazy\" class=\"alignleft wp-image-169779\" src=\"https:\/\/www.enerjigazetesi.ist\/wp-content\/uploads\/2023\/02\/1677220985_Enerjisa_Enerji_CEO_su_Murat_P__nar.jpg\" alt=\"\" width=\"270\" height=\"289\" srcset=\"https:\/\/www.enerjigazetesi.ist\/wp-content\/uploads\/2023\/02\/1677220985_Enerjisa_Enerji_CEO_su_Murat_P__nar.jpg 448w, https:\/\/www.enerjigazetesi.ist\/wp-content\/uploads\/2023\/02\/1677220985_Enerjisa_Enerji_CEO_su_Murat_P__nar-280x300.jpg 280w, https:\/\/www.enerjigazetesi.ist\/wp-content\/uploads\/2023\/02\/1677220985_Enerjisa_Enerji_CEO_su_Murat_P__nar-373x400.jpg 373w, https:\/\/www.enerjigazetesi.ist\/wp-content\/uploads\/2023\/02\/1677220985_Enerjisa_Enerji_CEO_su_Murat_P__nar-47x50.jpg 47w\" sizes=\"(max-width: 270px) 100vw, 270px\" \/><\/strong><\/h3>\n<p>Depremin yaralar\u0131n\u0131 sarmak i\u00e7in yat\u0131r\u0131mlara h\u0131z vereceklerini belirten Enerjisa Enerji CEO\u2019su Murat P\u0131nar, <em>\u201cBu topraklardan ald\u0131\u011f\u0131n\u0131 bu topraklara geri verme k\u00fclt\u00fcr\u00fcn\u00fc benimseyen bir \u015firket olarak, depremin ya\u015fand\u0131\u011f\u0131 ilk g\u00fcnden itibaren\u00a0b\u00fcy\u00fck bir hasar alan elektrik \u015febekesinin yeniden enerjilendirilmesi ve b\u00f6lge halk\u0131n\u0131n ihtiya\u00e7lar\u0131n\u0131n giderilmesi ad\u0131na <strong>ilave<\/strong> <strong>370 milyon liral\u0131k\u00a0<\/strong>bir kaynak ay\u0131rd\u0131k. Bundan sonra da\u00a0elektrik \u015febekesinin ve b\u00f6lge insanlar\u0131n\u0131n yeniden toparlanmas\u0131 i\u00e7in destek olmay\u0131 hedefliyoruz. Bunun i\u00e7in, <strong>2023 y\u0131l\u0131nda yat\u0131r\u0131mlar\u0131m\u0131z\u0131<\/strong> ge\u00e7en y\u0131la g\u00f6re <strong>\u00fc\u00e7 kat\u0131na<\/strong> \u00e7\u0131kararak<strong> 15 milyar liraya<\/strong> y\u00fckseltiyoruz. Bu yat\u0131r\u0131m\u0131n b\u00fcy\u00fck b\u00f6l\u00fcm\u00fcn\u00fc depremden etkilenen Toroslar b\u00f6lgesine <strong>\u015febeke modernizasyonu, teknoloji<\/strong> ve <strong>ak\u0131ll\u0131 \u015febeke uygulamalar\u0131yla<\/strong> aktaraca\u011f\u0131z.\u201d\u00a0<\/em>dedi. B\u00f6lgenin \u00fclke ekonomisine katk\u0131s\u0131n\u0131n da alt\u0131n\u0131 \u00e7izen Murat P\u0131nar, Toroslar b\u00f6lgesine hizmet ederken \u00f6nemli bir istihdam da sa\u011flad\u0131klar\u0131n\u0131; b\u00f6lgedeki insan kayna\u011f\u0131na da yat\u0131r\u0131m yapmak \u00fczere, sadece <strong>konaklama yard\u0131mlar\u0131<\/strong> de\u011fil,<strong> nitelikli teknik e\u011fitim merkezleri<\/strong> ve<strong> yeni enerji teknolojileri<\/strong> alanlar\u0131nda <strong>yeni i\u015f alanlar\u0131 yaratacaklar\u0131n\u0131 da<\/strong> belirtti.<\/p>","protected":false},"excerpt":{"rendered":"<p>Sorry, this entry is only available in Turkish. For the sake of viewer convenience, the content is shown below in the alternative language. You may click the link to switch the active language. Enerjisa Enerji, depremin ya\u015fand\u0131\u011f\u0131 ilk g\u00fcnden itibaren b\u00fcy\u00fck bir hasar alan elektrik \u015febekesinin yeniden enerjilendirilmesi ve b\u00f6lge halk\u0131n\u0131n ihtiya\u00e7lar\u0131n\u0131n giderilmesi ad\u0131na b\u00f6lgeye [&hellip;]<\/p>\n","protected":false},"author":1,"featured_media":169777,"comment_status":"open","ping_status":"open","sticky":false,"template":"","format":"standard","meta":[],"categories":[51,53],"tags":[2320,19261,42162,37825,107879],"views":56,"_links":{"self":[{"href":"https:\/\/www.enerjigazetesi.ist\/en\/wp-json\/wp\/v2\/posts\/169774"}],"collection":[{"href":"https:\/\/www.enerjigazetesi.ist\/en\/wp-json\/wp\/v2\/posts"}],"about":[{"href":"https:\/\/www.enerjigazetesi.ist\/en\/wp-json\/wp\/v2\/types\/post"}],"author":[{"embeddable":true,"href":"https:\/\/www.enerjigazetesi.ist\/en\/wp-json\/wp\/v2\/users\/1"}],"replies":[{"embeddable":true,"href":"https:\/\/www.enerjigazetesi.ist\/en\/wp-json\/wp\/v2\/comments?post=169774"}],"version-history":[{"count":0,"href":"https:\/\/www.enerjigazetesi.ist\/en\/wp-json\/wp\/v2\/posts\/169774\/revisions"}],"wp:featuredmedia":[{"embeddable":true,"href":"https:\/\/www.enerjigazetesi.ist\/en\/wp-json\/wp\/v2\/media\/169777"}],"wp:attachment":[{"href":"https:\/\/www.enerjigazetesi.ist\/en\/wp-json\/wp\/v2\/media?parent=169774"}],"wp:term":[{"taxonomy":"category","embeddable":true,"href":"https:\/\/www.enerjigazetesi.ist\/en\/wp-json\/wp\/v2\/categories?post=169774"},{"taxonomy":"post_tag","embeddable":true,"href":"https:\/\/www.enerjigazetesi.ist\/en\/wp-json\/wp\/v2\/tags?post=169774"}],"curies":[{"name":"wp","href":"https:\/\/api.w.org\/{rel}","templated":true}]}}