{"id":169660,"date":"2023-02-22T12:27:56","date_gmt":"2023-02-22T09:27:56","guid":{"rendered":"https:\/\/www.enerjigazetesi.ist\/?p=169660"},"modified":"2023-02-22T12:30:15","modified_gmt":"2023-02-22T09:30:15","slug":"teskonsodex-ege-bolgesinin-ihracat-rakamlarina-buyuk-katki-sagliyor","status":"publish","type":"post","link":"https:\/\/www.enerjigazetesi.ist\/en\/teskonsodex-ege-bolgesinin-ihracat-rakamlarina-buyuk-katki-sagliyor\/","title":{"rendered":"(Turkish) teskon+SODEX&#8217;den Ege B\u00f6lgesi\u2019nin \u0130hracat Rakamlar\u0131na B\u00fcy\u00fck Katk\u0131"},"content":{"rendered":"<p class=\"qtranxs-available-languages-message qtranxs-available-languages-message-en\">Sorry, this entry is only available in <a href=\"https:\/\/www.enerjigazetesi.ist\/tr\/wp-json\/wp\/v2\/posts\/169660\" class=\"qtranxs-available-language-link qtranxs-available-language-link-tr\" title=\"Turkish\">Turkish<\/a>. For the sake of viewer convenience, the content is shown below in the alternative language. You may click the link to switch the active language.<\/p><p><\/p>\n<h2><strong>T\u00fcrkiye iklimlendirme sekt\u00f6r\u00fcn\u00fcn en \u00f6nemli oyuncular\u0131n\u0131 ve akademisyenleri iki y\u0131lda bir \u0130zmir\u2019de bulu\u015fturan teskon+SODEX\u2019e organize edildi\u011fi her y\u0131l Ege B\u00f6lgesi sekt\u00f6r temsilcileri b\u00fcy\u00fck ilgi g\u00f6steriyor. 26-29 Nisan 2023 tarihleri aras\u0131nda Ulusal Tesisat M\u00fchendisli\u011fi Kongresi (TESKON) ile e\u015f zamanl\u0131 olarak d\u00fczenlenecek sekt\u00f6r\u00fcn b\u00f6lgedeki en \u00f6nemli fuar\u0131n\u0131n bu y\u0131l da b\u00f6lgede \u00fcretim ger\u00e7ekle\u015ftiren firmalar\u0131n yan\u0131 s\u0131ra m\u00fchendis, akademisyen ve teknisyenlerin yo\u011fun ilgisiyle ger\u00e7ekle\u015fmesi bekleniyor. Fuar, d\u00fczenlendi\u011fi y\u0131llarda Ege B\u00f6lgesi\u2019nin y\u0131ll\u0131k 1 milyar\u0131 a\u015fan iklimlendirme ihracat\u0131 rakam\u0131na b\u00fcy\u00fck bir katk\u0131 sunmas\u0131yla da \u00f6ne \u00e7\u0131k\u0131yor.<\/strong><\/h2>\n<p>Ege B\u00f6lgesi\u2019nin en g\u00fc\u00e7l\u00fc fuarlar\u0131ndan olan ve 12 y\u0131ld\u0131r organize edildi\u011fi her y\u0131l <strong>firmalar\u0131n, sekt\u00f6r temsilcilerinin, akademisyenlerin, m\u00fchendislerin ve teknisyenlerin<\/strong> yo\u011fun ilgi g\u00f6sterdi\u011fi <strong><img loading=\"lazy\" class=\"alignright wp-image-169663\" src=\"https:\/\/www.enerjigazetesi.ist\/wp-content\/uploads\/2023\/02\/teskonSodex_3.jpg\" alt=\"\" width=\"320\" height=\"238\" srcset=\"https:\/\/www.enerjigazetesi.ist\/wp-content\/uploads\/2023\/02\/teskonSodex_3.jpg 550w, https:\/\/www.enerjigazetesi.ist\/wp-content\/uploads\/2023\/02\/teskonSodex_3-300x223.jpg 300w, https:\/\/www.enerjigazetesi.ist\/wp-content\/uploads\/2023\/02\/teskonSodex_3-500x372.jpg 500w, https:\/\/www.enerjigazetesi.ist\/wp-content\/uploads\/2023\/02\/teskonSodex_3-67x50.jpg 67w\" sizes=\"(max-width: 320px) 100vw, 320px\" \/>teskon+SODEX- Is\u0131tma, So\u011futma, Klima, Havaland\u0131rma, Yal\u0131t\u0131m, Pompa, Vana Fuar\u0131<\/strong> i\u00e7in haz\u0131rl\u0131klar devam ederken fuarda bu y\u0131l 7 binden fazla ziyaret\u00e7inin a\u011f\u0131rlanmas\u0131 planlan\u0131yor. \u0130klimlendirme sekt\u00f6r\u00fcn\u00fcn en \u00f6nemli bulu\u015fma noktalar\u0131ndan biri olan fuar\u0131n bu y\u0131l da ulusal ve uluslararas\u0131 ziyaret\u00e7ilerinin yan\u0131 s\u0131ra \u00f6zellikle <strong>\u0130zmir, Manisa, Denizli ve Ayd\u0131n<\/strong> gibi Ege B\u00f6lgesi\u2019nin g\u00fc\u00e7l\u00fc sanayi \u015fehirlerine ev sahipli\u011fi yapmas\u0131 hedefleniyor. Ayr\u0131ca fuarda e\u015f zamanl\u0131 olarak <strong>Ulusal Tesisat M\u00fchendisli\u011fi Kongresi\u2019nin (TESKON)<\/strong> d\u00fczenlenmesi sebebiyle t\u00fcm T\u00fcrkiye\u2019den m\u00fchendisler, akademisyenler, teknisyenler ve \u00f6\u011frenciler <strong>\u0130zmir Tepekule Kongre ve Sergi Merkezi<\/strong>\u2019nde ger\u00e7ekle\u015fecek fuar\u0131 merakla bekliyor.<\/p>\n<h3><strong>teskon+SODEX yo\u011fun ilgi g\u00f6r\u00fcyor <\/strong><\/h3>\n<p>Bug\u00fcne kadar organize edildi\u011fi 12 y\u0131lda 45.000\u2019den fazla ziyaret\u00e7i ve 1.000\u2019in \u00fczerinde kat\u0131l\u0131mc\u0131 a\u011f\u0131rlayan teskon+SODEX Fuar\u0131\u2019n\u0131n 2023 organizasyonunda 100 kat\u0131l\u0131mc\u0131 firma ve 7 binin \u00fczerinde ziyaret\u00e7iye ev sahipli\u011fi yapmas\u0131 planlan\u0131yor. Fuar hem son y\u0131llarda yerli ve yabanc\u0131 firmalar\u0131n \u00fcretim tesislerini kayd\u0131rd\u0131\u011f\u0131 hem de geli\u015fmi\u015f liman, lojistik altyap\u0131 ve d\u0131\u015f ticaret odakl\u0131 i\u015f ortam\u0131na sahip bir b\u00f6lgede olmas\u0131 ile b\u00fcy\u00fck bir avantaj sunuyor. Ege B\u00f6lgesi\u2019nin ihracat rakamlar\u0131na b\u00fcy\u00fck bir katk\u0131 sunan fuara, b\u00f6lgede \u00fcretim yapan ve iklimlendirme sekt\u00f6r\u00fcnde faaliyetlerini s\u00fcrd\u00fcren firmalar bu y\u0131l da kat\u0131lmak i\u00e7in yo\u011fun ilgi g\u00f6steriyor. TMMOB Makine M\u00fchendisleri Odas\u0131 \u0130zmir \u015eubesi \u00f6nc\u00fcl\u00fc\u011f\u00fcnde fuarla e\u015f zamanl\u0131 olarak organize edilen; her d\u00f6nem belirlenen kongre temalar\u0131 ile \u00e7e\u015fitli disiplinlerde teorik, uygulamal\u0131 bilimsel ve teknolojik bilgilerin, konferanslar arac\u0131l\u0131\u011f\u0131yla ziyaret\u00e7i ve kat\u0131l\u0131mc\u0131larla payla\u015f\u0131ld\u0131\u011f\u0131 Ulusal Tesisat M\u00fchendisli\u011fi Kongresi\u2019nin bu y\u0131lki ana temas\u0131 ise \u201cMekanik Tesisatta D\u00f6n\u00fc\u015f\u00fcm\u201d olacak. Kongreye fuar\u0131n d\u00fczenlendi\u011fi her y\u0131l b\u00f6lgede ya\u015fayan akademisyenler, sekt\u00f6r profesyonelleri ve kariyer hedefini iklimlendirme sekt\u00f6r\u00fc do\u011frultusunda \u00e7izen \u00f6\u011frencilerle birlikte firmalar ve m\u00fchendisler yo\u011fun ilgi g\u00f6steriyor.<\/p>\n<h3><strong>Sekt\u00f6r temsilcileri teskon+SODEX\u2019ten memnun <\/strong><\/h3>\n<p>T\u00fcrkiye iklimlendirme sekt\u00f6r\u00fcn\u00fcn en \u00f6nemli bulu\u015fma noktalar\u0131ndan biri olan teskon+SODEX iki y\u0131lda bir yo\u011fun bir kat\u0131l\u0131mla ger\u00e7ekle\u015firken kat\u0131l\u0131mc\u0131 firma temsilcileri de her fuar sonras\u0131nda olumlu geri bildirimlerde bulunuyor. \u0130malat\u00e7\u0131, projeci, tasar\u0131mc\u0131, uygulamac\u0131 gibi sekt\u00f6rdeki b\u00fct\u00fcn oyunculara ev sahipli\u011fi yapan fuara kat\u0131lan firmalar\u0131n y\u00fczde 88&#8217;i, ziyaret\u00e7ilerin ise y\u00fczde 95&#8217;i teskon+SODEX&#8217;ten memnun ayr\u0131ld\u0131klar\u0131n\u0131 bildiriyor. Fuar sonras\u0131 yay\u0131nlanan rapora g\u00f6re kat\u0131l\u0131mc\u0131lar\u0131n y\u00fczde 70&#8217;i yeni i\u015f ba\u011flant\u0131lar\u0131ndan memnun kald\u0131\u011f\u0131n\u0131 bildirirken, ziyaret\u00e7ilerin y\u00fczde 96&#8217;s\u0131 ise sonraki y\u0131llarda da teskon+SODEX&#8217;i ziyaret edeceklerini belirtiyor.<\/p>","protected":false},"excerpt":{"rendered":"<p>Sorry, this entry is only available in Turkish. For the sake of viewer convenience, the content is shown below in the alternative language. You may click the link to switch the active language. T\u00fcrkiye iklimlendirme sekt\u00f6r\u00fcn\u00fcn en \u00f6nemli oyuncular\u0131n\u0131 ve akademisyenleri iki y\u0131lda bir \u0130zmir\u2019de bulu\u015fturan teskon+SODEX\u2019e organize edildi\u011fi her y\u0131l Ege B\u00f6lgesi sekt\u00f6r temsilcileri [&hellip;]<\/p>\n","protected":false},"author":1,"featured_media":169662,"comment_status":"open","ping_status":"open","sticky":false,"template":"","format":"standard","meta":[],"categories":[53],"tags":[961,18516,3172,76929,796,3044,16583,49787,15467,128],"views":35,"_links":{"self":[{"href":"https:\/\/www.enerjigazetesi.ist\/en\/wp-json\/wp\/v2\/posts\/169660"}],"collection":[{"href":"https:\/\/www.enerjigazetesi.ist\/en\/wp-json\/wp\/v2\/posts"}],"about":[{"href":"https:\/\/www.enerjigazetesi.ist\/en\/wp-json\/wp\/v2\/types\/post"}],"author":[{"embeddable":true,"href":"https:\/\/www.enerjigazetesi.ist\/en\/wp-json\/wp\/v2\/users\/1"}],"replies":[{"embeddable":true,"href":"https:\/\/www.enerjigazetesi.ist\/en\/wp-json\/wp\/v2\/comments?post=169660"}],"version-history":[{"count":0,"href":"https:\/\/www.enerjigazetesi.ist\/en\/wp-json\/wp\/v2\/posts\/169660\/revisions"}],"wp:featuredmedia":[{"embeddable":true,"href":"https:\/\/www.enerjigazetesi.ist\/en\/wp-json\/wp\/v2\/media\/169662"}],"wp:attachment":[{"href":"https:\/\/www.enerjigazetesi.ist\/en\/wp-json\/wp\/v2\/media?parent=169660"}],"wp:term":[{"taxonomy":"category","embeddable":true,"href":"https:\/\/www.enerjigazetesi.ist\/en\/wp-json\/wp\/v2\/categories?post=169660"},{"taxonomy":"post_tag","embeddable":true,"href":"https:\/\/www.enerjigazetesi.ist\/en\/wp-json\/wp\/v2\/tags?post=169660"}],"curies":[{"name":"wp","href":"https:\/\/api.w.org\/{rel}","templated":true}]}}