{"id":169620,"date":"2023-02-22T10:00:40","date_gmt":"2023-02-22T07:00:40","guid":{"rendered":"https:\/\/www.enerjigazetesi.ist\/?p=169620"},"modified":"2023-02-22T10:05:35","modified_gmt":"2023-02-22T07:05:35","slug":"socar-turkiye-ceosu-zaur-gahramanova-socar-bas-ofiste-yeni-gorev","status":"publish","type":"post","link":"https:\/\/www.enerjigazetesi.ist\/en\/socar-turkiye-ceosu-zaur-gahramanova-socar-bas-ofiste-yeni-gorev\/","title":{"rendered":"(Turkish) SOCAR T\u00fcrkiye CEO\u2019su Zaur Gahramanov&#8217;a SOCAR Ba\u015f Ofiste Yeni G\u00f6rev"},"content":{"rendered":"<p class=\"qtranxs-available-languages-message qtranxs-available-languages-message-en\">Sorry, this entry is only available in <a href=\"https:\/\/www.enerjigazetesi.ist\/tr\/wp-json\/wp\/v2\/posts\/169620\" class=\"qtranxs-available-language-link qtranxs-available-language-link-tr\" title=\"Turkish\">Turkish<\/a>. For the sake of viewer convenience, the content is shown below in the alternative language. You may click the link to switch the active language.<\/p><p><\/p>\n<h2><strong>SOCAR T\u00fcrkiye CEO\u2019lu\u011fu g\u00f6revinden ayr\u0131lan Zaur Gahramanov, g\u00f6revine SOCAR\u2019\u0131n Bak\u00fc\u2019deki merkezinde devam edecek.<\/strong><\/h2>\n<p>T\u00fcrkiye\u2019nin en b\u00fcy\u00fck d\u0131\u015f yat\u0131r\u0131mc\u0131s\u0131 SOCAR T\u00fcrkiye\u2019nin CEO\u2019su Zaur Gahramanov, yakla\u015f\u0131k 7 y\u0131ld\u0131r s\u00fcrd\u00fcrd\u00fc\u011f\u00fc g\u00f6revinden ayr\u0131larak<strong> SOCAR Ba\u015f ofiste<\/strong> yeni g\u00f6reve atand\u0131. 15 y\u0131ld\u0131r SOCAR b\u00fcnyesinde Azerbaycan, \u0130svi\u00e7re ve son olarak T\u00fcrkiye\u2019de \u00e7e\u015fitli \u00fcst d\u00fczey pozisyonlarda \u00e7al\u0131\u015fan Gahramanov, <strong>SOCAR Ba\u015fkan\u0131 Dan\u0131\u015fman\u0131<\/strong> olarak g\u00f6rev yapacak.<\/p>\n<p><img loading=\"lazy\" class=\"alignright wp-image-169624\" src=\"https:\/\/www.enerjigazetesi.ist\/wp-content\/uploads\/2023\/02\/socar-turkiye-ceosu-zaur-gahramanova-socar-bas-ofiste-yeni-gorev.jpg\" alt=\"\" width=\"320\" height=\"320\" srcset=\"https:\/\/www.enerjigazetesi.ist\/wp-content\/uploads\/2023\/02\/socar-turkiye-ceosu-zaur-gahramanova-socar-bas-ofiste-yeni-gorev.jpg 500w, https:\/\/www.enerjigazetesi.ist\/wp-content\/uploads\/2023\/02\/socar-turkiye-ceosu-zaur-gahramanova-socar-bas-ofiste-yeni-gorev-300x300.jpg 300w, https:\/\/www.enerjigazetesi.ist\/wp-content\/uploads\/2023\/02\/socar-turkiye-ceosu-zaur-gahramanova-socar-bas-ofiste-yeni-gorev-150x150.jpg 150w, https:\/\/www.enerjigazetesi.ist\/wp-content\/uploads\/2023\/02\/socar-turkiye-ceosu-zaur-gahramanova-socar-bas-ofiste-yeni-gorev-400x400.jpg 400w, https:\/\/www.enerjigazetesi.ist\/wp-content\/uploads\/2023\/02\/socar-turkiye-ceosu-zaur-gahramanova-socar-bas-ofiste-yeni-gorev-50x50.jpg 50w, https:\/\/www.enerjigazetesi.ist\/wp-content\/uploads\/2023\/02\/socar-turkiye-ceosu-zaur-gahramanova-socar-bas-ofiste-yeni-gorev-100x100.jpg 100w\" sizes=\"(max-width: 320px) 100vw, 320px\" \/>Zaur Gahramanov\u2019dan bo\u015falan CEO\u2019luk g\u00f6revini vekaleten y\u00fcr\u00fctmek \u00fczere, SOCAR T\u00fcrkiye Rafineri ve Petrokimya \u0130\u015f Birimi Mali \u0130\u015fler Ba\u015fkan\u0131<strong> Elchin Ibadov<\/strong> atand\u0131.<\/p>\n<p>Zaur Gahramanov, Azerbaycan Devlet Ekonomi \u00dcniversitesi Uluslararas\u0131 Ekonomik \u0130li\u015fkiler B\u00f6l\u00fcm\u00fc\u2019nden lisans ve y\u00fcksek lisans derecesiyle mezun olduktan sonra 2014-2016 y\u0131llar\u0131 aras\u0131nda The University of Chicago Booth School of Business\u2019dan (ABD) MBA derecesini ald\u0131. \u0130\u015f hayat\u0131na, KPMG firmas\u0131nda finans ve vergi departmanlar\u0131nda g\u00f6rev alarak ba\u015flayan Gahramanov, kariyerine Ernst &amp; Young \u015firketinde devam etti. 2004-2008 y\u0131llar\u0131 aras\u0131nda Norve\u00e7\u2019teki Statoil \u015firketinde performans y\u00f6netimi ve finans alan\u0131nda \u00e7al\u0131\u015ft\u0131ktan sonra 2008 y\u0131l\u0131nda SOCAR b\u00fcnyesine kat\u0131lan <strong>Gahramanov<\/strong>, 2013 y\u0131l\u0131na kadar <strong>SOCAR Trading SA \u0130svi\u00e7re\u2019de CFO (Mali \u0130\u015flerden Sorumlu \u00dcst D\u00fczey Y\u00f6netici)<\/strong> olarak g\u00f6rev ald\u0131. Ard\u0131ndan <strong>SOCAR Azerbaycan Yat\u0131r\u0131mlar B\u00f6l\u00fcm\u00fc Ba\u015fkan Yard\u0131mc\u0131s\u0131<\/strong> olarak atanan Gahramanov, 2016 y\u0131l\u0131ndan bu yana ise <strong>SOCAR Turkey Enerji A.\u015e. CEO<\/strong>\u2019lu\u011fu g\u00f6revini y\u00fcr\u00fct\u00fcyordu.<\/p>\n<p><strong>Elchin Ibadov<\/strong>, Chicago Illinois \u00dcniversitesi\u2019nden mezun olduktan sonra, 2002 y\u0131l\u0131nda World Trade Center Chicago\u2019da Ara\u015ft\u0131rma Uzman\u0131 olarak \u00e7al\u0131\u015fmaya ba\u015flad\u0131. 2003 y\u0131l\u0131ndan ba\u015flayarak 11 y\u0131l boyunca PwC\u2019de \u00e7e\u015fitli g\u00f6revlerde bulundu. 2014-2019 y\u0131llar\u0131 aras\u0131nda STAR Rafineri\u2019de Finans Direkt\u00f6r\u00fc ve CFO g\u00f6revlerini y\u00fcr\u00fcten Elchin Ibadov, 2019 y\u0131l\u0131 Kas\u0131m ay\u0131nda Petkim\u2019de CFO olarak atanm\u0131\u015f olup ayn\u0131 zamanda b\u00fcnyesinde <strong>STAR Rafineri, Petkim, SOCAR Akaryak\u0131t Depolama ve SOCAR Petrol Ticaret<\/strong> gibi T\u00fcrkiye ekonomisi i\u00e7in \u00f6nem arz eden \u015firketleri bulunduran Rafineri ve Petrokimya \u0130\u015f Birimi Ba\u015fkan\u0131\u2019n\u0131n Mali \u0130\u015flerden Sorumlu Yard\u0131mc\u0131s\u0131 g\u00f6revini y\u00fcr\u00fctt\u00fc. S\u00fcrekli e\u011fitim ve geli\u015fime \u00f6nem veren Ibadov, Harvard Business School\u2019da tamamlad\u0131\u011f\u0131 profesyonel e\u011fitim ve sertifika programlar\u0131n\u0131n yan\u0131 s\u0131ra, iktisat, muhasebe, finans, Uluslararas\u0131 Finansal Raporlama Standartlar\u0131 ve mali denetim konular\u0131nda baz\u0131 ders kitaplar\u0131n\u0131n yazarl\u0131\u011f\u0131n\u0131 ve terc\u00fcmanl\u0131\u011f\u0131n\u0131 \u00fcstlendi. Ibadov, ayn\u0131 zamanda ACCA, ACFE ve IIA gibi uluslararas\u0131 finans ve denetim organizasyonlar\u0131n\u0131n daimi \u00fcyesidir.<\/p>","protected":false},"excerpt":{"rendered":"<p>Sorry, this entry is only available in Turkish. For the sake of viewer convenience, the content is shown below in the alternative language. You may click the link to switch the active language. SOCAR T\u00fcrkiye CEO\u2019lu\u011fu g\u00f6revinden ayr\u0131lan Zaur Gahramanov, g\u00f6revine SOCAR\u2019\u0131n Bak\u00fc\u2019deki merkezinde devam edecek. T\u00fcrkiye\u2019nin en b\u00fcy\u00fck d\u0131\u015f yat\u0131r\u0131mc\u0131s\u0131 SOCAR T\u00fcrkiye\u2019nin CEO\u2019su Zaur [&hellip;]<\/p>\n","protected":false},"author":1,"featured_media":169624,"comment_status":"open","ping_status":"open","sticky":false,"template":"","format":"standard","meta":[],"categories":[46,53,44],"tags":[2677,28565,1567,38657],"views":59,"_links":{"self":[{"href":"https:\/\/www.enerjigazetesi.ist\/en\/wp-json\/wp\/v2\/posts\/169620"}],"collection":[{"href":"https:\/\/www.enerjigazetesi.ist\/en\/wp-json\/wp\/v2\/posts"}],"about":[{"href":"https:\/\/www.enerjigazetesi.ist\/en\/wp-json\/wp\/v2\/types\/post"}],"author":[{"embeddable":true,"href":"https:\/\/www.enerjigazetesi.ist\/en\/wp-json\/wp\/v2\/users\/1"}],"replies":[{"embeddable":true,"href":"https:\/\/www.enerjigazetesi.ist\/en\/wp-json\/wp\/v2\/comments?post=169620"}],"version-history":[{"count":0,"href":"https:\/\/www.enerjigazetesi.ist\/en\/wp-json\/wp\/v2\/posts\/169620\/revisions"}],"wp:featuredmedia":[{"embeddable":true,"href":"https:\/\/www.enerjigazetesi.ist\/en\/wp-json\/wp\/v2\/media\/169624"}],"wp:attachment":[{"href":"https:\/\/www.enerjigazetesi.ist\/en\/wp-json\/wp\/v2\/media?parent=169620"}],"wp:term":[{"taxonomy":"category","embeddable":true,"href":"https:\/\/www.enerjigazetesi.ist\/en\/wp-json\/wp\/v2\/categories?post=169620"},{"taxonomy":"post_tag","embeddable":true,"href":"https:\/\/www.enerjigazetesi.ist\/en\/wp-json\/wp\/v2\/tags?post=169620"}],"curies":[{"name":"wp","href":"https:\/\/api.w.org\/{rel}","templated":true}]}}