{"id":169537,"date":"2023-02-20T16:01:54","date_gmt":"2023-02-20T13:01:54","guid":{"rendered":"https:\/\/www.enerjigazetesi.ist\/?p=169537"},"modified":"2023-02-20T16:06:29","modified_gmt":"2023-02-20T13:06:29","slug":"donmez-afsin-elbistan-b-termik-santrali-kismen-calismaya-baslayacak","status":"publish","type":"post","link":"https:\/\/www.enerjigazetesi.ist\/en\/donmez-afsin-elbistan-b-termik-santrali-kismen-calismaya-baslayacak\/","title":{"rendered":"(Turkish) D\u00f6nmez: &#8220;Af\u015fin Elbistan B Termik Santrali K\u0131smen \u00c7al\u0131\u015fmaya Ba\u015flayacak&#8221;"},"content":{"rendered":"<p class=\"qtranxs-available-languages-message qtranxs-available-languages-message-en\">Sorry, this entry is only available in <a href=\"https:\/\/www.enerjigazetesi.ist\/tr\/wp-json\/wp\/v2\/posts\/169537\" class=\"qtranxs-available-language-link qtranxs-available-language-link-tr\" title=\"Turkish\">Turkish<\/a>. For the sake of viewer convenience, the content is shown below in the alternative language. You may click the link to switch the active language.<\/p><p><\/p>\n<h2 class=\"spot\">Enerji ve Tabii Kaynaklar Bakan\u0131 Fatih D\u00f6nmez, depremlerden etkilenen Af\u015fin Elbistan B Termik Santrali&#8217;nde hasar tespit \u00e7al\u0131\u015fmalar\u0131n\u0131n tamamland\u0131\u011f\u0131n\u0131 belirterek, &#8220;Pazartesiden itibaren Af\u015fin-B santralimizde ilk etapta bak\u0131m onar\u0131m ve teknik personel olmak \u00fczere k\u0131smen \u00e7al\u0131\u015fmaya ba\u015flayacaklar&#8221; dedi.<\/h2>\n<p>B\u00f6lgede yo\u011fun \u015fekilde elektrik \u00fcretim tesislerinin bulundu\u011funa i\u015faret eden D\u00f6nmez, &#8220;Hidroelektrik <img loading=\"lazy\" class=\"alignright wp-image-169540\" src=\"https:\/\/www.enerjigazetesi.ist\/wp-content\/uploads\/2023\/02\/donmez-afsin-elbistan-b-termik-santrali-kismen-calismaya-baslayacak.jpg\" alt=\"\" width=\"320\" height=\"202\" srcset=\"https:\/\/www.enerjigazetesi.ist\/wp-content\/uploads\/2023\/02\/donmez-afsin-elbistan-b-termik-santrali-kismen-calismaya-baslayacak.jpg 533w, https:\/\/www.enerjigazetesi.ist\/wp-content\/uploads\/2023\/02\/donmez-afsin-elbistan-b-termik-santrali-kismen-calismaya-baslayacak-300x190.jpg 300w, https:\/\/www.enerjigazetesi.ist\/wp-content\/uploads\/2023\/02\/donmez-afsin-elbistan-b-termik-santrali-kismen-calismaya-baslayacak-500x316.jpg 500w, https:\/\/www.enerjigazetesi.ist\/wp-content\/uploads\/2023\/02\/donmez-afsin-elbistan-b-termik-santrali-kismen-calismaya-baslayacak-80x50.jpg 80w\" sizes=\"(max-width: 320px) 100vw, 320px\" \/>santrallerimiz var. Termik santrallerimiz de var. <strong>3 tane b\u00fcy\u00fck k\u00f6m\u00fcr santrali<\/strong>mizden <strong>birisi Adana&#8217;da<\/strong>, di\u011feri <strong>Af\u015fin-Elbistan<\/strong> b\u00f6lgesinde olmak \u00fczere <strong>Kahramanmara\u015f&#8217;ta<\/strong> hizmet vermekteydi. Adana Tufanbeyli&#8217;deki santralimizde herhangi bir sorun yok. \u0130\u015fletilmeye devam ediliyor. Ancak \u015fu anda bulundu\u011fumuz Af\u015fin-Elbistan b\u00f6lgesinde 2 adet, birisi <strong>1360 megavatl\u0131k<\/strong>, di\u011feri <strong>1440 megavatl\u0131k<\/strong> <strong>4&#8217;er \u00fcniteden<\/strong> olu\u015fan <strong>k\u00f6m\u00fcr santrallerimiz<\/strong> \u00f6zellikle <strong>Elbistan merkezli depremde maalesef olumsuz etkilendiler. Her iki santralimiz de \u015fu anda hizmet d\u0131\u015f\u0131.<\/strong>&#8221; dedi.<\/p>\n<p>D\u00f6nmez, <strong>Af\u015fin Elbistan A Termik Santrali<\/strong>&#8216;nin <strong>Af\u015fin Elbistan B Termik Santrali<\/strong>&#8216;ne k\u0131yasla eski bir santral oldu\u011funa dikkati \u00e7ekerek, <strong>santralde hasar tespit \u00e7al\u0131\u015fmalar\u0131n\u0131n<\/strong> devam etti\u011fini s\u00f6yledi.<\/p>\n<p>&#8220;Elektrik \u00dcretim A.\u015e taraf\u0131ndan i\u015fletilen <strong>Af\u015fin-B santralinde<\/strong> de hasar tespit \u00e7al\u0131\u015fmalar\u0131 tamamland\u0131. Pazartesi g\u00fcn\u00fcnden itibaren de bak\u0131m onar\u0131m \u00e7al\u0131\u015fmalar\u0131na giriyoruz. Pazartesi&#8217;den itibaren <strong>Af\u015fin-B santralimizde<\/strong> ilk etapta <strong>bak\u0131m onar\u0131m<\/strong> ve <strong>teknik personel<\/strong> olmak \u00fczere k\u0131smen \u00e7al\u0131\u015fmaya ba\u015flayacaklar&#8221; diyen D\u00f6nmez,<strong> bu santraller<\/strong> ve <strong>maden i\u015fletmelerinde \u00e7al\u0131\u015fan insanlar\u0131n da<\/strong> <strong>depremden olumsuz etkilendi\u011fini<\/strong> belirtti.<\/p>\n<p>D\u00f6nmez, <strong>santral<\/strong> ve<strong> i\u015fletme personelinden<\/strong> depremde hayat\u0131n\u0131 kaybedenlere <strong>Allah&#8217;tan rahmet, yaral\u0131lara acil \u015fifalar diledi.<\/strong><\/p>\n<p>Kaynak: <a href=\"https:\/\/www.cumhuriyet.com.tr\/ekonomi\/bakan-fatih-donmez-afsin-elbistan-b-termik-santrali-kismen-calismaya-baslayacak-2052789\" target=\"_blank\" rel=\"noopener\">Cumhuriyet<\/a><\/p>","protected":false},"excerpt":{"rendered":"<p>Sorry, this entry is only available in Turkish. For the sake of viewer convenience, the content is shown below in the alternative language. You may click the link to switch the active language. Enerji ve Tabii Kaynaklar Bakan\u0131 Fatih D\u00f6nmez, depremlerden etkilenen Af\u015fin Elbistan B Termik Santrali&#8217;nde hasar tespit \u00e7al\u0131\u015fmalar\u0131n\u0131n tamamland\u0131\u011f\u0131n\u0131 belirterek, &#8220;Pazartesiden itibaren Af\u015fin-B [&hellip;]<\/p>\n","protected":false},"author":1,"featured_media":169540,"comment_status":"open","ping_status":"open","sticky":false,"template":"","format":"standard","meta":[],"categories":[51,53,24649],"tags":[11031,4673,65642,4316,6756,3460,438],"views":55,"_links":{"self":[{"href":"https:\/\/www.enerjigazetesi.ist\/en\/wp-json\/wp\/v2\/posts\/169537"}],"collection":[{"href":"https:\/\/www.enerjigazetesi.ist\/en\/wp-json\/wp\/v2\/posts"}],"about":[{"href":"https:\/\/www.enerjigazetesi.ist\/en\/wp-json\/wp\/v2\/types\/post"}],"author":[{"embeddable":true,"href":"https:\/\/www.enerjigazetesi.ist\/en\/wp-json\/wp\/v2\/users\/1"}],"replies":[{"embeddable":true,"href":"https:\/\/www.enerjigazetesi.ist\/en\/wp-json\/wp\/v2\/comments?post=169537"}],"version-history":[{"count":0,"href":"https:\/\/www.enerjigazetesi.ist\/en\/wp-json\/wp\/v2\/posts\/169537\/revisions"}],"wp:featuredmedia":[{"embeddable":true,"href":"https:\/\/www.enerjigazetesi.ist\/en\/wp-json\/wp\/v2\/media\/169540"}],"wp:attachment":[{"href":"https:\/\/www.enerjigazetesi.ist\/en\/wp-json\/wp\/v2\/media?parent=169537"}],"wp:term":[{"taxonomy":"category","embeddable":true,"href":"https:\/\/www.enerjigazetesi.ist\/en\/wp-json\/wp\/v2\/categories?post=169537"},{"taxonomy":"post_tag","embeddable":true,"href":"https:\/\/www.enerjigazetesi.ist\/en\/wp-json\/wp\/v2\/tags?post=169537"}],"curies":[{"name":"wp","href":"https:\/\/api.w.org\/{rel}","templated":true}]}}