{"id":169514,"date":"2023-02-20T13:43:18","date_gmt":"2023-02-20T10:43:18","guid":{"rendered":"https:\/\/www.enerjigazetesi.ist\/?p=169514"},"modified":"2023-02-20T13:44:04","modified_gmt":"2023-02-20T10:44:04","slug":"petrol-sanayi-dernegi-petder-uyelerinden-deprem-seferberligi","status":"publish","type":"post","link":"https:\/\/www.enerjigazetesi.ist\/en\/petrol-sanayi-dernegi-petder-uyelerinden-deprem-seferberligi\/","title":{"rendered":"(Turkish) Petrol Sanayi Derne\u011fi (PETDER) \u00dcyelerinden Deprem Seferberli\u011fi"},"content":{"rendered":"<p class=\"qtranxs-available-languages-message qtranxs-available-languages-message-en\">Sorry, this entry is only available in <a href=\"https:\/\/www.enerjigazetesi.ist\/tr\/wp-json\/wp\/v2\/posts\/169514\" class=\"qtranxs-available-language-link qtranxs-available-language-link-tr\" title=\"Turkish\">Turkish<\/a>. For the sake of viewer convenience, the content is shown below in the alternative language. You may click the link to switch the active language.<\/p><p><\/p>\n<h2><strong>T\u00fcrkiye b\u00fcy\u00fck deprem felaketinin \u00fcz\u00fcnt\u00fcs\u00fcn\u00fc ya\u015farken, yard\u0131m \u00e7al\u0131\u015fmalar\u0131yla yaralar\u0131n\u0131 sarmaya \u00e7al\u0131\u015f\u0131yor. Petrol Sanayi Derne\u011fi (PETDER) \u00fcyesi \u015firketler de deprem b\u00f6lgesinde hem akaryak\u0131t hem de b\u00f6lgenin di\u011fer ihtiya\u00e7lar\u0131n\u0131 kar\u015f\u0131lamak i\u00e7in yard\u0131mlar\u0131na durmaks\u0131z\u0131n devam ediyor. PETDER \u00dcyeleri, depremin ilk 2 haftas\u0131nda deprem b\u00f6lgesine <span style=\"text-decoration: underline;\">bir k\u0131sm\u0131 hibe<\/span> olmak \u00fczere yakla\u015f\u0131k 125 milyon litre akaryak\u0131t g\u00f6nderdi.<\/strong><\/h2>\n<p>T\u00fcrkiye\u2019nin<strong> 11 ilini<\/strong> a\u011f\u0131r bir \u015fekilde vuran, y\u00fczy\u0131l\u0131n en b\u00fcy\u00fck <strong>deprem felaketinin ard\u0131ndan<\/strong> b\u00f6lgeye yard\u0131mlar h\u0131z kesmeden devam ediyor.<\/p>\n<p><strong>PETDER \u00fcyesi<\/strong> akaryak\u0131t \u015firketleri de depremin ilk g\u00fcn\u00fcnden itibaren ba\u015f g\u00f6steren <strong>akaryak\u0131t talebini kar\u015f\u0131lamak<\/strong> i\u00e7in<strong> t\u00fcm imkanlar\u0131n\u0131 seferber ediyor.<\/strong><\/p>\n<p><img loading=\"lazy\" class=\"alignright wp-image-169517\" src=\"https:\/\/www.enerjigazetesi.ist\/wp-content\/uploads\/2023\/02\/petrol-sanayi-dernegi-petder-uyelerinden-deprem-seferberligi.jpg\" alt=\"\" width=\"320\" height=\"229\" srcset=\"https:\/\/www.enerjigazetesi.ist\/wp-content\/uploads\/2023\/02\/petrol-sanayi-dernegi-petder-uyelerinden-deprem-seferberligi.jpg 645w, https:\/\/www.enerjigazetesi.ist\/wp-content\/uploads\/2023\/02\/petrol-sanayi-dernegi-petder-uyelerinden-deprem-seferberligi-300x215.jpg 300w, https:\/\/www.enerjigazetesi.ist\/wp-content\/uploads\/2023\/02\/petrol-sanayi-dernegi-petder-uyelerinden-deprem-seferberligi-500x358.jpg 500w, https:\/\/www.enerjigazetesi.ist\/wp-content\/uploads\/2023\/02\/petrol-sanayi-dernegi-petder-uyelerinden-deprem-seferberligi-70x50.jpg 70w\" sizes=\"(max-width: 320px) 100vw, 320px\" \/>PETDER \u00fcyeleri bir yandan istasyonlar\u0131n\u0131n yan\u0131 s\u0131ra <strong>gezici istasyonlarla<\/strong> depremzedelerin <strong>akaryak\u0131t s\u0131k\u0131nt\u0131s\u0131n\u0131 gidermeye \u00e7al\u0131\u015f\u0131rken<\/strong> di\u011fer yandan <strong>arama-kurtarma faaliyetlerinin<\/strong> kesintisiz devam edebilmesi i\u00e7in <strong>AFAD\u2019la<\/strong> koordineli olarak, g\u00f6rev alan<strong> STK<\/strong>\u2019lara, <strong>hastane<\/strong> ve <strong>kamu kurumlar\u0131na, ambulans ve itfaiye ara\u00e7lar\u0131na ve u\u00e7aklara<\/strong> <strong>akaryak\u0131t ba\u011f\u0131\u015f\u0131nda<\/strong> bulunuyor.<\/p>\n<p>PETDER \u00dcyeleri, depremin ilk g\u00fcn\u00fcnden 19 \u015eubat ak\u015fam\u0131na kadar deprem b\u00f6lgesine toplamda <strong>5.300\u2019den fazla<\/strong> tanker seferi ile yakla\u015f\u0131k <strong>125 milyon litre akaryak\u0131t<\/strong> (benzin ve motorin) g\u00f6nderdi. Bunun bir k\u0131sm\u0131n\u0131 ise <strong>hibe akaryak\u0131t<\/strong> olu\u015fturdu.<\/p>\n<p>\u00dcye \u015firketler, <strong>akaryak\u0131t\u0131n<\/strong> yan\u0131 s\u0131ra <strong>nakdi yard\u0131mlar, g\u0131da, k\u0131yafet, hijyen \u00fcr\u00fcnleri, \u00e7ad\u0131r, battaniye, yatak, ila\u00e7, t\u0131bbi malzemeler, seyyar tuvalet, elektrikli \u0131s\u0131t\u0131c\u0131, jenerat\u00f6r ve temel ihtiya\u00e7 malzemelerini ve ya\u015famsal malzemeleri de b\u00f6lgeye<\/strong> ula\u015ft\u0131r\u0131yorlar. Ayr\u0131ca, \u00fcye \u015firketler kendi i\u00e7lerinde ba\u011f\u0131\u015f kampanyalar\u0131 d\u00fczenleyerek toplanan yard\u0131mlar\u0131 deprem b\u00f6lgesine ula\u015ft\u0131rd\u0131lar ve kan ba\u011f\u0131\u015f\u0131 kampanyalar\u0131 d\u00fczenlediler.<\/p>\n<p><strong>PETDER Genel Sekreteri K\u00f6ksal Onur \u0130nci<\/strong>, ya\u015fanan felaketten dolay\u0131 \u00e7ok \u00fczg\u00fcn olduklar\u0131n\u0131 belirterek t\u00fcm \u00fcyeleriyle birlikte depremin ilk an\u0131ndan itibaren koordinasyon i\u00e7inde s\u0131k\u0131nt\u0131lar\u0131 en aza indirmek i\u00e7in \u00e7al\u0131\u015ft\u0131klar\u0131n\u0131 belirtti. \u0130nci <span style=\"text-decoration: underline;\">\u015funlar\u0131 s\u00f6yledi:<\/span><\/p>\n<p><em>\u201c\u00d6ncelikle hayat\u0131n\u0131 kaybeden vatanda\u015flar\u0131m\u0131za Allah\u2019tan rahmet, yak\u0131nlar\u0131na ve \u00fclkemize ba\u015fsa\u011fl\u0131\u011f\u0131, yaral\u0131lar\u0131m\u0131za acil \u015fifalar dilerim. Ya\u015fad\u0131\u011f\u0131m\u0131z bu b\u00fcy\u00fck felaketin ard\u0131ndan, ilk andan itibaren <strong>devletimizin t\u00fcm kurumlar\u0131, STK\u2019lar, \u00f6zel sekt\u00f6r ve vatanda\u015flar\u0131m\u0131z<\/strong> canla ba\u015fla yard\u0131mlar\u0131na ba\u015flad\u0131. Biz de <strong>PETDER<\/strong> olarak <strong>derhal bir kriz masas\u0131<\/strong> kurarak hem \u00fcyelerimizle; hem de <strong>Bakanl\u0131klar\u0131m\u0131z, Valiliklerimiz, EPDK, AFAD<\/strong> ve ilgili <strong>di\u011fer kamu kurumlar\u0131m\u0131z<\/strong> ile koordineli bir \u015fekilde \u00e7al\u0131\u015fmaya ba\u015flad\u0131k. Ba\u015fka \u015fehirlerden b\u00f6lgeye gitmek isteyenler, deprem b\u00f6lgesinden \u00e7\u0131kmak isteyen depremzedeler, arama-kurtarma \u00e7al\u0131\u015fmalar\u0131, hastaneler, ambulanslar, itfaiye ara\u00e7lar\u0131na <strong>gereken akaryak\u0131t\u0131n temini i\u00e7in h\u0131zla aksiyon ald\u0131k. <\/strong><\/em><\/p>\n<p><em>\u00dcyelerimiz akaryak\u0131t d\u0131\u015f\u0131nda <strong>acil<\/strong> ve <strong>temel ihtiya\u00e7 malzemelerini<\/strong> de h\u0131zla <strong>b\u00f6lgeye g\u00f6nderdi<\/strong> ve g\u00f6ndermeye de devam ediyor, ayr\u0131ca<strong> belirlenen kurumlara nakdi ba\u011f\u0131\u015flarda<\/strong> bulunuyorlar. T\u00fcm \u015firketlerimizin \u00e7al\u0131\u015fanlar\u0131 da <strong>canla ba\u015fla bu yard\u0131m \u00e7al\u0131\u015fmalar\u0131nda<\/strong> yer al\u0131yor,<strong> \u00fcr\u00fcn paketleri haz\u0131rl\u0131yor, nakit ba\u011f\u0131\u015f topluyor, arama-kurtarma faaliyetlerine kat\u0131l\u0131yor<\/strong>. G\u00fcn; dayan\u0131\u015fma g\u00fcn\u00fc, birlik olma g\u00fcn\u00fc. Yaralar\u0131m\u0131z\u0131 in\u015fallah hep birlikte en k\u0131sa zamanda saraca\u011f\u0131z. Bunun i\u00e7in <strong>PETDER<\/strong> ve <strong>\u00fcyelerimiz<\/strong> <strong>elimizden geleni yapt\u0131k, yap\u0131yoruz<\/strong> ve<strong> yapmaya devam edece\u011fiz.\u201d<\/strong><\/em><\/p>","protected":false},"excerpt":{"rendered":"<p>Sorry, this entry is only available in Turkish. For the sake of viewer convenience, the content is shown below in the alternative language. You may click the link to switch the active language. T\u00fcrkiye b\u00fcy\u00fck deprem felaketinin \u00fcz\u00fcnt\u00fcs\u00fcn\u00fc ya\u015farken, yard\u0131m \u00e7al\u0131\u015fmalar\u0131yla yaralar\u0131n\u0131 sarmaya \u00e7al\u0131\u015f\u0131yor. Petrol Sanayi Derne\u011fi (PETDER) \u00fcyesi \u015firketler de deprem b\u00f6lgesinde hem akaryak\u0131t [&hellip;]<\/p>\n","protected":false},"author":1,"featured_media":169517,"comment_status":"open","ping_status":"open","sticky":false,"template":"","format":"standard","meta":[],"categories":[53,44],"tags":[35344,107649,69552,63640,34936],"views":57,"_links":{"self":[{"href":"https:\/\/www.enerjigazetesi.ist\/en\/wp-json\/wp\/v2\/posts\/169514"}],"collection":[{"href":"https:\/\/www.enerjigazetesi.ist\/en\/wp-json\/wp\/v2\/posts"}],"about":[{"href":"https:\/\/www.enerjigazetesi.ist\/en\/wp-json\/wp\/v2\/types\/post"}],"author":[{"embeddable":true,"href":"https:\/\/www.enerjigazetesi.ist\/en\/wp-json\/wp\/v2\/users\/1"}],"replies":[{"embeddable":true,"href":"https:\/\/www.enerjigazetesi.ist\/en\/wp-json\/wp\/v2\/comments?post=169514"}],"version-history":[{"count":1,"href":"https:\/\/www.enerjigazetesi.ist\/en\/wp-json\/wp\/v2\/posts\/169514\/revisions"}],"predecessor-version":[{"id":169515,"href":"https:\/\/www.enerjigazetesi.ist\/en\/wp-json\/wp\/v2\/posts\/169514\/revisions\/169515"}],"wp:featuredmedia":[{"embeddable":true,"href":"https:\/\/www.enerjigazetesi.ist\/en\/wp-json\/wp\/v2\/media\/169517"}],"wp:attachment":[{"href":"https:\/\/www.enerjigazetesi.ist\/en\/wp-json\/wp\/v2\/media?parent=169514"}],"wp:term":[{"taxonomy":"category","embeddable":true,"href":"https:\/\/www.enerjigazetesi.ist\/en\/wp-json\/wp\/v2\/categories?post=169514"},{"taxonomy":"post_tag","embeddable":true,"href":"https:\/\/www.enerjigazetesi.ist\/en\/wp-json\/wp\/v2\/tags?post=169514"}],"curies":[{"name":"wp","href":"https:\/\/api.w.org\/{rel}","templated":true}]}}