{"id":169393,"date":"2023-02-17T13:11:17","date_gmt":"2023-02-17T10:11:17","guid":{"rendered":"https:\/\/www.enerjigazetesi.ist\/?p=169393"},"modified":"2023-02-17T13:11:17","modified_gmt":"2023-02-17T10:11:17","slug":"gunes-sektorunun-deprem-bolgesine-destegi-devam-ediyor","status":"publish","type":"post","link":"https:\/\/www.enerjigazetesi.ist\/en\/gunes-sektorunun-deprem-bolgesine-destegi-devam-ediyor\/","title":{"rendered":"(Turkish) G\u00fcne\u015f Sekt\u00f6r\u00fcn\u00fcn Deprem B\u00f6lgesine Deste\u011fi Devam Ediyor"},"content":{"rendered":"<p class=\"qtranxs-available-languages-message qtranxs-available-languages-message-en\">Sorry, this entry is only available in <a href=\"https:\/\/www.enerjigazetesi.ist\/tr\/wp-json\/wp\/v2\/posts\/169393\" class=\"qtranxs-available-language-link qtranxs-available-language-link-tr\" title=\"Turkish\">Turkish<\/a>. For the sake of viewer convenience, the content is shown below in the alternative language. You may click the link to switch the active language.<\/p><p><\/p>\n<h2>Enerji Yat\u0131r\u0131mc\u0131lar\u0131 Derne\u011fi (G\u00dcYAD), deprem b\u00f6lgelerinde bulunan konteyner, \u00e7ad\u0131r vb. yerlerin ayd\u0131nlatma ve telefon \u015farj ihtiya\u00e7lar\u0131n\u0131 kar\u015f\u0131lamak \u00fczere G\u00fcnder ve GENSED taraf\u0131ndan ba\u015flat\u0131lan kampanyaya dahil oldu.<\/h2>\n<p>G\u00fcne\u015f Enerjisi Toplulu\u011fu T\u00fcrkiye B\u00f6l\u00fcm\u00fc (G\u00dcNDER) ve G\u00fcne\u015f Enerjisi Sanayicileri ve End\u00fcstrisi <img loading=\"lazy\" class=\"alignright wp-image-169396\" src=\"https:\/\/www.enerjigazetesi.ist\/wp-content\/uploads\/2023\/02\/gunes-sektorunun-deprem-bolgesine-destegi-devam-ediyor.jpg\" alt=\"\" width=\"320\" height=\"237\" srcset=\"https:\/\/www.enerjigazetesi.ist\/wp-content\/uploads\/2023\/02\/gunes-sektorunun-deprem-bolgesine-destegi-devam-ediyor.jpg 550w, https:\/\/www.enerjigazetesi.ist\/wp-content\/uploads\/2023\/02\/gunes-sektorunun-deprem-bolgesine-destegi-devam-ediyor-300x222.jpg 300w, https:\/\/www.enerjigazetesi.ist\/wp-content\/uploads\/2023\/02\/gunes-sektorunun-deprem-bolgesine-destegi-devam-ediyor-500x370.jpg 500w, https:\/\/www.enerjigazetesi.ist\/wp-content\/uploads\/2023\/02\/gunes-sektorunun-deprem-bolgesine-destegi-devam-ediyor-68x50.jpg 68w\" sizes=\"(max-width: 320px) 100vw, 320px\" \/>Derne\u011fi (GENSED) taraf\u0131ndan 10 \u015eubat tarihinde ba\u015flat\u0131lan <strong>\u201cG\u00fcne\u015f\u2019te Birle\u015felim \u2013 Deprem B\u00f6lgesi Enerji Destek\u201d<\/strong> kampanyas\u0131na, <strong>Enerji Yat\u0131r\u0131mc\u0131lar\u0131 Derne\u011fi<\/strong> (G\u00dcYAD) da kat\u0131ld\u0131.\u00a0Kampanya ile, deprem b\u00f6lgelerinde bulunan\u00a0konteyner, \u00e7ad\u0131r vb. yerlerin <strong>ayd\u0131nlatma ve telefon \u015farj ihtiya\u00e7lar\u0131n\u0131 kar\u015f\u0131lamak \u00fczere\u00a0\u015febekeden ba\u011f\u0131ms\u0131z\u00a0Paket Enerji Sistemleri\u00a0<\/strong>olu\u015fturulacak. G\u00dcYAD da bu alanda destek verebilecek t\u00fcm \u00fcyeleri ile dayan\u0131\u015fman\u0131n g\u00fcc\u00fcn\u00fc art\u0131racak.<\/p>\n<h3><strong>Hatay VE Belen\u2019de Elektrik \u015eebekeleri Devreye Al\u0131nd\u0131<\/strong><\/h3>\n<p>G\u00dcYAD ayr\u0131ca Enerji Bakanl\u0131\u011f\u0131, Hatay Valili\u011fi ve Hatay B\u00fcy\u00fck\u015fehir Belediyesi\u2019nin bilgi ve y\u00f6nlendirmesi dahilinde yap\u0131lan \u00e7al\u0131\u015fmalarla Belen il\u00e7esi ve \u015eenk\u00f6y semtindeki elektrik \u015febekeleri tekrar devreye al\u0131nd\u0131. <strong>Belen<\/strong> ve <strong>\u015eenk\u00f6y<\/strong>\u2019de \u015febeke iyile\u015ftirme \u00e7al\u0131\u015fmalar\u0131n\u0131 yapan ekip <strong>Siemens Gamesa<\/strong> ve <strong>Enerjisa<\/strong> uzmanlar\u0131ndan olu\u015ftu.<\/p>\n<h3><strong>G\u00dcYAD ayr\u0131ca deprem b\u00f6lgesine sa\u011flad\u0131\u011f\u0131 di\u011fer destekleri <span style=\"text-decoration: underline;\">\u015fu \u015fekilde s\u0131ralad\u0131:<\/span><\/strong><\/h3>\n<p>&#8211; Arama kurtarma \u00e7al\u0131\u015fmalar\u0131 i\u00e7in <strong>i\u015f makinelerinden mobil enerji ihtiya\u00e7lar\u0131na, temel g\u0131da malzemelerinden donan\u0131ml\u0131 insan kayna\u011f\u0131n\u0131n<\/strong> b\u00f6lgeye sevkini kolayla\u015ft\u0131rmaya kadar bir dizi s\u00fcreci <strong>\u00fcye \u015firketlerimiz<\/strong> ve <strong>di\u011fer sekt\u00f6r dernekleriyle<\/strong> kesintisiz bir koordinasyon i\u00e7inde y\u00fcr\u00fctt\u00fck.<\/p>\n<p>&#8211; TED Hatay Koleji i\u015f birli\u011fiyle kolej kamp\u00fcs\u00fcnde kurulan konteyn\u0131rlarla olu\u015fturulan mini merkezde, her \u00f6\u011f\u00fcn 1.200 ki\u015filik yemek veriliyor. \u00c7al\u0131\u015fmalar \u00e7er\u00e7evesinde okulun basketbol sahas\u0131 malzemeler i\u00e7in depoya, tenis sahas\u0131 da mini yatakhaneye d\u00f6n\u00fc\u015ft\u00fcr\u00fcld\u00fc.<\/p>\n<p>&#8211; B\u00f6lgeye ula\u015fan teknik uzmanlar\u0131n ve ihtiya\u00e7 duyan yabanc\u0131 kurtarma ekiplerinin de dinlenme f\u0131rsat\u0131 buldu\u011fu konteyn\u0131rlar <strong>20 \u015eubat Pazartesi<\/strong> tarihinden itibaren <strong>Hatay Valili\u011fi\u2019nin<\/strong> emrine verilecek.<\/p>\n<p>&#8211; Bunlara ek olarak b\u00f6lgeye sevk edilen <strong>30 kWh\u2019l\u0131k<\/strong> paneller de ula\u015fmalar\u0131n\u0131n akabinde yetkililere teslim edilerek <strong>enerji ihtiyac\u0131n\u0131n kar\u015f\u0131lanmas\u0131na<\/strong> destek olunacak.&#8221;<\/p>","protected":false},"excerpt":{"rendered":"<p>Sorry, this entry is only available in Turkish. For the sake of viewer convenience, the content is shown below in the alternative language. You may click the link to switch the active language. Enerji Yat\u0131r\u0131mc\u0131lar\u0131 Derne\u011fi (G\u00dcYAD), deprem b\u00f6lgelerinde bulunan konteyner, \u00e7ad\u0131r vb. yerlerin ayd\u0131nlatma ve telefon \u015farj ihtiya\u00e7lar\u0131n\u0131 kar\u015f\u0131lamak \u00fczere G\u00fcnder ve GENSED taraf\u0131ndan [&hellip;]<\/p>\n","protected":false},"author":1,"featured_media":169396,"comment_status":"open","ping_status":"open","sticky":false,"template":"","format":"standard","meta":[],"categories":[53,49],"tags":[25559,12880,65642,68,107778,422,7767,32192,5630,107779,14696],"views":74,"_links":{"self":[{"href":"https:\/\/www.enerjigazetesi.ist\/en\/wp-json\/wp\/v2\/posts\/169393"}],"collection":[{"href":"https:\/\/www.enerjigazetesi.ist\/en\/wp-json\/wp\/v2\/posts"}],"about":[{"href":"https:\/\/www.enerjigazetesi.ist\/en\/wp-json\/wp\/v2\/types\/post"}],"author":[{"embeddable":true,"href":"https:\/\/www.enerjigazetesi.ist\/en\/wp-json\/wp\/v2\/users\/1"}],"replies":[{"embeddable":true,"href":"https:\/\/www.enerjigazetesi.ist\/en\/wp-json\/wp\/v2\/comments?post=169393"}],"version-history":[{"count":0,"href":"https:\/\/www.enerjigazetesi.ist\/en\/wp-json\/wp\/v2\/posts\/169393\/revisions"}],"wp:featuredmedia":[{"embeddable":true,"href":"https:\/\/www.enerjigazetesi.ist\/en\/wp-json\/wp\/v2\/media\/169396"}],"wp:attachment":[{"href":"https:\/\/www.enerjigazetesi.ist\/en\/wp-json\/wp\/v2\/media?parent=169393"}],"wp:term":[{"taxonomy":"category","embeddable":true,"href":"https:\/\/www.enerjigazetesi.ist\/en\/wp-json\/wp\/v2\/categories?post=169393"},{"taxonomy":"post_tag","embeddable":true,"href":"https:\/\/www.enerjigazetesi.ist\/en\/wp-json\/wp\/v2\/tags?post=169393"}],"curies":[{"name":"wp","href":"https:\/\/api.w.org\/{rel}","templated":true}]}}