{"id":169379,"date":"2023-02-17T12:22:59","date_gmt":"2023-02-17T09:22:59","guid":{"rendered":"https:\/\/www.enerjigazetesi.ist\/?p=169379"},"modified":"2023-02-17T12:25:04","modified_gmt":"2023-02-17T09:25:04","slug":"kocer-yaralarimizi-birlikte-saracagiz","status":"publish","type":"post","link":"https:\/\/www.enerjigazetesi.ist\/en\/kocer-yaralarimizi-birlikte-saracagiz\/","title":{"rendered":"(Turkish) Ko\u00e7er: &#8220;Yaralar\u0131m\u0131z\u0131 Birlikte Saraca\u011f\u0131z&#8221;"},"content":{"rendered":"<p class=\"qtranxs-available-languages-message qtranxs-available-languages-message-en\">Sorry, this entry is only available in <a href=\"https:\/\/www.enerjigazetesi.ist\/tr\/wp-json\/wp\/v2\/posts\/169379\" class=\"qtranxs-available-language-link qtranxs-available-language-link-tr\" title=\"Turkish\">Turkish<\/a>. For the sake of viewer convenience, the content is shown below in the alternative language. You may click the link to switch the active language.<\/p><p><\/p>\n<h2>Gaziantep Gen\u00e7 \u0130\u015f \u0130nsanlar\u0131 Derne\u011fi Y\u00f6netim Kurulu Ba\u015fkan\u0131 Cihan Ko\u00e7er, merkez \u00fcss\u00fc Kahramanmara\u015f\u2019\u0131n Pazarc\u0131k il\u00e7esi olan 7,7 b\u00fcy\u00fckl\u00fc\u011f\u00fcnde ger\u00e7ekle\u015fen ve Gaziantep ile birlikte 10 ilimizde b\u00fcy\u00fck bir y\u0131k\u0131ma ve \u00e7ok say\u0131da can kayb\u0131na yol a\u00e7an deprem hakk\u0131nda a\u00e7\u0131klamalarda bulundu.<\/h2>\n<p>GAG\u0130AD Ba\u015fkan\u0131 Cihan Ko\u00e7er; <em>\u201cB\u00f6lgemizde ya\u015fanan ve Gaziantep\u2019te de \u015fiddetli bir \u015fekilde hissedilen, b\u00fcy\u00fck kay\u0131plar verdi\u011fimiz deprem felaketleri sebebiyle \u00e7ok derin \u00fcz\u00fcnt\u00fc ve tarifsiz bir ac\u0131 i\u00e7erisindeyiz. Hepimizin duygular\u0131 ayn\u0131, ac\u0131lar\u0131 ayn\u0131, kay\u0131plar\u0131 ayn\u0131. Ba\u015fta b\u00f6lgemizde ve \u015fehrimizde <img loading=\"lazy\" class=\"alignright wp-image-169383\" src=\"https:\/\/www.enerjigazetesi.ist\/wp-content\/uploads\/2023\/02\/kocer-yaralarimizi-birlikte-saracagiz.jpg\" alt=\"\" width=\"320\" height=\"236\" srcset=\"https:\/\/www.enerjigazetesi.ist\/wp-content\/uploads\/2023\/02\/kocer-yaralarimizi-birlikte-saracagiz.jpg 550w, https:\/\/www.enerjigazetesi.ist\/wp-content\/uploads\/2023\/02\/kocer-yaralarimizi-birlikte-saracagiz-300x221.jpg 300w, https:\/\/www.enerjigazetesi.ist\/wp-content\/uploads\/2023\/02\/kocer-yaralarimizi-birlikte-saracagiz-500x369.jpg 500w, https:\/\/www.enerjigazetesi.ist\/wp-content\/uploads\/2023\/02\/kocer-yaralarimizi-birlikte-saracagiz-68x50.jpg 68w\" sizes=\"(max-width: 320px) 100vw, 320px\" \/>ya\u015fayan vatanda\u015flar\u0131m\u0131z olmak \u00fczere b\u00fct\u00fcn halk\u0131m\u0131za ve \u00fclkemize ge\u00e7mi\u015f olsun dileklerimi iletiyorum.<\/em><\/p>\n<p><em>Felaketin ya\u015fand\u0131\u011f\u0131 ilk g\u00fcnden itibaren \u00e7al\u0131\u015fanlar\u0131m\u0131z, yak\u0131nlar\u0131 ve depremden etkilenen hem\u015ferilerimiz i\u00e7in dernek merkezimizi kullan\u0131ma a\u00e7t\u0131k. \u015eehrimiz ba\u015fta olmak \u00fczere, depremden etkilenen \u00e7evre illerimize de, bar\u0131nma ve di\u011fer t\u00fcm ihtiya\u00e7lar\u0131 i\u00e7in desteklerimizi s\u00fcrd\u00fcrmeye devam ediyoruz. Bundan sonra ki d\u00f6nemler i\u00e7in GAG\u0130AD olarak \u00fcst\u00fcm\u00fcze d\u00fc\u015fen sorumluluk bilinciyle hem \u015fehrimizde hem b\u00f6lgemizde ki yard\u0131m \u00e7al\u0131\u015fmalar\u0131m\u0131z\u0131 orta ve uzun vadeli planlamalar\u0131m\u0131zla s\u00fcrd\u00fcr\u00fcp, \u00f6n\u00fcm\u00fczde ki g\u00fcnlerde ilgili kurulu\u015flarla i\u015f birli\u011fi i\u00e7inde projelerimizi hayata ge\u00e7irece\u011fiz. Ya\u015fan\u0131lan b\u00fcy\u00fck felaketin etkilerini en aza indirgemek i\u00e7in g\u00fcc\u00fc yeten, imk\u00e2n\u0131 olan herkesi deste\u011fe davet ediyorum. Dayan\u0131\u015fma ruhumuzla yaralar\u0131m\u0131z\u0131 hep birlikte saraca\u011f\u0131m\u0131za inan\u0131yoruz\u201d<\/em> dedi.<\/p>\n<p>Ko\u00e7er;<em> \u201cDeprem maalesef \u00fclkemizin bir ger\u00e7e\u011fidir ve bir an \u00f6nce t\u00fcm yap\u0131lar\u0131m\u0131z\u0131 bu \u015fekilde in\u015fa etmeli, riskli yap\u0131lar\u0131 d\u00f6n\u00fc\u015ft\u00fcrme \u00e7al\u0131\u015fmalar\u0131na ba\u015flamal\u0131y\u0131z. Gaziantep bir <strong>sanayi ve ekonomi<\/strong> \u015fehridir. Sanayimiz umar\u0131m en yak\u0131n zamanda aya\u011fa kalk\u0131p, \u00fclkemiz ve b\u00f6lgemiz ekonomisine deste\u011fe devam edecektir. Ya\u015fad\u0131\u011f\u0131m\u0131z <strong>deprem sebebiyle<\/strong> t\u00fcm T\u00fcrkiye kenetlenmi\u015f durumdad\u0131r. <strong>Felaketin ac\u0131s\u0131n\u0131<\/strong> ancak <strong>birlik<\/strong> ve<strong> beraberlik<\/strong> i\u00e7erisinde azaltabilir, tekrar aya\u011fa kalkabiliriz.<\/em><\/p>\n<p><em>Bu kapsamda; bir daha<strong> \u00fclkemizde b\u00f6yle bir<\/strong> <strong>felaketin ya\u015fanmamas\u0131n\u0131 diliyor<\/strong>, <strong>bu felaketin yaralar\u0131n\u0131 birlikte sarmak i\u00e7in var g\u00fcc\u00fcm\u00fczle<\/strong> elbirli\u011fiyle ak\u0131l birli\u011fiyle \u00e7al\u0131\u015faca\u011f\u0131m\u0131z\u0131 bildirmek isterim. Bu kapsamda; Felaketlerde hayat\u0131n\u0131 kaybeden t\u00fcm vatanda\u015flar\u0131m\u0131za <strong>Allah\u2019tan rahmet, ailelerine, sevenlerine ba\u015fsa\u011fl\u0131\u011f\u0131 ve sab\u0131r, yaralananlara acil \u015fifalar<\/strong> diliyorum.&#8221;<\/em><\/p>","protected":false},"excerpt":{"rendered":"<p>Sorry, this entry is only available in Turkish. For the sake of viewer convenience, the content is shown below in the alternative language. You may click the link to switch the active language. Gaziantep Gen\u00e7 \u0130\u015f \u0130nsanlar\u0131 Derne\u011fi Y\u00f6netim Kurulu Ba\u015fkan\u0131 Cihan Ko\u00e7er, merkez \u00fcss\u00fc Kahramanmara\u015f\u2019\u0131n Pazarc\u0131k il\u00e7esi olan 7,7 b\u00fcy\u00fckl\u00fc\u011f\u00fcnde ger\u00e7ekle\u015fen ve Gaziantep ile [&hellip;]<\/p>\n","protected":false},"author":1,"featured_media":169384,"comment_status":"open","ping_status":"open","sticky":false,"template":"","format":"standard","meta":[],"categories":[53],"tags":[107775,12880,107044,107043,89835,107776],"views":45,"_links":{"self":[{"href":"https:\/\/www.enerjigazetesi.ist\/en\/wp-json\/wp\/v2\/posts\/169379"}],"collection":[{"href":"https:\/\/www.enerjigazetesi.ist\/en\/wp-json\/wp\/v2\/posts"}],"about":[{"href":"https:\/\/www.enerjigazetesi.ist\/en\/wp-json\/wp\/v2\/types\/post"}],"author":[{"embeddable":true,"href":"https:\/\/www.enerjigazetesi.ist\/en\/wp-json\/wp\/v2\/users\/1"}],"replies":[{"embeddable":true,"href":"https:\/\/www.enerjigazetesi.ist\/en\/wp-json\/wp\/v2\/comments?post=169379"}],"version-history":[{"count":0,"href":"https:\/\/www.enerjigazetesi.ist\/en\/wp-json\/wp\/v2\/posts\/169379\/revisions"}],"wp:featuredmedia":[{"embeddable":true,"href":"https:\/\/www.enerjigazetesi.ist\/en\/wp-json\/wp\/v2\/media\/169384"}],"wp:attachment":[{"href":"https:\/\/www.enerjigazetesi.ist\/en\/wp-json\/wp\/v2\/media?parent=169379"}],"wp:term":[{"taxonomy":"category","embeddable":true,"href":"https:\/\/www.enerjigazetesi.ist\/en\/wp-json\/wp\/v2\/categories?post=169379"},{"taxonomy":"post_tag","embeddable":true,"href":"https:\/\/www.enerjigazetesi.ist\/en\/wp-json\/wp\/v2\/tags?post=169379"}],"curies":[{"name":"wp","href":"https:\/\/api.w.org\/{rel}","templated":true}]}}