{"id":169312,"date":"2023-02-16T14:00:03","date_gmt":"2023-02-16T11:00:03","guid":{"rendered":"https:\/\/www.enerjigazetesi.ist\/?p=169312"},"modified":"2023-02-16T14:03:39","modified_gmt":"2023-02-16T11:03:39","slug":"cop28-baskani-dunyanin-iklim-odakli-buyuk-bir-degisime-ihtiyaci-var","status":"publish","type":"post","link":"https:\/\/www.enerjigazetesi.ist\/en\/cop28-baskani-dunyanin-iklim-odakli-buyuk-bir-degisime-ihtiyaci-var\/","title":{"rendered":"(Turkish) COP28 Ba\u015fkan\u0131: &#8220;D\u00fcnyan\u0131n \u0130klim Odakl\u0131 B\u00fcy\u00fck Bir De\u011fi\u015fime \u0130htiyac\u0131 Var&#8221;"},"content":{"rendered":"<p class=\"qtranxs-available-languages-message qtranxs-available-languages-message-en\">Sorry, this entry is only available in <a href=\"https:\/\/www.enerjigazetesi.ist\/tr\/wp-json\/wp\/v2\/posts\/169312\" class=\"qtranxs-available-language-link qtranxs-available-language-link-tr\" title=\"Turkish\">Turkish<\/a>. For the sake of viewer convenience, the content is shown below in the alternative language. You may click the link to switch the active language.<\/p><p><\/p>\n<h2><strong>BAE Sanayi ve \u0130leri Teknoloji Bakan\u0131 ve Birle\u015fmi\u015f Milletler \u0130klim De\u011fi\u015fikli\u011fi \u00c7er\u00e7eve S\u00f6zle\u015fmesi 28. Taraflar Konferans\u0131 (COP28) Ba\u015fkan\u0131 Dr. Sultan Ahmed Al Jaber, d\u00fcnyan\u0131n iklim eylemi ile m\u00fccadelede b\u00fcy\u00fck bir d\u00fczeltme yoluna ihtiyac\u0131 oldu\u011funu vurgulad\u0131.<\/strong><\/h2>\n<p>K\u00fcresel emisyonlar\u0131n <strong>2030<\/strong> y\u0131l\u0131na kadar<strong> %43<\/strong> oran\u0131nda azalmas\u0131 gerekti\u011fine dikkat \u00e7ekti.<\/p>\n<p>Dubai&#8217;de d\u00fczenlenen D\u00fcnya H\u00fck\u00fcmet Zirvesi&#8217;nin ikinci g\u00fcn etkinlikleri kapsam\u0131nda Dr. Sultan bin Ahmed Al Jaber bir konu\u015fma ger\u00e7ekle\u015ftirdi. Sultan bin Ahmed Al Jaber, d\u00fcnyan\u0131n<strong> k\u00fcresel \u0131s\u0131nmay\u0131<\/strong> ve<strong> emisyonlar\u0131 azaltmak<\/strong> i\u00e7in<strong> &#8220;d\u00fczeltici bir yola&#8221;<\/strong> ihtiyac\u0131 oldu\u011funu s\u00f6yleyerek, kapsaml\u0131 bir yol haritas\u0131 geli\u015ftirece\u011fini ifade etti.<img loading=\"lazy\" class=\"alignright wp-image-169317\" src=\"https:\/\/www.enerjigazetesi.ist\/wp-content\/uploads\/2023\/02\/cop28-baskani-dunyanin-iklim-odakli-buyuk-bir-degisime-ihtiyaci-var.jpg\" alt=\"\" width=\"320\" height=\"220\" srcset=\"https:\/\/www.enerjigazetesi.ist\/wp-content\/uploads\/2023\/02\/cop28-baskani-dunyanin-iklim-odakli-buyuk-bir-degisime-ihtiyaci-var.jpg 583w, https:\/\/www.enerjigazetesi.ist\/wp-content\/uploads\/2023\/02\/cop28-baskani-dunyanin-iklim-odakli-buyuk-bir-degisime-ihtiyaci-var-300x206.jpg 300w, https:\/\/www.enerjigazetesi.ist\/wp-content\/uploads\/2023\/02\/cop28-baskani-dunyanin-iklim-odakli-buyuk-bir-degisime-ihtiyaci-var-500x343.jpg 500w, https:\/\/www.enerjigazetesi.ist\/wp-content\/uploads\/2023\/02\/cop28-baskani-dunyanin-iklim-odakli-buyuk-bir-degisime-ihtiyaci-var-73x50.jpg 73w\" sizes=\"(max-width: 320px) 100vw, 320px\" \/><\/p>\n<p>Dr. Sultan bin Ahmed Al Jaber, <em>\u201cYenilenebilir enerji kapasitesini 3 kat\u0131na, hidrojen \u00fcretimini 2 kat\u0131na \u00e7\u0131karmal\u0131, n\u00fckleer enerjiyi yayg\u0131nla\u015ft\u0131rmal\u0131y\u0131z. BAE enerji ge\u00e7i\u015finden sapmad\u0131, aksine ona do\u011fru emin ad\u0131mlarla ilerliyor.\u201d<\/em> dedi.<\/p>\n<p>Al Jaber, bu y\u0131l COP28 Konferans\u0131na ev sahipli\u011fi yapacak olan BAE&#8217;nin yakla\u015f\u0131m\u0131n\u0131n, somut sonu\u00e7lar elde etmek i\u00e7in<strong> olumlu bir zihniyet ortaya koymak<\/strong> ve <strong>ortakl\u0131k ilkesini etkinle\u015ftirmek<\/strong> olaca\u011f\u0131n\u0131 yineledi.<\/p>\n<p>Al Jaber, BAE Devlet Ba\u015fkan\u0131 \u015eeyh Muhammed bin Zayed Al Nahyan&#8217;\u0131n 2015 D\u00fcnya H\u00fck\u00fcmet Zirvesi&#8217;nde BAE\u2019nin gelecek y\u00f6r\u00fcngeli vizyonunu en iyi ifade etti\u011fi konu\u015fmas\u0131na at\u0131fta bulunarak konu\u015fmas\u0131na ba\u015flad\u0131.<\/p>\n<p>Sultan bin Ahmed Al Jaber, <em>\u201c<strong>8 y\u0131l \u00f6nce<\/strong> bu platformdan BAE Devlet Ba\u015fkan\u0131 \u015eeyh Muhammed bin Zayed Al Nahyan, gelece\u011fi \u00f6ng\u00f6ren bir konu\u015fma yapt\u0131 ve \u015f\u00f6yle dedi: &#8220;Bug\u00fcnk\u00fc yat\u0131r\u0131m\u0131m\u0131z do\u011fruysa, son varil petrol\u00fc ihra\u00e7 etti\u011fimizde bunu kutlayaca\u011f\u0131z.&#8221; BAE Ba\u015fkan\u0131 &#8220;kutlamak&#8221; ifadesini kulland\u0131. Bu, iddial\u0131 bir eylem \u00e7a\u011fr\u0131s\u0131yd\u0131, bu \u00e7a\u011fr\u0131n\u0131n olumlu yank\u0131s\u0131 t\u00fcm d\u00fcnyada duyuldu. BAE&#8217;nin gelece\u011fi \u00f6ng\u00f6rerek b\u00fcy\u00fcme ve ilerleme kaydetmesinin, benim \u00fczerimde de yans\u0131mas\u0131 b\u00fcy\u00fck oldu. Geride kalan 50 y\u0131lda tan\u0131k oldu\u011fumuz b\u00fcy\u00fck ilerleme, ger\u00e7ek ve yak\u0131n ortakl\u0131klar\u0131n \u00f6nemine duydu\u011fumuz sars\u0131lmaz inan\u00e7 ve bu ilkeyi kalk\u0131nma stratejimizde uygulamam\u0131za dayanmaktad\u0131r.\u201d<\/em> ifadelerini kulland\u0131.<\/p>\n<p>Dr. Sultan bin Ahmed Al Jaber, <strong>gezegenin s\u0131cakl\u0131\u011f\u0131n\u0131n<\/strong> <strong>1,5 santigrat derecenin<\/strong> \u00fczerine \u00e7\u0131kmas\u0131n\u0131 \u00f6nleme hedefine ula\u015fma konusunda d\u00fcnyan\u0131n do\u011fru yola \u00e7ok uzak oldu\u011funu bir kez daha vurgulad\u0131. Hedeflerin belirlenmesi a\u015famas\u0131ndan uygulamaya ge\u00e7mek i\u00e7in yeni metodolojilere duyulan ihtiyaca dikkat \u00e7ekti.<\/p>\n<p>Al Jaber, <em>&#8220;2030 y\u0131l\u0131na kadar, yani sadece yedi y\u0131l i\u00e7inde k\u00fcresel emisyonlar\u0131 <strong>%43 oran\u0131nda<\/strong> azaltmam\u0131z gerekiyor. Bu nedenle k\u00f6kl\u00fc bir de\u011fi\u015fikli\u011fe ihtiyac\u0131m\u0131z var. Uygulad\u0131\u011f\u0131m\u0131z metodolojilerin geri d\u00f6n\u00fc\u015f\u00fc istenen sonu\u00e7lar\u0131 vermiyor. Bu metodolojilerin hi\u00e7biri art\u0131k istenen hedefler i\u00e7in ge\u00e7erli de\u011fil. Ayr\u0131ca k\u00fcresel ekonomik belirsizli\u011fin, artan jeopolitik gerilimlerin ve enerji g\u00fcvenli\u011fi \u00fczerindeki bask\u0131lar\u0131n artt\u0131\u011f\u0131 bir d\u00f6nemde harekete ge\u00e7memiz gerekiyor. Birinci sanayi devrimine kadar uzanan enerjilere dayanan t\u00fcm end\u00fcstriyel sistemleri temelden d\u00f6n\u00fc\u015ft\u00fcrmeliyiz. K\u0131sacas\u0131, <strong>hafifletme, uyum sa\u011flama, finansman, zarar ve ziyan<\/strong> konular\u0131nda art\u0131k a\u015famal\u0131 ad\u0131mlar yerine, <strong>somut ilerleme<\/strong> a\u015famas\u0131na ge\u00e7memiz gerekiyor&#8221;<\/em> dedi.<\/p>\n<p>Sultan bin Ahmed Al Jaber, <em>\u201cHedef belirlemekten ziyade art\u0131k, bu hedefleri prati\u011fe d\u00f6n\u00fc\u015ft\u00fcrmeye y\u00f6nelik en \u00f6nemli unsurlar aras\u0131nda, sermayenin tahsis edilmesidir. Ayn\u0131 zamanda bir anahtar olan sermayeye, uygun bir maliyetle kolay eri\u015fim sa\u011flamal\u0131y\u0131z. En savunmas\u0131z topluluklar\u0131 korumak, do\u011fa temelli \u00e7\u00f6z\u00fcmlere yat\u0131r\u0131m yapmak, ya\u011fmur ormanlar\u0131n\u0131 korumak ve biyo\u00e7e\u015fitlili\u011fi muhafaza i\u00e7in tahsis edilen y\u0131ll\u0131k fonu ikiye katlamam\u0131z gerekiyor. Sermaye, adil bir iklim finansman\u0131 mekanizmas\u0131n\u0131n temeli olan Kay\u0131p ve Hasar Tazminat Fonu&#8217;nun faaliyete ge\u00e7irilmesinde kritik \u00f6neme sahip. Bu nedenle, uluslararas\u0131 toplum 10 y\u0131l\u0131 a\u015fk\u0131n bir s\u00fcre \u00f6nce verdi\u011fi taahh\u00fctleri yerine getirmelidir. Daha imtiyazl\u0131 finansman sa\u011flamak, riskleri azaltmak, daha fazla \u00f6zel sekt\u00f6r finansman\u0131 \u00e7ekmek ve bunu iklim de\u011fi\u015fikli\u011finin etkilerine kar\u015f\u0131 en savunmas\u0131z topluluklara y\u00f6nlendirmek i\u00e7in uluslararas\u0131 finans kurumlar\u0131nda ve \u00e7ok tarafl\u0131 kalk\u0131nma bankalar\u0131nda reform yap\u0131lmas\u0131 gerekiyor.\u201d<\/em> dedi.<\/p>\n<p>COP28 Ba\u015fkan\u0131 Al Jaber, temiz enerji yat\u0131r\u0131mlar\u0131n\u0131n ger\u00e7ekten de s\u00fcrd\u00fcr\u00fclebilir b\u00fcy\u00fcmeyi destekledi\u011finin alt\u0131n\u0131 \u00e7izerek, iklim eylemini art\u0131rman\u0131n ve h\u0131zland\u0131rman\u0131n ekonomik faydalar\u0131n\u0131 \u00f6zetledi: &#8220;<strong>Emisyon azalt\u0131m\u0131na<\/strong> y\u00f6nelik t\u00fcm alanlarda yat\u0131r\u0131mlar\u0131 art\u0131rmam\u0131z ve bu yat\u0131r\u0131mlar\u0131 bir y\u00fck yerine bir f\u0131rsat olarak g\u00f6rmemiz gerekiyor. Ekonomistler, sanayi sekt\u00f6r\u00fc, enerji sekt\u00f6r\u00fc, elektrik \u00fcretimi, ula\u015f\u0131m ve g\u0131da sistemlerinden kaynaklanan emisyon azalt\u0131mlar\u0131n\u0131n <strong>2030 y\u0131l\u0131na<\/strong> kadar<strong> 12 trilyon dolarl\u0131k ek katk\u0131<\/strong> yaratabilece\u011fini tahmin ediyoruz. COP28 Ba\u015fkanl\u0131\u011f\u0131, iklim de\u011fi\u015fikli\u011fi sorununu ele almay\u0131, birinci sanayi devriminden bu yana kapsay\u0131c\u0131 b\u00fcy\u00fcme ve refah i\u00e7in en b\u00fcy\u00fck f\u0131rsat olarak g\u00f6rmektedir.\u201d ifadelerini kulland\u0131.<\/p>\n<p>Kaynak: <a href=\"https:\/\/tr.al-ain.com\/article\/cop28-baskani-sultan-ahmed-al-jaber\" target=\"_blank\" rel=\"nofollow noopener\">News Alain T\u00fcrk\u00e7e<\/a><\/p>","protected":false},"excerpt":{"rendered":"<p>Sorry, this entry is only available in Turkish. For the sake of viewer convenience, the content is shown below in the alternative language. You may click the link to switch the active language. BAE Sanayi ve \u0130leri Teknoloji Bakan\u0131 ve Birle\u015fmi\u015f Milletler \u0130klim De\u011fi\u015fikli\u011fi \u00c7er\u00e7eve S\u00f6zle\u015fmesi 28. Taraflar Konferans\u0131 (COP28) Ba\u015fkan\u0131 Dr. Sultan Ahmed Al [&hellip;]<\/p>\n","protected":false},"author":1,"featured_media":169317,"comment_status":"open","ping_status":"open","sticky":false,"template":"","format":"standard","meta":[],"categories":[51,53,52],"tags":[3647,107763,12502,54280,1471,107762],"views":58,"_links":{"self":[{"href":"https:\/\/www.enerjigazetesi.ist\/en\/wp-json\/wp\/v2\/posts\/169312"}],"collection":[{"href":"https:\/\/www.enerjigazetesi.ist\/en\/wp-json\/wp\/v2\/posts"}],"about":[{"href":"https:\/\/www.enerjigazetesi.ist\/en\/wp-json\/wp\/v2\/types\/post"}],"author":[{"embeddable":true,"href":"https:\/\/www.enerjigazetesi.ist\/en\/wp-json\/wp\/v2\/users\/1"}],"replies":[{"embeddable":true,"href":"https:\/\/www.enerjigazetesi.ist\/en\/wp-json\/wp\/v2\/comments?post=169312"}],"version-history":[{"count":1,"href":"https:\/\/www.enerjigazetesi.ist\/en\/wp-json\/wp\/v2\/posts\/169312\/revisions"}],"predecessor-version":[{"id":169313,"href":"https:\/\/www.enerjigazetesi.ist\/en\/wp-json\/wp\/v2\/posts\/169312\/revisions\/169313"}],"wp:featuredmedia":[{"embeddable":true,"href":"https:\/\/www.enerjigazetesi.ist\/en\/wp-json\/wp\/v2\/media\/169317"}],"wp:attachment":[{"href":"https:\/\/www.enerjigazetesi.ist\/en\/wp-json\/wp\/v2\/media?parent=169312"}],"wp:term":[{"taxonomy":"category","embeddable":true,"href":"https:\/\/www.enerjigazetesi.ist\/en\/wp-json\/wp\/v2\/categories?post=169312"},{"taxonomy":"post_tag","embeddable":true,"href":"https:\/\/www.enerjigazetesi.ist\/en\/wp-json\/wp\/v2\/tags?post=169312"}],"curies":[{"name":"wp","href":"https:\/\/api.w.org\/{rel}","templated":true}]}}