{"id":169232,"date":"2023-02-15T13:02:54","date_gmt":"2023-02-15T10:02:54","guid":{"rendered":"https:\/\/www.enerjigazetesi.ist\/?p=169232"},"modified":"2023-02-15T13:02:54","modified_gmt":"2023-02-15T10:02:54","slug":"avrupa-birligi-yeni-benzinli-ve-dizel-otomobilleri-2035te-yasakliyor","status":"publish","type":"post","link":"https:\/\/www.enerjigazetesi.ist\/en\/avrupa-birligi-yeni-benzinli-ve-dizel-otomobilleri-2035te-yasakliyor\/","title":{"rendered":"(Turkish) &#8217;Avrupa Birli\u011fi&#8217; Yeni Benzinli ve Dizel Otomobilleri 2035&#8217;te Yasakl\u0131yor"},"content":{"rendered":"<p class=\"qtranxs-available-languages-message qtranxs-available-languages-message-en\">Sorry, this entry is only available in <a href=\"https:\/\/www.enerjigazetesi.ist\/tr\/wp-json\/wp\/v2\/posts\/169232\" class=\"qtranxs-available-language-link qtranxs-available-language-link-tr\" title=\"Turkish\">Turkish<\/a>. For the sake of viewer convenience, the content is shown below in the alternative language. You may click the link to switch the active language.<\/p><p><\/p>\n<h2>Avrupa Birli\u011fi, elektrikli ara\u00e7lara ge\u00e7i\u015fi h\u0131zland\u0131rmak ve iklim de\u011fi\u015fikli\u011fiyle m\u00fccadele amac\u0131yla yeni benzinli ve dizel otomobillerin sat\u0131\u015flar\u0131n\u0131n 2035&#8217;ten itibaren yasaklanmas\u0131 konusunda anla\u015fma sa\u011flad\u0131.<\/h2>\n<p>AB Konseyi, Avrupa Parlamentosu ile \u00fcye \u00fclkeler aras\u0131nda, ta\u015f\u0131tlara yeni karbon emisyon standartlar\u0131 <img loading=\"lazy\" class=\"alignright wp-image-169234\" src=\"https:\/\/www.enerjigazetesi.ist\/wp-content\/uploads\/2023\/02\/avrupa-birligi-yeni-benzinli-ve-dizel-otomobilleri-2035te-yasakliyor.jpg\" alt=\"\" width=\"320\" height=\"218\" srcset=\"https:\/\/www.enerjigazetesi.ist\/wp-content\/uploads\/2023\/02\/avrupa-birligi-yeni-benzinli-ve-dizel-otomobilleri-2035te-yasakliyor.jpg 587w, https:\/\/www.enerjigazetesi.ist\/wp-content\/uploads\/2023\/02\/avrupa-birligi-yeni-benzinli-ve-dizel-otomobilleri-2035te-yasakliyor-300x204.jpg 300w, https:\/\/www.enerjigazetesi.ist\/wp-content\/uploads\/2023\/02\/avrupa-birligi-yeni-benzinli-ve-dizel-otomobilleri-2035te-yasakliyor-500x341.jpg 500w, https:\/\/www.enerjigazetesi.ist\/wp-content\/uploads\/2023\/02\/avrupa-birligi-yeni-benzinli-ve-dizel-otomobilleri-2035te-yasakliyor-73x50.jpg 73w\" sizes=\"(max-width: 320px) 100vw, 320px\" \/>getirecek d\u00fczenlemeye ili\u015fkin yap\u0131lan m\u00fczakerelerde uzla\u015f\u0131 sa\u011fland\u0131\u011f\u0131n\u0131 a\u00e7\u0131klad\u0131.<\/p>\n<p>Buna g\u00f6re, AB \u00fcyesi \u00fclkelerde 2035&#8217;ten itibaren sat\u0131lacak <strong>yeni b\u00fct\u00fcn otomobil<\/strong> ve<strong> hafif ticari ara\u00e7lar\u0131n<\/strong> <strong>s\u0131f\u0131r emisyonlu olmas\u0131<\/strong> gerekecek.<\/p>\n<p><strong>Otomobil \u00fcreticileri<\/strong>, 2035&#8217;e kadar karbon emisyonlar\u0131n\u0131 <strong>% 100<\/strong> azaltacak.<\/p>\n<p data-min-tv-running=\"true\">B\u00f6ylece, AB \u00fclkelerinde s\u00f6z konusu tarihten itibaren <strong>benzinli<\/strong> ve<strong> dizel<\/strong> de dahil <strong>i\u00e7ten yanmal\u0131 motora<\/strong> sahip <strong>yeni otomobil sat\u0131\u015f\u0131 yap\u0131lamayacak.<\/strong><\/p>\n<p>2030 y\u0131l\u0131 emisyon d\u00fc\u015f\u00fcrme hedefi de otomobiller i\u00e7in<strong> % 55<\/strong>, kamyonetler i\u00e7in de <strong>% 50<\/strong> olacak.<\/p>\n<p><strong>AB Komisyonu Ba\u015fkan\u0131 Ursula von der Leyen<\/strong>, sosyal medya hesab\u0131ndan yapt\u0131\u011f\u0131 payla\u015f\u0131mda, <em>&#8220;AP ve AB Konseyi aras\u0131nda 2035 itibar\u0131yla <strong>s\u0131f\u0131r emisyonlu yeni otomobil sat\u0131\u015flar\u0131<\/strong> konusunda bug\u00fcn sa\u011flanan siyasi anla\u015fma, <strong>2030 iklim hedefimize ula\u015fmak<\/strong> i\u00e7in \u00e7ok \u00f6nemli bir d\u00f6n\u00fcm noktas\u0131d\u0131r.&#8221;<\/em> ifadesini kulland\u0131.<\/p>\n<p>AB, <strong>2050&#8217;ye kadar<\/strong> b\u00fct\u00fcn sekt\u00f6rlerin ve ara\u00e7lar\u0131n s\u0131f\u0131r emisyonlu olmas\u0131n\u0131 hedefliyor. D\u00fczenleme, bu a\u015famadan sonra <strong>resmen onaylanmas\u0131n\u0131n<\/strong> ard\u0131ndan <strong>AB Resmi Gazetesi&#8217;nde<\/strong> yay\u0131mlanarak y\u00fcr\u00fcrl\u00fc\u011fe girecek.<\/p>","protected":false},"excerpt":{"rendered":"<p>Sorry, this entry is only available in Turkish. For the sake of viewer convenience, the content is shown below in the alternative language. You may click the link to switch the active language. Avrupa Birli\u011fi, elektrikli ara\u00e7lara ge\u00e7i\u015fi h\u0131zland\u0131rmak ve iklim de\u011fi\u015fikli\u011fiyle m\u00fccadele amac\u0131yla yeni benzinli ve dizel otomobillerin sat\u0131\u015flar\u0131n\u0131n 2035&#8217;ten itibaren yasaklanmas\u0131 konusunda anla\u015fma [&hellip;]<\/p>\n","protected":false},"author":1,"featured_media":169234,"comment_status":"open","ping_status":"open","sticky":false,"template":"","format":"standard","meta":[],"categories":[51,53,44],"tags":[107735,107736,61801],"views":54,"_links":{"self":[{"href":"https:\/\/www.enerjigazetesi.ist\/en\/wp-json\/wp\/v2\/posts\/169232"}],"collection":[{"href":"https:\/\/www.enerjigazetesi.ist\/en\/wp-json\/wp\/v2\/posts"}],"about":[{"href":"https:\/\/www.enerjigazetesi.ist\/en\/wp-json\/wp\/v2\/types\/post"}],"author":[{"embeddable":true,"href":"https:\/\/www.enerjigazetesi.ist\/en\/wp-json\/wp\/v2\/users\/1"}],"replies":[{"embeddable":true,"href":"https:\/\/www.enerjigazetesi.ist\/en\/wp-json\/wp\/v2\/comments?post=169232"}],"version-history":[{"count":0,"href":"https:\/\/www.enerjigazetesi.ist\/en\/wp-json\/wp\/v2\/posts\/169232\/revisions"}],"wp:featuredmedia":[{"embeddable":true,"href":"https:\/\/www.enerjigazetesi.ist\/en\/wp-json\/wp\/v2\/media\/169234"}],"wp:attachment":[{"href":"https:\/\/www.enerjigazetesi.ist\/en\/wp-json\/wp\/v2\/media?parent=169232"}],"wp:term":[{"taxonomy":"category","embeddable":true,"href":"https:\/\/www.enerjigazetesi.ist\/en\/wp-json\/wp\/v2\/categories?post=169232"},{"taxonomy":"post_tag","embeddable":true,"href":"https:\/\/www.enerjigazetesi.ist\/en\/wp-json\/wp\/v2\/tags?post=169232"}],"curies":[{"name":"wp","href":"https:\/\/api.w.org\/{rel}","templated":true}]}}