{"id":16920,"date":"2013-10-28T17:45:53","date_gmt":"2013-10-28T14:45:53","guid":{"rendered":"https:\/\/www.enerjigazetesi.ist\/?p=16920"},"modified":"2013-10-28T17:45:53","modified_gmt":"2013-10-28T14:45:53","slug":"bayramda-tuketim-en-dusuk-seviyede-oldu","status":"publish","type":"post","link":"https:\/\/www.enerjigazetesi.ist\/en\/bayramda-tuketim-en-dusuk-seviyede-oldu\/","title":{"rendered":"(Turkish) Bayramda T\u00fcketim En D\u00fc\u015f\u00fck Seviyede Oldu&#8230;"},"content":{"rendered":"<p class=\"qtranxs-available-languages-message qtranxs-available-languages-message-en\">Sorry, this entry is only available in <a href=\"https:\/\/www.enerjigazetesi.ist\/tr\/wp-json\/wp\/v2\/posts\/16920\" class=\"qtranxs-available-language-link qtranxs-available-language-link-tr\" title=\"Turkish\">Turkish<\/a>. For the sake of viewer convenience, the content is shown below in the alternative language. You may click the link to switch the active language.<\/p><p><strong>T\u00fcrkiye&#8217;de elektrik t\u00fcketimi Kurban Bayram\u0131\u2019n\u0131n ilk g\u00fcn\u00fcnde y\u0131l\u0131n en d\u00fc\u015f\u00fck seviyesine indi.<\/strong><\/p>\n<p>T\u00fcrkiye Elektrik \u0130letim A\u015e verilerine g\u00f6re, bayram tatilinde i\u015f yerlerinin b\u00fcy\u00fck b\u00f6l\u00fcm\u00fcn\u00fcn kapal\u0131 olmas\u0131, tatil dolay\u0131s\u0131yla konutlardaki elektrikli-elektronik ara\u00e7lar\u0131n daha az kullan\u0131lmas\u0131 elektrik t\u00fcketimini ciddi bi\u00e7imde azaltt\u0131.<a href=\"https:\/\/www.enerjigazetesi.ist\/wp-content\/uploads\/2013\/06\/manavgat-ta-copten-elektrik-uretimi-tesisi-kuruldu.jpg\"><img loading=\"lazy\" class=\"alignright size-medium wp-image-12221\" title=\"elektrik-t\u00fcketimi\" src=\"https:\/\/www.enerjigazetesi.ist\/wp-content\/uploads\/2013\/06\/manavgat-ta-copten-elektrik-uretimi-tesisi-kuruldu-300x181.jpg\" alt=\"\" width=\"300\" height=\"181\" srcset=\"https:\/\/www.enerjigazetesi.ist\/wp-content\/uploads\/2013\/06\/manavgat-ta-copten-elektrik-uretimi-tesisi-kuruldu-300x181.jpg 300w, https:\/\/www.enerjigazetesi.ist\/wp-content\/uploads\/2013\/06\/manavgat-ta-copten-elektrik-uretimi-tesisi-kuruldu-80x48.jpg 80w, https:\/\/www.enerjigazetesi.ist\/wp-content\/uploads\/2013\/06\/manavgat-ta-copten-elektrik-uretimi-tesisi-kuruldu.jpg 480w\" sizes=\"(max-width: 300px) 100vw, 300px\" \/><\/a><\/p>\n<p>Tatildeki elektrik t\u00fcketimi, y\u0131l\u0131n en fazla elektrik t\u00fcketildi\u011fi yaz aylar\u0131na k\u0131yasla neredeyse yar\u0131 yar\u0131ya azald\u0131. Bayram\u0131n ikinci g\u00fcn\u00fcyle birlikte elektrik t\u00fcketimi art\u0131\u015fa ge\u00e7erken, bayram\u0131n ikinci g\u00fcn\u00fcnde 423 bin 189, \u00fc\u00e7\u00fcnc\u00fc g\u00fcn\u00fcnde 445 bin 742, son g\u00fcn\u00fcnde ise 468 bin 782 kilovatsaatlik t\u00fcketim rakamlar\u0131na ula\u015f\u0131ld\u0131.<\/p>\n<p>9 g\u00fcnl\u00fck tatilin son iki g\u00fcn\u00fcnde elektrik t\u00fcketimi 500 kilovatsaatin \u00fczerine \u00e7\u0131kt\u0131. 19 Ekim Cumartesi g\u00fcn\u00fc 516 bin 672, 20 Ekim Pazar g\u00fcn\u00fc 539 bin 760 kilovat saatlik elektrik t\u00fcketimi oldu. Bu y\u0131l en y\u00fcksek elektrik t\u00fcketim rakam\u0131na ise a\u011fustos ay\u0131nda ula\u015f\u0131ld\u0131. Elektrik t\u00fcketimi 29 A\u011fustos\u2019ta 772 bin 150 kilovatsaat ile zirveye \u00e7\u0131kt\u0131. A\u011fustos ay\u0131 boyunca elektrik t\u00fcketimi 750 kilovatsaat civar\u0131nda seyretti. Elektrik t\u00fcketimi eyl\u00fcl ay\u0131 ile birlikte gerilemeye ba\u015flarken, t\u00fcketim seviyesi yakla\u015f\u0131k 750 kilovatsaatte kald\u0131.<\/p>\n<p>Kaynak: <a href=\"http:\/\/www.energyworld.com.tr\/root.vol?title=bayramda-tuketim-en-dusuk-seviyede-oldu&amp;exec=page&amp;nid=583955\" target=\"_blank\">Energy World<\/a><\/p>","protected":false},"excerpt":{"rendered":"<p>Sorry, this entry is only available in Turkish. For the sake of viewer convenience, the content is shown below in the alternative language. You may click the link to switch the active language.T\u00fcrkiye&#8217;de elektrik t\u00fcketimi Kurban Bayram\u0131\u2019n\u0131n ilk g\u00fcn\u00fcnde y\u0131l\u0131n en d\u00fc\u015f\u00fck seviyesine indi. T\u00fcrkiye Elektrik \u0130letim A\u015e verilerine g\u00f6re, bayram tatilinde i\u015f yerlerinin b\u00fcy\u00fck [&hellip;]<\/p>\n","protected":false},"author":1,"featured_media":12221,"comment_status":"open","ping_status":"open","sticky":false,"template":"","format":"standard","meta":[],"categories":[51,53],"tags":[9903,68,61,130,63,67,1009,165,7964,9904,9902],"views":428,"_links":{"self":[{"href":"https:\/\/www.enerjigazetesi.ist\/en\/wp-json\/wp\/v2\/posts\/16920"}],"collection":[{"href":"https:\/\/www.enerjigazetesi.ist\/en\/wp-json\/wp\/v2\/posts"}],"about":[{"href":"https:\/\/www.enerjigazetesi.ist\/en\/wp-json\/wp\/v2\/types\/post"}],"author":[{"embeddable":true,"href":"https:\/\/www.enerjigazetesi.ist\/en\/wp-json\/wp\/v2\/users\/1"}],"replies":[{"embeddable":true,"href":"https:\/\/www.enerjigazetesi.ist\/en\/wp-json\/wp\/v2\/comments?post=16920"}],"version-history":[{"count":1,"href":"https:\/\/www.enerjigazetesi.ist\/en\/wp-json\/wp\/v2\/posts\/16920\/revisions"}],"predecessor-version":[{"id":16921,"href":"https:\/\/www.enerjigazetesi.ist\/en\/wp-json\/wp\/v2\/posts\/16920\/revisions\/16921"}],"wp:featuredmedia":[{"embeddable":true,"href":"https:\/\/www.enerjigazetesi.ist\/en\/wp-json\/wp\/v2\/media\/12221"}],"wp:attachment":[{"href":"https:\/\/www.enerjigazetesi.ist\/en\/wp-json\/wp\/v2\/media?parent=16920"}],"wp:term":[{"taxonomy":"category","embeddable":true,"href":"https:\/\/www.enerjigazetesi.ist\/en\/wp-json\/wp\/v2\/categories?post=16920"},{"taxonomy":"post_tag","embeddable":true,"href":"https:\/\/www.enerjigazetesi.ist\/en\/wp-json\/wp\/v2\/tags?post=16920"}],"curies":[{"name":"wp","href":"https:\/\/api.w.org\/{rel}","templated":true}]}}