{"id":169157,"date":"2023-02-14T11:11:09","date_gmt":"2023-02-14T08:11:09","guid":{"rendered":"https:\/\/www.enerjigazetesi.ist\/?p=169157"},"modified":"2023-02-14T11:13:08","modified_gmt":"2023-02-14T08:13:08","slug":"turkiye-muteahhitler-birliginden-deprem-bolgesinin-yeniden-imarina-destek","status":"publish","type":"post","link":"https:\/\/www.enerjigazetesi.ist\/en\/turkiye-muteahhitler-birliginden-deprem-bolgesinin-yeniden-imarina-destek\/","title":{"rendered":"(Turkish) TMB\u2019den Deprem B\u00f6lgesinin Yeniden \u0130mar\u0131na Destek"},"content":{"rendered":"<p class=\"qtranxs-available-languages-message qtranxs-available-languages-message-en\">Sorry, this entry is only available in <a href=\"https:\/\/www.enerjigazetesi.ist\/tr\/wp-json\/wp\/v2\/posts\/169157\" class=\"qtranxs-available-language-link qtranxs-available-language-link-tr\" title=\"Turkish\">Turkish<\/a>. For the sake of viewer convenience, the content is shown below in the alternative language. You may click the link to switch the active language.<\/p><p><\/p>\n<h2>T\u00fcrkiye M\u00fcteahhitler Birli\u011fi (TMB) deprem b\u00f6lgesinin yeniden imar\u0131na destek vermek i\u00e7in karar ald\u0131. TMB karar a\u00e7\u0131klamas\u0131nda, <em>\u201cSekt\u00f6r\u00fcm\u00fczdeki artan girdi maliyetleri ve k\u00fcresel konjonkt\u00fcrdeki olumsuzluklar\u0131n sebep oldu\u011fu \u00e7ok a\u011f\u0131r \u015fartlara ra\u011fmen ald\u0131\u011f\u0131m\u0131z karar \u00e7er\u00e7evesinde, \u00fcstlenmi\u015f bulundu\u011fumuz kamu projelerine ait 2022 y\u0131l\u0131ndan bakiye alacaklar\u0131m\u0131z ile yap\u0131m\u0131 halen devam eden ya da bu y\u0131l i\u00e7inde imzalanacak projelere ait 2023 y\u0131l\u0131nda tahakkuk edecek hakedi\u015flerimizden %1\u2019i deprem b\u00f6lgesindeki yeniden imar\u0131 i\u00e7in ba\u011f\u0131\u015flanacakt\u0131r\u201d<\/em> denildi.<\/h2>\n<p>2023 y\u0131l\u0131nda yap\u0131lacak in\u015faat yat\u0131r\u0131m tutar\u0131n\u0131n takribi <strong>450-500 milyar TL<\/strong> olaca\u011f\u0131 \u00f6ng\u00f6r\u00fcs\u00fc ile m\u00fcteahhitler taraf\u0131ndan yap\u0131lacak yeniden imar faaliyetine katk\u0131n\u0131n <strong>4,5-5 milyar TL<\/strong>\u2019ye ula\u015fmas\u0131 hedefleniyor. TMB\u2019nin yapm\u0131\u015f oldu\u011fu a\u00e7\u0131klamada <span style=\"text-decoration: underline;\">\u015fu ifadeler yer ald\u0131:<\/span><\/p>\n<p><img loading=\"lazy\" class=\"alignright wp-image-169160\" src=\"https:\/\/www.enerjigazetesi.ist\/wp-content\/uploads\/2023\/02\/turkiye-muteahhitler-birliginden-deprem-bolgesinin-yeniden-imarina-destek.jpg\" alt=\"\" width=\"320\" height=\"218\" srcset=\"https:\/\/www.enerjigazetesi.ist\/wp-content\/uploads\/2023\/02\/turkiye-muteahhitler-birliginden-deprem-bolgesinin-yeniden-imarina-destek.jpg 550w, https:\/\/www.enerjigazetesi.ist\/wp-content\/uploads\/2023\/02\/turkiye-muteahhitler-birliginden-deprem-bolgesinin-yeniden-imarina-destek-300x204.jpg 300w, https:\/\/www.enerjigazetesi.ist\/wp-content\/uploads\/2023\/02\/turkiye-muteahhitler-birliginden-deprem-bolgesinin-yeniden-imarina-destek-500x340.jpg 500w, https:\/\/www.enerjigazetesi.ist\/wp-content\/uploads\/2023\/02\/turkiye-muteahhitler-birliginden-deprem-bolgesinin-yeniden-imarina-destek-74x50.jpg 74w\" sizes=\"(max-width: 320px) 100vw, 320px\" \/>\u201c\u00dclkemizde 6 \u015eubat 2023 tarihinde art arda meydana gelen 7,7 ve 7,6 b\u00fcy\u00fckl\u00fc\u011f\u00fcndeki Kahramanmara\u015f merkezli depremlerin hemen ard\u0131ndan T\u00fcrkiye M\u00fcteahhitler Birli\u011fi \u00fcyeleri, depremden etkilenen illerde vatanda\u015flar\u0131m\u0131z\u0131n enkaz alt\u0131ndan \u00e7\u0131kar\u0131lmas\u0131 ve acil insani ihtiya\u00e7lar\u0131n\u0131n kar\u015f\u0131lanmas\u0131 amac\u0131yla, <strong>b\u00fct\u00fcn makina g\u00fc\u00e7ler<\/strong>i ile birlikte<strong> imkanlar\u0131n\u0131<\/strong> b\u00f6lgeye seferber etmi\u015flerdir.<\/p>\n<p>Firmalar\u0131m\u0131z, afetzede vatanda\u015flar\u0131m\u0131z\u0131n bar\u0131nma ve yemek gereksinimlerini kar\u015f\u0131lamak \u00fczere b\u00f6lgedeki \u015fantiye tesislerini de kullan\u0131ma a\u00e7m\u0131\u015f, konteyner ve \u00e7ad\u0131r kentler kurulmas\u0131 y\u00f6n\u00fcnde \u00e7al\u0131\u015fmalara ba\u015flayarak \u00e7ok say\u0131da g\u0131da ve ihtiya\u00e7 malzemesinin temini yoluna gitmi\u015flerdir.<\/p>\n<p>Depremlerde ba\u015fta <strong>Kahramanmara\u015f, Hatay<\/strong> ve <strong>Ad\u0131yaman<\/strong> olmak \u00fczere <strong>Gaziantep, \u015eanl\u0131urfa, Diyarbak\u0131r, Adana, Osmaniye, Kilis, Malatya ve Elaz\u0131\u011f\u2019da<\/strong> y\u00fcre\u011fimizi par\u00e7alayan can kay\u0131plar\u0131 ve yaralanmalar\u0131n yan\u0131 s\u0131ra \u00e7ok say\u0131da vatanda\u015f\u0131m\u0131z evsiz kalm\u0131\u015ft\u0131r.<\/p>\n<p>S\u00f6z konusu arama kurtarma ve acil insani yard\u0131m \u00e7al\u0131\u015fmalar\u0131 bir yandan s\u00fcrerken, art\u0131k b\u00f6lgeye destek konusunda 2&#8217;inci a\u015famaya gelinmi\u015ftir.<\/p>\n<p>Devletimiz ilk a\u015famada evi y\u0131k\u0131lan ya da kullan\u0131lamaz hale gelen vatanda\u015flar\u0131m\u0131z i\u00e7in ge\u00e7ici ve kal\u0131c\u0131 konut yap\u0131m\u0131 projeleri olmak \u00fczere, \u00f6n\u00fcm\u00fczdeki k\u0131sa d\u00f6nem i\u00e7erisinde b\u00f6lgenin yeniden imar\u0131n\u0131 1&#8217;inci \u00f6ncelik olarak belirlemi\u015ftir.<\/p>\n<p>Evsiz kalan bir milyonu a\u015fk\u0131n vatanda\u015f\u0131m\u0131z\u0131n bar\u0131nma ihtiyac\u0131n\u0131n bir an \u00f6nce kar\u015f\u0131lanmas\u0131 a\u015famas\u0131nda, \u00fclkemizin en \u00f6nemli projelerini ger\u00e7ekle\u015ftirmi\u015f m\u00fcteahhitlik firmalar\u0131n\u0131n bir araya geldi\u011fi <strong>T\u00fcrkiye M\u00fcteahhitler Birli\u011fi<\/strong> ailesi olarak, ba\u015flat\u0131lacak yeniden imar hamlesine katk\u0131da bulunma karar\u0131 ald\u0131k. Kendileriyle karar\u0131m\u0131z\u0131 payla\u015fma imk\u00e2n\u0131 buldu\u011fumuz Birli\u011fimiz \u00fcyesi olmayan kamu m\u00fcteahhitleri de bu \u00f6nerimize kat\u0131lacaklar\u0131n\u0131 belirttiler.<\/p>\n<p>Sekt\u00f6r\u00fcm\u00fczdeki artan girdi maliyetleri ve k\u00fcresel konjonkt\u00fcrdeki olumsuzluklar\u0131n sebep oldu\u011fu \u00e7ok a\u011f\u0131r \u015fartlara ra\u011fmen ald\u0131\u011f\u0131m\u0131z karar \u00e7er\u00e7evesinde, \u00fcstlenmi\u015f bulundu\u011fumuz kamu projelerine ait 2022 y\u0131l\u0131ndan bakiye alacaklar\u0131m\u0131z ile yap\u0131m\u0131 halen devam eden ya da bu y\u0131l i\u00e7inde imzalanacak projelere ait <strong>2023 y\u0131l\u0131nda<\/strong> tahakkuk edecek hakedi\u015flerimizden <strong>%1\u2019i<\/strong> deprem b\u00f6lgesindeki <strong>yeniden imar\u0131 i\u00e7in ba\u011f\u0131\u015flanacakt\u0131r.<\/strong><\/p>\n<p>KGM, DHM\u0130, TCDD, DS\u0130, Altyap\u0131 Yat\u0131r\u0131mlar\u0131 Genel M\u00fcd\u00fcrl\u00fc\u011f\u00fc, Enerji ve Tabii Kaynaklar Bakanl\u0131\u011f\u0131, Milli E\u011fitim Bakanl\u0131\u011f\u0131, Sa\u011fl\u0131k Bakanl\u0131\u011f\u0131, TOK\u0130, Emlak Konut, il \u00f6zel idareleri ve belediyeler gibi kamu kurulu\u015flar\u0131n\u0131n, kendileri ile s\u00f6zle\u015fmeleri olan meslekta\u015flar\u0131m\u0131zdan birer muvafakatname alarak, tahakkuk a\u015famas\u0131nda yap\u0131lacak her hakedi\u015fin <strong>%1<\/strong>\u2019ini s\u00f6z konusu firma ad\u0131na<strong> AFAD hesab\u0131na ba\u011f\u0131\u015f<\/strong> olarak aktarmalar\u0131n\u0131 \u00f6neriyoruz.<\/p>\n<p>Bu sayede 2023 y\u0131l\u0131nda yap\u0131lacak in\u015faat yat\u0131r\u0131m tutar\u0131n\u0131n takribi <strong>450-500 milyar TL<\/strong> olaca\u011f\u0131 \u00f6ng\u00f6r\u00fcs\u00fc ile meslekta\u015flar\u0131m\u0131z taraf\u0131ndan yap\u0131lacak <strong>yeniden imar faaliyetine<\/strong> katk\u0131n\u0131n <strong>4,5-5 milyar TL<\/strong>\u2019ye ula\u015fmas\u0131n\u0131 hedefliyoruz.<\/p>\n<p>Halen <strong>kamu idareleri<\/strong> ile devam eden <strong>s\u00f6zle\u015fmesi<\/strong> olmayan \u00fcyelerimizin de bu mertebelere paralel yapacaklar\u0131 ba\u011f\u0131\u015flarla, <strong>toplanacak yard\u0131m miktar\u0131<\/strong> daha b\u00fcy\u00fck tutarlara ula\u015facakt\u0131r.<\/p>\n<p>Bu \u00f6nerimizin toplumumuzda geni\u015f kabul g\u00f6ren \u201cyard\u0131m\u0131n gizli olmas\u0131\u201d prensibine de uygun olaca\u011f\u0131n\u0131 d\u00fc\u015f\u00fcn\u00fcyoruz.<\/p>","protected":false},"excerpt":{"rendered":"<p>Sorry, this entry is only available in Turkish. For the sake of viewer convenience, the content is shown below in the alternative language. You may click the link to switch the active language. T\u00fcrkiye M\u00fcteahhitler Birli\u011fi (TMB) deprem b\u00f6lgesinin yeniden imar\u0131na destek vermek i\u00e7in karar ald\u0131. TMB karar a\u00e7\u0131klamas\u0131nda, \u201cSekt\u00f6r\u00fcm\u00fczdeki artan girdi maliyetleri ve k\u00fcresel [&hellip;]<\/p>\n","protected":false},"author":1,"featured_media":169160,"comment_status":"open","ping_status":"open","sticky":false,"template":"","format":"standard","meta":[],"categories":[53],"tags":[76176,66649,107721,107719,107720],"views":30,"_links":{"self":[{"href":"https:\/\/www.enerjigazetesi.ist\/en\/wp-json\/wp\/v2\/posts\/169157"}],"collection":[{"href":"https:\/\/www.enerjigazetesi.ist\/en\/wp-json\/wp\/v2\/posts"}],"about":[{"href":"https:\/\/www.enerjigazetesi.ist\/en\/wp-json\/wp\/v2\/types\/post"}],"author":[{"embeddable":true,"href":"https:\/\/www.enerjigazetesi.ist\/en\/wp-json\/wp\/v2\/users\/1"}],"replies":[{"embeddable":true,"href":"https:\/\/www.enerjigazetesi.ist\/en\/wp-json\/wp\/v2\/comments?post=169157"}],"version-history":[{"count":1,"href":"https:\/\/www.enerjigazetesi.ist\/en\/wp-json\/wp\/v2\/posts\/169157\/revisions"}],"predecessor-version":[{"id":169158,"href":"https:\/\/www.enerjigazetesi.ist\/en\/wp-json\/wp\/v2\/posts\/169157\/revisions\/169158"}],"wp:featuredmedia":[{"embeddable":true,"href":"https:\/\/www.enerjigazetesi.ist\/en\/wp-json\/wp\/v2\/media\/169160"}],"wp:attachment":[{"href":"https:\/\/www.enerjigazetesi.ist\/en\/wp-json\/wp\/v2\/media?parent=169157"}],"wp:term":[{"taxonomy":"category","embeddable":true,"href":"https:\/\/www.enerjigazetesi.ist\/en\/wp-json\/wp\/v2\/categories?post=169157"},{"taxonomy":"post_tag","embeddable":true,"href":"https:\/\/www.enerjigazetesi.ist\/en\/wp-json\/wp\/v2\/tags?post=169157"}],"curies":[{"name":"wp","href":"https:\/\/api.w.org\/{rel}","templated":true}]}}