{"id":169113,"date":"2023-02-13T14:24:39","date_gmt":"2023-02-13T11:24:39","guid":{"rendered":"https:\/\/www.enerjigazetesi.ist\/?p=169113"},"modified":"2023-02-13T14:31:57","modified_gmt":"2023-02-13T11:31:57","slug":"bm-genel-sekreteri-antonio-guterres-iklim-bilimini-gormezden-geldiler","status":"publish","type":"post","link":"https:\/\/www.enerjigazetesi.ist\/en\/bm-genel-sekreteri-antonio-guterres-iklim-bilimini-gormezden-geldiler\/","title":{"rendered":"(Turkish) BM Genel Sekreteri Antonio Guterres: &#8220;\u0130klim Bilimini G\u00f6rmezden Geldiler&#8221;"},"content":{"rendered":"<p class=\"qtranxs-available-languages-message qtranxs-available-languages-message-en\">Sorry, this entry is only available in <a href=\"https:\/\/www.enerjigazetesi.ist\/tr\/wp-json\/wp\/v2\/posts\/169113\" class=\"qtranxs-available-language-link qtranxs-available-language-link-tr\" title=\"Turkish\">Turkish<\/a>. For the sake of viewer convenience, the content is shown below in the alternative language. You may click the link to switch the active language.<\/p><p><\/p>\n<h2>Birle\u015fmi\u015f Milletler Genel Sekreteri Antonio Guterres, fosil yak\u0131t devlerini \u201ciklim bilimini g\u00f6rmezden geldikleri\u201d gerek\u00e7esiyle sert ifadelerle ele\u015ftirdi. \u0130klim de\u011fi\u015fikli\u011fine ili\u015fkin bilimin on y\u0131llard\u0131r net oldu\u011funu belirten Guterres, petrol ve gaz end\u00fcstrisini, i\u015f modellerinin insano\u011flunun hayatta kalmas\u0131yla ba\u011fda\u015fmad\u0131\u011f\u0131n\u0131 gayet iyi bilmelerine ra\u011fmen yine de \u00fcretimi artt\u0131rmaya \u00e7al\u0131\u015fmakla su\u00e7lad\u0131.<\/h2>\n<p>Davos\u2019taki D\u00fcnya Ekonomik Forumu\u2019nda konu\u015fan Guterres, iklim de\u011fi\u015fikli\u011fini<strong> \u201cvarolu\u015fsal sorun\u201d<\/strong> olarak nitelendirdi.<\/p>\n<p><img loading=\"lazy\" class=\"alignright wp-image-169115\" src=\"https:\/\/www.enerjigazetesi.ist\/wp-content\/uploads\/2023\/02\/bm-genel-sekreteri-antonio-guterres-iklim-bilimini-gormezden-geldiler.jpg\" alt=\"\" width=\"320\" height=\"217\" srcset=\"https:\/\/www.enerjigazetesi.ist\/wp-content\/uploads\/2023\/02\/bm-genel-sekreteri-antonio-guterres-iklim-bilimini-gormezden-geldiler.jpg 1197w, https:\/\/www.enerjigazetesi.ist\/wp-content\/uploads\/2023\/02\/bm-genel-sekreteri-antonio-guterres-iklim-bilimini-gormezden-geldiler-300x203.jpg 300w, https:\/\/www.enerjigazetesi.ist\/wp-content\/uploads\/2023\/02\/bm-genel-sekreteri-antonio-guterres-iklim-bilimini-gormezden-geldiler-1024x693.jpg 1024w, https:\/\/www.enerjigazetesi.ist\/wp-content\/uploads\/2023\/02\/bm-genel-sekreteri-antonio-guterres-iklim-bilimini-gormezden-geldiler-768x520.jpg 768w, https:\/\/www.enerjigazetesi.ist\/wp-content\/uploads\/2023\/02\/bm-genel-sekreteri-antonio-guterres-iklim-bilimini-gormezden-geldiler-500x338.jpg 500w, https:\/\/www.enerjigazetesi.ist\/wp-content\/uploads\/2023\/02\/bm-genel-sekreteri-antonio-guterres-iklim-bilimini-gormezden-geldiler-74x50.jpg 74w\" sizes=\"(max-width: 320px) 100vw, 320px\" \/>D\u00fcnya\u2019n\u0131n s\u0131cakl\u0131k art\u0131\u015f\u0131n\u0131 <strong>1,5 santigrat derece<\/strong> ile s\u0131n\u0131rland\u0131rmaya y\u00f6nelik <strong>k\u00fcresel taahh\u00fcd\u00fcn<\/strong> de <strong><em>\u201cneredeyse buhar olup u\u00e7aca\u011f\u0131\u201d<\/em> <\/strong>de\u011ferlendirmesinde bulundu.<\/p>\n<p><strong>Sera gaz\u0131 emisyonlar\u0131n\u0131n rekor seviyelerde<\/strong> oldu\u011funa i\u015faret eden BM Genel Sekreteri, <em>\u201cK\u00fcresel s\u0131cakl\u0131k art\u0131\u015f\u0131n\u0131 <strong>1,5 derece<\/strong> ile s\u0131n\u0131rland\u0131rma taahh\u00fcd\u00fc heba oluyor. Daha fazla \u00f6nlem al\u0131nmazsa<strong> 2,8 derecelik<\/strong> bir art\u0131\u015fa do\u011fru gidiyoruz. Bunun sonu\u00e7lar\u0131 y\u0131k\u0131c\u0131 olacak, gezegenimizin baz\u0131 b\u00f6lgeleri ya\u015fanmaz hale gelecek. Bu bir\u00e7ok ki\u015fi i\u00e7in \u00f6l\u00fcm cezas\u0131. Ancak bir s\u00fcrpriz de\u011fil, bilim bunu y\u0131llard\u0131r a\u00e7\u0131kl\u0131yor.\u201d dedi.<\/em><\/p>\n<p><em>Exxon Mobil\u2019de \u00e7al\u0131\u015fan bilim insanlar\u0131n\u0131n \u015firketin, \u0131s\u0131nman\u0131n ger\u00e7ekli\u011finden \u015f\u00fcphe duymas\u0131na ra\u011fmen, 1970\u2019lerde iklim de\u011fi\u015fikli\u011finin etkileriyle ilgili<strong> \u201c\u015fok edici beceri ve do\u011frulukla\u201d<\/strong> tahmin ettiklerini ortaya koyan yak\u0131n tarihli bir ara\u015ft\u0131rmaya at\u0131fta bulunan Guterres, \u201cGe\u00e7en hafta \u00f6\u011frendik ki baz\u0131 fosil yak\u0131t \u00fcreticileri, 1970\u2019lerde \u00fcr\u00fcnlerinin gezegenimizi kavurdu\u011funun tamamen fark\u0131ndaym\u0131\u015f. B\u00fcy\u00fck Petrol\u2019den (d\u00fcnyan\u0131n enerji devi \u015firketleri) baz\u0131lar\u0131 b\u00fcy\u00fck yalan\u0131 yayd\u0131.\u201d<\/em> ifadelerini kulland\u0131.<\/p>\n<p>Kaynak: <a href=\"https:\/\/tr.euronews.com\/2023\/01\/18\/bm-genel-sekreteri-guterresten-enerji-devi-firmalara-elestiri-iklim-bilimini-gormezden-gel#:~:text=%C4%B0svi%C3%A7re-,BM%20Genel%20Sekreteri%20Guterres'ten%20enerji%20devi,ele%C5%9Ftiri%3A%20%C4%B0klim%20bilimini%20g%C3%B6rmezden%20geldiler&amp;text=Birle%C5%9Fmi%C5%9F%20Milletler%20Genel%20Sekreteri%20Antonio,geldikleri%22%20gerek%C3%A7esiyle%20sert%20ifadelerle%20ele%C5%9Ftirdi.\" target=\"_blank\" rel=\"nofollow noopener\">Euronews<\/a><\/p>","protected":false},"excerpt":{"rendered":"<p>Sorry, this entry is only available in Turkish. For the sake of viewer convenience, the content is shown below in the alternative language. You may click the link to switch the active language. Birle\u015fmi\u015f Milletler Genel Sekreteri Antonio Guterres, fosil yak\u0131t devlerini \u201ciklim bilimini g\u00f6rmezden geldikleri\u201d gerek\u00e7esiyle sert ifadelerle ele\u015ftirdi. \u0130klim de\u011fi\u015fikli\u011fine ili\u015fkin bilimin on [&hellip;]<\/p>\n","protected":false},"author":1,"featured_media":169115,"comment_status":"open","ping_status":"open","sticky":false,"template":"","format":"standard","meta":[],"categories":[46,53,52,44],"tags":[103865,1999,20644,2533],"views":50,"_links":{"self":[{"href":"https:\/\/www.enerjigazetesi.ist\/en\/wp-json\/wp\/v2\/posts\/169113"}],"collection":[{"href":"https:\/\/www.enerjigazetesi.ist\/en\/wp-json\/wp\/v2\/posts"}],"about":[{"href":"https:\/\/www.enerjigazetesi.ist\/en\/wp-json\/wp\/v2\/types\/post"}],"author":[{"embeddable":true,"href":"https:\/\/www.enerjigazetesi.ist\/en\/wp-json\/wp\/v2\/users\/1"}],"replies":[{"embeddable":true,"href":"https:\/\/www.enerjigazetesi.ist\/en\/wp-json\/wp\/v2\/comments?post=169113"}],"version-history":[{"count":0,"href":"https:\/\/www.enerjigazetesi.ist\/en\/wp-json\/wp\/v2\/posts\/169113\/revisions"}],"wp:featuredmedia":[{"embeddable":true,"href":"https:\/\/www.enerjigazetesi.ist\/en\/wp-json\/wp\/v2\/media\/169115"}],"wp:attachment":[{"href":"https:\/\/www.enerjigazetesi.ist\/en\/wp-json\/wp\/v2\/media?parent=169113"}],"wp:term":[{"taxonomy":"category","embeddable":true,"href":"https:\/\/www.enerjigazetesi.ist\/en\/wp-json\/wp\/v2\/categories?post=169113"},{"taxonomy":"post_tag","embeddable":true,"href":"https:\/\/www.enerjigazetesi.ist\/en\/wp-json\/wp\/v2\/tags?post=169113"}],"curies":[{"name":"wp","href":"https:\/\/api.w.org\/{rel}","templated":true}]}}