{"id":1691,"date":"2012-08-29T09:18:55","date_gmt":"2012-08-29T06:18:55","guid":{"rendered":"https:\/\/www.enerjigazetesi.ist\/?p=1691"},"modified":"2012-08-29T09:18:55","modified_gmt":"2012-08-29T06:18:55","slug":"avusturyali-enerji-ortagi-devi-sabancidan-cikiyor","status":"publish","type":"post","link":"https:\/\/www.enerjigazetesi.ist\/en\/avusturyali-enerji-ortagi-devi-sabancidan-cikiyor\/","title":{"rendered":"(Turkish) Avusturyal\u0131 Enerji Orta\u011f\u0131 Devi Sabanc\u0131&#8217;dan \u00e7\u0131k\u0131yor"},"content":{"rendered":"<p class=\"qtranxs-available-languages-message qtranxs-available-languages-message-en\">Sorry, this entry is only available in <a href=\"https:\/\/www.enerjigazetesi.ist\/tr\/wp-json\/wp\/v2\/posts\/1691\" class=\"qtranxs-available-language-link qtranxs-available-language-link-tr\" title=\"Turkish\">Turkish<\/a>. For the sake of viewer convenience, the content is shown below in the alternative language. You may click the link to switch the active language.<\/p><p><\/p>\n<div><strong>Avusturyal\u0131 enerji devi Verbund&#8217;un Enerjisa&#8217;daki y\u00fczde 50 ortakl\u0131\u011f\u0131n\u0131 devrediyor.<\/strong><\/div>\n<div>\u00a0<\/div>\n<div><img loading=\"lazy\" class=\"alignleft size-medium wp-image-1692\" title=\"enerjisa-sabanc\u0131-holding\" src=\"https:\/\/www.enerjigazetesi.ist\/wp-content\/uploads\/2012\/08\/enerjisa-sabanc\u0131-holding-300x199.jpg\" alt=\"\" width=\"300\" height=\"199\" srcset=\"https:\/\/www.enerjigazetesi.ist\/wp-content\/uploads\/2012\/08\/enerjisa-sabanc\u0131-holding-300x199.jpg 300w, https:\/\/www.enerjigazetesi.ist\/wp-content\/uploads\/2012\/08\/enerjisa-sabanc\u0131-holding-75x50.jpg 75w, https:\/\/www.enerjigazetesi.ist\/wp-content\/uploads\/2012\/08\/enerjisa-sabanc\u0131-holding.jpg 440w\" sizes=\"(max-width: 300px) 100vw, 300px\" \/>T\u00fcrkiye&#8217;de enerji alan\u0131nda \u00f6nemli projelere imza atan Avusturyal\u0131 enerji devi Verbund&#8217;un Enerjisa&#8217;daki y\u00fczde 50 ortakl\u0131\u011f\u0131n\u0131 Alman enerji \u015firketi E.ON&#8217;a devredece\u011fi iddia ediliyor.<\/div>\n<div>Avusturya medyas\u0131nda yer alan haberlere g\u00f6re, Verbund ve E.ON \u015firketleri hisse devri konusunda g\u00f6r\u00fc\u015fme y\u00fcr\u00fct\u00fcyor. Verbund&#8217;un Enerjisa hisseleri kar\u015f\u0131l\u0131\u011f\u0131nda E.ON&#8217;a ait hidroelektrik santralleri alaca\u011f\u0131 \u00f6ne s\u00fcr\u00fcl\u00fcyor.<\/p>\n<p>Haftal\u0131k Trend dergisi bu haftaki say\u0131s\u0131nda konuya yer vererek, Sabanc\u0131 Holding ile Verbund&#8217;un ili\u015fkilerinin eskisi kadar s\u0131cak olmad\u0131\u011f\u0131n\u0131 \u00f6ne s\u00fcrd\u00fc. Haberde, Verbund&#8217;un s\u0131k\u0131nt\u0131l\u0131 mali durumunun T\u00fcrkiye&#8217;de s\u00f6z verilen yat\u0131r\u0131mlar\u0131n ger\u00e7ekle\u015fmemesini beraberinde getirdi\u011fi \u00f6ne s\u00fcr\u00fcld\u00fc. Kriz sonras\u0131nda b\u00fcy\u00fck \u015firketlerin \u00f6dedi\u011fi enerji \u00fccretlerinde ya\u015fanan gerilemenin Verbund&#8217;u s\u0131k\u0131nt\u0131ya soktu\u011fu, Avusturyal\u0131 \u015firketin kendi ana i\u015f alan\u0131 olan hidroelektrikte yo\u011funla\u015faca\u011f\u0131 iddia edildi.<\/p>\n<p>Reuters Haber Ajans\u0131 konuyla ilgili d\u00f6rt ki\u015finin ifadelerine dayand\u0131rarak verdi\u011fi haberde, sat\u0131\u015f\u0131n eyl\u00fcl sonunda ger\u00e7ekle\u015febilece\u011fini kaydetti.<\/p>\n<p>Verbund \u015firketinin ba\u015fta \u0130talya olmak \u00fczere yurtd\u0131\u015f\u0131 yat\u0131r\u0131mlar\u0131ndan memnun olmad\u0131\u011f\u0131 s\u0131k\u00e7a Avusturya medyas\u0131na yans\u0131yordu. 2006 y\u0131l\u0131nda Poweo \u015firketine ortak olarak Fransa&#8217;da elektrik \u00fcretim i\u015fine giren \u015firket, ciddi zarar etti\u011fi yat\u0131r\u0131mdan 2011 y\u0131l\u0131nda ayr\u0131lm\u0131\u015ft\u0131. Ajansa konu\u015fan bir enerji uzman\u0131 &#8220;\u015eu an T\u00fcrkiye&#8217;den muhtemel bir \u00e7\u0131k\u0131\u015f s\u00fcrpriz olur. Ancak \u015firketin genel stratejisinde bir de\u011fi\u015fiklik olduysa ve yurtd\u0131\u015f\u0131 ortakl\u0131klar\u0131ndan vazge\u00e7iyorlarsa bunu da zaman g\u00f6sterecek.&#8221; tespitlerinde bulundu.<\/p>\n<p>T\u00fcrkiye&#8217;de 1650 MW kurulu g\u00fcce sahip Enerjisa, \u00f6zelle\u015ftirme kapsam\u0131nda Ba\u015fkent Elektrik Da\u011f\u0131t\u0131m A\u015e&#8217;yi 2008 y\u0131l\u0131nda devralm\u0131\u015ft\u0131. \u015eirket 2011 y\u0131l\u0131nda en iyi \u00fc\u00e7\u00fcnc\u00fc teklif sahibi oldu\u011fu \u0130stanbul Anadolu Yakas\u0131 Elektrik Da\u011f\u0131t\u0131m A\u015e&#8217;yi (Ayeda\u015f) devralmaktan Verbund&#8217;un bu yat\u0131r\u0131m\u0131 yapmama karar\u0131 sebebiyle vazge\u00e7ti\u011fini a\u00e7\u0131klam\u0131\u015ft\u0131.<\/p>\n<p>1947 y\u0131l\u0131nda kurulan Verbund ise Avusturya&#8217;n\u0131n en b\u00fcy\u00fck elektrik \u00fcreticisi konumunda. Elektrik \u00fcretim, da\u011f\u0131t\u0131m, sat\u0131\u015f ve i\u015fletmesi sekt\u00f6rlerinde \u00f6nemli bir oyuncu. \u0130talya, T\u00fcrkiye ve Almanya ba\u015fta olmak \u00fczere 20 \u00fclkede aktif oyuncu olan \u015firketin hisselerinin y\u00fczde 51&#8217;i Avusturya devletine ait. \u015eirket y\u0131ll\u0131k 40 milyar KW elektrik \u00fcretiyor ve 3 bin \u00e7al\u0131\u015fan\u0131 bulunuyor. 2011 y\u0131l\u0131 cirosu 3,9 milyar Euro&#8217;yu bulan \u015firket, bu y\u0131l\u0131n ilk 6 ay\u0131nda k\u00e2r\u0131n\u0131 y\u00fczde 12,4 art\u0131rarak 198,2 milyon Euro&#8217;ya \u00e7\u0131kard\u0131. \u015eirket \u00f6zellikle kriz sebebiyle elektrik talebinden ya\u015fanan d\u00fc\u015f\u00fc\u015f\u00fcn fiyatlar\u0131 a\u015fa\u011f\u0131 \u00e7ekti\u011fine dikkat \u00e7ekiyor.<\/p>\n<p>Kaynak: <a href=\"http:\/\/www.ekoayrinti.com\/news_detail.php?id=106412\" target=\"_blank\">EkoAyr\u0131nt\u0131<\/a><\/div>\n<p><\/p>","protected":false},"excerpt":{"rendered":"<p>Sorry, this entry is only available in Turkish. For the sake of viewer convenience, the content is shown below in the alternative language. You may click the link to switch the active language. Avusturyal\u0131 enerji devi Verbund&#8217;un Enerjisa&#8217;daki y\u00fczde 50 ortakl\u0131\u011f\u0131n\u0131 devrediyor. \u00a0 T\u00fcrkiye&#8217;de enerji alan\u0131nda \u00f6nemli projelere imza atan Avusturyal\u0131 enerji devi Verbund&#8217;un Enerjisa&#8217;daki [&hellip;]<\/p>\n","protected":false},"author":1,"featured_media":1692,"comment_status":"open","ping_status":"open","sticky":false,"template":"","format":"standard","meta":[],"categories":[53],"tags":[421,422],"views":1046,"_links":{"self":[{"href":"https:\/\/www.enerjigazetesi.ist\/en\/wp-json\/wp\/v2\/posts\/1691"}],"collection":[{"href":"https:\/\/www.enerjigazetesi.ist\/en\/wp-json\/wp\/v2\/posts"}],"about":[{"href":"https:\/\/www.enerjigazetesi.ist\/en\/wp-json\/wp\/v2\/types\/post"}],"author":[{"embeddable":true,"href":"https:\/\/www.enerjigazetesi.ist\/en\/wp-json\/wp\/v2\/users\/1"}],"replies":[{"embeddable":true,"href":"https:\/\/www.enerjigazetesi.ist\/en\/wp-json\/wp\/v2\/comments?post=1691"}],"version-history":[{"count":2,"href":"https:\/\/www.enerjigazetesi.ist\/en\/wp-json\/wp\/v2\/posts\/1691\/revisions"}],"predecessor-version":[{"id":1694,"href":"https:\/\/www.enerjigazetesi.ist\/en\/wp-json\/wp\/v2\/posts\/1691\/revisions\/1694"}],"wp:featuredmedia":[{"embeddable":true,"href":"https:\/\/www.enerjigazetesi.ist\/en\/wp-json\/wp\/v2\/media\/1692"}],"wp:attachment":[{"href":"https:\/\/www.enerjigazetesi.ist\/en\/wp-json\/wp\/v2\/media?parent=1691"}],"wp:term":[{"taxonomy":"category","embeddable":true,"href":"https:\/\/www.enerjigazetesi.ist\/en\/wp-json\/wp\/v2\/categories?post=1691"},{"taxonomy":"post_tag","embeddable":true,"href":"https:\/\/www.enerjigazetesi.ist\/en\/wp-json\/wp\/v2\/tags?post=1691"}],"curies":[{"name":"wp","href":"https:\/\/api.w.org\/{rel}","templated":true}]}}