{"id":169032,"date":"2023-02-12T11:52:23","date_gmt":"2023-02-12T08:52:23","guid":{"rendered":"https:\/\/www.enerjigazetesi.ist\/?p=169032"},"modified":"2023-02-12T11:55:39","modified_gmt":"2023-02-12T08:55:39","slug":"koruma-sirketler-grubu-fabrikasi-fabrika-depremzedelere-yardim-merkezi-oldu","status":"publish","type":"post","link":"https:\/\/www.enerjigazetesi.ist\/en\/koruma-sirketler-grubu-fabrikasi-fabrika-depremzedelere-yardim-merkezi-oldu\/","title":{"rendered":"(Turkish) Koruma \u015eirketler Grubu Fabrikas\u0131 Depremzedelere Yard\u0131m Merkezi Oldu"},"content":{"rendered":"<p class=\"qtranxs-available-languages-message qtranxs-available-languages-message-en\">Sorry, this entry is only available in <a href=\"https:\/\/www.enerjigazetesi.ist\/tr\/wp-json\/wp\/v2\/posts\/169032\" class=\"qtranxs-available-language-link qtranxs-available-language-link-tr\" title=\"Turkish\">Turkish<\/a>. For the sake of viewer convenience, the content is shown below in the alternative language. You may click the link to switch the active language.<\/p><p><\/p>\n<h2><strong>Y\u00fczy\u0131l\u0131n en b\u00fcy\u00fck felaketlerinden birini ya\u015fayan T\u00fcrkiye, birlik ve beraberlik i\u00e7inde yaralar\u0131n\u0131 sarmaya \u00e7al\u0131\u015f\u0131yor. Depremden en fazla etkilenen illerden olan Hatay\u2019\u0131n K\u0131r\u0131khan \u0130l\u00e7esi\u2019nde kimya fabrikas\u0131 bulunan Koruma \u015eirketler Grubu, bir yandan depremde kaybetti\u011fimiz canlara yanarken bir yandan da b\u00f6lgeye g\u00f6nderdi\u011fi arama kurtarma destek ekipleri, i\u015f makineleri ve vin\u00e7lerle K\u0131r\u0131khan\u2019da devam eden arama kurtarma \u00e7al\u0131\u015fmalar\u0131na destek oluyor. Depremin ilk saatlerinden itibaren t\u00fcm imkanlar\u0131n\u0131 seferber ederek en h\u0131zl\u0131 \u015fekilde yard\u0131m t\u0131rlar\u0131n\u0131 ve ekiplerini b\u00f6lgeye sevk eden Koruma, do\u011falgaz ve elektrik kesintisi nedeniyle \u00fcretime ara verilen K\u0131r\u0131khan fabrikas\u0131n\u0131 da depremzedelere a\u00e7t\u0131. Depremden zarar g\u00f6ren \u00e7al\u0131\u015fanlar\u0131, yak\u0131nlar\u0131, aileleri ve b\u00f6lge halk\u0131n\u0131n bar\u0131nma, \u0131s\u0131nma, g\u0131da, su, temizlik, hijyen ve di\u011fer ihtiya\u00e7lar\u0131 burada kar\u015f\u0131lan\u0131yor. Konteynerlerin yan\u0131 s\u0131ra fabrika arazisine bir de \u00e7ad\u0131rkent kuruluyor. Koruma, b\u00f6lgede ya\u015fanan su sorunu i\u00e7in de fabrikas\u0131ndaki kaynaklar\u0131 kullanarak tankerlerle temiz su da\u011f\u0131t\u0131m\u0131 ger\u00e7ekle\u015ftiriyor. <\/strong><\/h2>\n<p>T\u00fcrkiye, <strong>06 \u015eubat 2023<\/strong> sabah\u0131 karanl\u0131k bir g\u00fcne uyand\u0131. Kahramanmara\u015f merkezli <strong>7,7<\/strong> ve <strong>7,6<\/strong> <img loading=\"lazy\" class=\"alignright wp-image-169036\" src=\"https:\/\/www.enerjigazetesi.ist\/wp-content\/uploads\/2023\/02\/Korumadeprem5.jpg\" alt=\"\" width=\"320\" height=\"240\" srcset=\"https:\/\/www.enerjigazetesi.ist\/wp-content\/uploads\/2023\/02\/Korumadeprem5.jpg 550w, https:\/\/www.enerjigazetesi.ist\/wp-content\/uploads\/2023\/02\/Korumadeprem5-300x225.jpg 300w, https:\/\/www.enerjigazetesi.ist\/wp-content\/uploads\/2023\/02\/Korumadeprem5-500x375.jpg 500w, https:\/\/www.enerjigazetesi.ist\/wp-content\/uploads\/2023\/02\/Korumadeprem5-67x50.jpg 67w\" sizes=\"(max-width: 320px) 100vw, 320px\" \/>b\u00fcy\u00fckl\u00fc\u011f\u00fcndeki <strong>depremler 10 ilimizde<\/strong> b\u00fcy\u00fck bir y\u0131k\u0131ma neden oldu. Y\u00fczy\u0131l\u0131n en b\u00fcy\u00fck felaketlerinden birini ya\u015fayan T\u00fcrkiye\u2019de hepimizin kalbi deprem b\u00f6lgesinde at\u0131yor. Kaybetti\u011fimiz canlar\u0131m\u0131za a\u011fl\u0131yor, yaral\u0131lar\u0131m\u0131za acil \u015fifalar diliyor ve enkaz alt\u0131nda ya\u015fam m\u00fccadelesi veren canlar\u0131m\u0131zdan gelen iyi haberlerle umutlan\u0131yoruz. Akl\u0131m\u0131z, kalbimiz bir yandan so\u011fuk hava \u015fartlar\u0131 ile bo\u011fu\u015fan deprem b\u00f6lgesindeki vatanda\u015flar\u0131m\u0131zda.<strong> \u201cG\u00fcn birlik olma g\u00fcn\u00fc\u201d<\/strong> diyerek ve var\u0131n\u0131 yo\u011funu ortaya koyarak deprem b\u00f6lgesine yard\u0131m ula\u015ft\u0131rmaya \u00e7al\u0131\u015fan herkes elini ta\u015f\u0131n alt\u0131na koyuyor ve bu b\u00fcy\u00fck felaketin yaralar\u0131n\u0131 sarmaya \u00e7al\u0131\u015f\u0131yor.<\/p>\n<h3><strong>Hatay K\u0131r\u0131khan\u2019daki Koruma fabrikas\u0131, 1500\u2019e yak\u0131n depremzedeye ev sahipli\u011fi yap\u0131yor<\/strong><\/h3>\n<p>Depremin en \u015fiddetli vurdu\u011fu ve b\u00fcy\u00fck y\u0131k\u0131ma sebep oldu\u011fu illerden <strong>Hatay<\/strong>\u2019\u0131n <strong>K\u0131r\u0131khan \u0130l\u00e7esi<\/strong>\u2019nde<strong> kimya fabrikas\u0131<\/strong> bulunan Koruma \u015eirketler Grubu, depremin ac\u0131s\u0131n\u0131 y\u00fcrekten hisseden ve ya\u015fayan \u015firketler aras\u0131nda yer al\u0131yor. Depremde \u00e7al\u0131\u015fanlar\u0131n\u0131n baz\u0131lar\u0131n\u0131 da kaybeden Koruma, depremin ilk saatlerinden itibaren h\u0131zl\u0131 bir \u015fekilde organize olarak \u00fcretime ara verilen fabrikas\u0131n\u0131 \u00e7al\u0131\u015fanlar\u0131, aileleri, yak\u0131nlar\u0131 ve b\u00f6lge halk\u0131na a\u00e7t\u0131. <strong>1.500\u2019e yak\u0131n<\/strong> depremzedenin kald\u0131\u011f\u0131 <strong>K\u0131r\u0131khan fabrikas\u0131nda<\/strong>, i\u00e7lerinde <strong>du\u015f<\/strong> ve <strong>tuvaletin de<\/strong> oldu\u011fu <strong>konteynerlerin<\/strong> yan\u0131 s\u0131ra <strong>fabrika arazisine<\/strong> bir de<strong> \u00e7ad\u0131rkent kuruluyor<\/strong>. Koruma di\u011fer yandan <strong>ge\u00e7ici bar\u0131nma imkan\u0131 sunmak<\/strong> amac\u0131yla a\u011fa\u00e7 evler in\u015fa etmek i\u00e7in de harekete ge\u00e7ti.<\/p>\n<p>Depremin \u015foku ya\u015fan\u0131rken daha ilk g\u00fcn<strong> ekmek, su<\/strong> gibi temel ihtiya\u00e7lar\u0131 b\u00f6lgeye ula\u015ft\u0131ran,<strong> s\u0131cak yemek \u00e7\u0131karan<\/strong> Koruma, bir yandan da t\u00fcm imkanlar\u0131n\u0131 seferber ederek Kocaeli merkezden yard\u0131m t\u0131rlar\u0131n\u0131 deprem b\u00f6lgelerine g\u00f6ndermeye devam ediyor.<strong> G\u0131da, su, hijyen ve temizlik \u00fcr\u00fcnleri, sa\u011fl\u0131k malzemeleri, k\u0131\u015fl\u0131k giysi, battaniye, uyku tulumu, \u00e7ad\u0131r, yatak, ranza, seyyar tuvalet, \u0131s\u0131t\u0131c\u0131, jenerat\u00f6r<\/strong> gibi acil ihtiya\u00e7lar\u0131n yan\u0131 s\u0131ra i\u015f makineleri, vin\u00e7ler ve konteynerleri ta\u015f\u0131yan t\u0131rlar\u0131n deprem b\u00f6lgelerine sevkiyat\u0131 s\u00fcr\u00fcyor.<\/p>\n<p><strong>Temiz su<\/strong> b\u00f6lgedeki <strong>en acil ihtiya\u00e7lardan<\/strong> biri. Fabrikadaki su kaynaklar\u0131ndan elde edilen <strong>temiz su<\/strong>, tankerlerle <strong>K\u0131r\u0131khan\u2019daki<\/strong> b\u00f6lge halk\u0131n\u0131n kullan\u0131m\u0131na sunuluyor.<\/p>\n<p>Kocaeli\u2019nden deprem b\u00f6lgesine giden <strong>Koruma Arama Kurtarma Destek Ekipleri<\/strong>, y\u0131k\u0131m\u0131n b\u00fcy\u00fck oldu\u011fu <strong>K\u0131r\u0131khan\u2019daki<\/strong> <strong>enkaz arama kurtarma \u00e7al\u0131\u015fmalar\u0131nda<\/strong> da g\u00f6rev yap\u0131yor. B\u00f6lgeye ilk saatlerden itibaren ula\u015ft\u0131r\u0131lan<strong> i\u015f makineleri, vin\u00e7ler<\/strong> yan\u0131nda enerji ihtiyac\u0131na y\u00f6nelik <strong>jenerat\u00f6rler \u00e7al\u0131\u015fmalarda<\/strong> kullan\u0131l\u0131yor. Enkaz alt\u0131ndaki canlara ula\u015fmak i\u00e7in saatlerdir aral\u0131ks\u0131z \u00e7al\u0131\u015fan arama kurtarma ekipleri, <strong>g\u00f6\u00e7\u00fck alt\u0131ndan \u00e7\u0131kar\u0131lan onlarca vatanda\u015f\u0131m\u0131zla<\/strong> moral buluyor.<\/p>\n<p><strong>Koruma \u015eirketler Grubu<\/strong>, zorluklar\u0131n \u00fcstesinden birlikte gelmek ve depremin yaralar\u0131n\u0131 sarmak i\u00e7in deprem b\u00f6lgesini yak\u0131ndan izlemeyi s\u00fcrd\u00fcr\u00fcyor.<\/p>","protected":false},"excerpt":{"rendered":"<p>Sorry, this entry is only available in Turkish. For the sake of viewer convenience, the content is shown below in the alternative language. You may click the link to switch the active language. Y\u00fczy\u0131l\u0131n en b\u00fcy\u00fck felaketlerinden birini ya\u015fayan T\u00fcrkiye, birlik ve beraberlik i\u00e7inde yaralar\u0131n\u0131 sarmaya \u00e7al\u0131\u015f\u0131yor. Depremden en fazla etkilenen illerden olan Hatay\u2019\u0131n K\u0131r\u0131khan [&hellip;]<\/p>\n","protected":false},"author":1,"featured_media":169035,"comment_status":"open","ping_status":"open","sticky":false,"template":"","format":"standard","meta":[],"categories":[53],"tags":[107695,107693,107694,107697,5630,107699,107698,107696,99686,107700],"views":49,"_links":{"self":[{"href":"https:\/\/www.enerjigazetesi.ist\/en\/wp-json\/wp\/v2\/posts\/169032"}],"collection":[{"href":"https:\/\/www.enerjigazetesi.ist\/en\/wp-json\/wp\/v2\/posts"}],"about":[{"href":"https:\/\/www.enerjigazetesi.ist\/en\/wp-json\/wp\/v2\/types\/post"}],"author":[{"embeddable":true,"href":"https:\/\/www.enerjigazetesi.ist\/en\/wp-json\/wp\/v2\/users\/1"}],"replies":[{"embeddable":true,"href":"https:\/\/www.enerjigazetesi.ist\/en\/wp-json\/wp\/v2\/comments?post=169032"}],"version-history":[{"count":0,"href":"https:\/\/www.enerjigazetesi.ist\/en\/wp-json\/wp\/v2\/posts\/169032\/revisions"}],"wp:featuredmedia":[{"embeddable":true,"href":"https:\/\/www.enerjigazetesi.ist\/en\/wp-json\/wp\/v2\/media\/169035"}],"wp:attachment":[{"href":"https:\/\/www.enerjigazetesi.ist\/en\/wp-json\/wp\/v2\/media?parent=169032"}],"wp:term":[{"taxonomy":"category","embeddable":true,"href":"https:\/\/www.enerjigazetesi.ist\/en\/wp-json\/wp\/v2\/categories?post=169032"},{"taxonomy":"post_tag","embeddable":true,"href":"https:\/\/www.enerjigazetesi.ist\/en\/wp-json\/wp\/v2\/tags?post=169032"}],"curies":[{"name":"wp","href":"https:\/\/api.w.org\/{rel}","templated":true}]}}