{"id":169014,"date":"2023-02-11T18:08:14","date_gmt":"2023-02-11T15:08:14","guid":{"rendered":"https:\/\/www.enerjigazetesi.ist\/?p=169014"},"modified":"2023-02-11T18:09:13","modified_gmt":"2023-02-11T15:09:13","slug":"ohal-bolgesi-ndeki-baz-istasyonlarinin-yuzde-90-i-hizmet-verir-durumda","status":"publish","type":"post","link":"https:\/\/www.enerjigazetesi.ist\/en\/ohal-bolgesi-ndeki-baz-istasyonlarinin-yuzde-90-i-hizmet-verir-durumda\/","title":{"rendered":"(Turkish) OHAL B\u00f6lgesindeki Baz \u0130stasyonlar\u0131n\u0131n % 90\u2019\u0131 Hizmet Verir Durumda"},"content":{"rendered":"<p class=\"qtranxs-available-languages-message qtranxs-available-languages-message-en\">Sorry, this entry is only available in <a href=\"https:\/\/www.enerjigazetesi.ist\/tr\/wp-json\/wp\/v2\/posts\/169014\" class=\"qtranxs-available-language-link qtranxs-available-language-link-tr\" title=\"Turkish\">Turkish<\/a>. For the sake of viewer convenience, the content is shown below in the alternative language. You may click the link to switch the active language.<\/p><p><\/p>\n<h2>Vodafone,<strong>\u00a0<\/strong>afet b\u00f6lgesinde<strong>\u00a0<\/strong>ileti\u015fimin devaml\u0131l\u0131\u011f\u0131n\u0131 sa\u011flamak i\u00e7in \u00e7al\u0131\u015fmalar\u0131na aral\u0131ks\u0131z devam ediyor. Afet b\u00f6lgesinde vatanda\u015flar\u0131n ileti\u015fim ihtiyac\u0131n\u0131 kar\u015f\u0131lamak \u00fczere t\u00fcm kaynaklar\u0131n\u0131 seferber eden \u015firket, depremlerden etkilenen\u00a0<strong>10 ilde\u00a0400\u2019\u00fc a\u015fk\u0131n<\/strong>\u00a0saha \u00e7al\u0131\u015fan\u0131yla hizmet veriyor.<\/h2>\n<p>Afet b\u00f6lgesinde a\u011f\u0131r hasar g\u00f6ren sahalar\u0131ndan <strong>650\u2019sini\u00a0<\/strong>tekrar \u00e7al\u0131\u015f\u0131r hale getiren Vodafone\u2019un, <strong>OHAL b\u00f6lgesi<\/strong>ndeki baz istasyonlar\u0131n\u0131n <strong>%90\u2019\u0131<\/strong> hizmet verir durumda. \u00dclke genelindeki <strong>t\u00fcm mobil baz <img loading=\"lazy\" class=\"alignright wp-image-169016\" src=\"https:\/\/www.enerjigazetesi.ist\/wp-content\/uploads\/2023\/02\/1676102093_Engin_Aksoy.jpg\" alt=\"\" width=\"320\" height=\"263\" srcset=\"https:\/\/www.enerjigazetesi.ist\/wp-content\/uploads\/2023\/02\/1676102093_Engin_Aksoy.jpg 550w, https:\/\/www.enerjigazetesi.ist\/wp-content\/uploads\/2023\/02\/1676102093_Engin_Aksoy-300x247.jpg 300w, https:\/\/www.enerjigazetesi.ist\/wp-content\/uploads\/2023\/02\/1676102093_Engin_Aksoy-487x400.jpg 487w, https:\/\/www.enerjigazetesi.ist\/wp-content\/uploads\/2023\/02\/1676102093_Engin_Aksoy-61x50.jpg 61w, https:\/\/www.enerjigazetesi.ist\/wp-content\/uploads\/2023\/02\/1676102093_Engin_Aksoy-500x411.jpg 500w\" sizes=\"(max-width: 320px) 100vw, 320px\" \/>istasyonlar\u0131n\u0131<\/strong> afet b\u00f6lgesine y\u00f6nlendiren Vodafone, b\u00f6lgede elektrik kesintileri sebebiyle \u015febekeden beslenemeyen baz istasyonlar\u0131n\u0131n \u00e7al\u0131\u015fabilmesi i\u00e7in toplam <strong>1.057<\/strong> jenerat\u00f6r\u00fc devreye ald\u0131.<\/p>\n<p><strong>Vodafone T\u00fcrkiye CEO\u2019su Engin Aksoy<\/strong>, <span style=\"text-decoration: underline;\">\u015funlar\u0131 s\u00f6yledi:<\/span><\/p>\n<p><em>\u201c\u00dclkemizi yasa bo\u011fan depremlerin ger\u00e7ekle\u015fti\u011fi ilk andan itibaren harekete ge\u00e7tik ve t\u00fcm kaynaklar\u0131m\u0131z\u0131 seferber ettik. B\u00f6lgede yakla\u015f\u0131k <strong>3,7 milyon<\/strong> m\u00fc\u015fterimiz var. 10 ilde <strong>kule tipi<\/strong> ve <strong>bina \u00fcst\u00fc<\/strong> olmak \u00fczere toplam<strong> 3.050<\/strong> baz istasyonumuz bulunuyor. Bu istasyonlar\u0131n <strong>%25<\/strong>\u2019i Hatay, <strong>Kahramanmara\u015f<\/strong> ve <strong>Ad\u0131yaman<\/strong>\u2019da yer al\u0131yor. GSM operat\u00f6rleri olarak herhangi bir <strong>afet durumunda temel ihtiyac\u0131m\u0131z elektrik, yak\u0131t, personel ge\u00e7i\u015f \u00f6nceli\u011fidir.<\/strong> Baz istasyonlar\u0131m\u0131z\u0131n \u00e7al\u0131\u015fabilmesi i\u00e7in elektri\u011fe ihtiyac\u0131 var. Afet b\u00f6lgesinde de ilk andan itibaren elektrik verilebilen <strong>baz istasyonlar\u0131m\u0131zda<\/strong> hizmet verebiliyoruz. Ayn\u0131 \u015fekilde, jenerat\u00f6rlerin yak\u0131t ihtiyac\u0131 i\u00e7in de gerekli \u00f6nlemleri al\u0131yoruz. Jenerat\u00f6rlere yak\u0131t takviyesi i\u00e7in b\u00f6lgede <strong>400\u2019\u00fc a\u015fk\u0131n<\/strong> arkada\u015f\u0131m\u0131z g\u00f6rev yap\u0131yor. <strong>Binalar\u0131n \u00fcst\u00fcnde<\/strong> bulunan <strong>baz istasyonlar\u0131m\u0131z\u0131n \u00f6nemli bir b\u00f6l\u00fcm\u00fc<\/strong> <strong>depremde y\u0131k\u0131ld\u0131<\/strong> ya da<strong> hasar g\u00f6rd\u00fc<\/strong>. Y\u0131k\u0131lan istasyonlar\u0131m\u0131z\u0131n yoklu\u011funu <strong>mobil baz istasyonlar\u0131m\u0131zla<\/strong> tamamlamaya \u00e7al\u0131\u015f\u0131yoruz. Ya\u015fad\u0131\u011f\u0131m\u0131z bu felaketin yaralar\u0131n\u0131 hep birlikte sarabilece\u011fimize inan\u0131yoruz. T\u00fcm imk\u00e2nlar\u0131m\u0131z\u0131 kullanarak elimizden gelenin en iyisini yapmaya devam edece\u011fiz.\u201d<\/em><\/p>","protected":false},"excerpt":{"rendered":"<p>Sorry, this entry is only available in Turkish. For the sake of viewer convenience, the content is shown below in the alternative language. You may click the link to switch the active language. Vodafone,\u00a0afet b\u00f6lgesinde\u00a0ileti\u015fimin devaml\u0131l\u0131\u011f\u0131n\u0131 sa\u011flamak i\u00e7in \u00e7al\u0131\u015fmalar\u0131na aral\u0131ks\u0131z devam ediyor. Afet b\u00f6lgesinde vatanda\u015flar\u0131n ileti\u015fim ihtiyac\u0131n\u0131 kar\u015f\u0131lamak \u00fczere t\u00fcm kaynaklar\u0131n\u0131 seferber eden \u015firket, depremlerden [&hellip;]<\/p>\n","protected":false},"author":1,"featured_media":169017,"comment_status":"open","ping_status":"open","sticky":false,"template":"","format":"standard","meta":[],"categories":[53,157],"tags":[107662,103595,46450,107692,5951],"views":40,"_links":{"self":[{"href":"https:\/\/www.enerjigazetesi.ist\/en\/wp-json\/wp\/v2\/posts\/169014"}],"collection":[{"href":"https:\/\/www.enerjigazetesi.ist\/en\/wp-json\/wp\/v2\/posts"}],"about":[{"href":"https:\/\/www.enerjigazetesi.ist\/en\/wp-json\/wp\/v2\/types\/post"}],"author":[{"embeddable":true,"href":"https:\/\/www.enerjigazetesi.ist\/en\/wp-json\/wp\/v2\/users\/1"}],"replies":[{"embeddable":true,"href":"https:\/\/www.enerjigazetesi.ist\/en\/wp-json\/wp\/v2\/comments?post=169014"}],"version-history":[{"count":0,"href":"https:\/\/www.enerjigazetesi.ist\/en\/wp-json\/wp\/v2\/posts\/169014\/revisions"}],"wp:featuredmedia":[{"embeddable":true,"href":"https:\/\/www.enerjigazetesi.ist\/en\/wp-json\/wp\/v2\/media\/169017"}],"wp:attachment":[{"href":"https:\/\/www.enerjigazetesi.ist\/en\/wp-json\/wp\/v2\/media?parent=169014"}],"wp:term":[{"taxonomy":"category","embeddable":true,"href":"https:\/\/www.enerjigazetesi.ist\/en\/wp-json\/wp\/v2\/categories?post=169014"},{"taxonomy":"post_tag","embeddable":true,"href":"https:\/\/www.enerjigazetesi.ist\/en\/wp-json\/wp\/v2\/tags?post=169014"}],"curies":[{"name":"wp","href":"https:\/\/api.w.org\/{rel}","templated":true}]}}