{"id":169007,"date":"2023-02-11T17:45:55","date_gmt":"2023-02-11T14:45:55","guid":{"rendered":"https:\/\/www.enerjigazetesi.ist\/?p=169007"},"modified":"2023-02-11T17:49:28","modified_gmt":"2023-02-11T14:49:28","slug":"toroslar-edas-deprem-bolgesinde-afet-haberlesme-sistemini-devreye-aldi","status":"publish","type":"post","link":"https:\/\/www.enerjigazetesi.ist\/en\/toroslar-edas-deprem-bolgesinde-afet-haberlesme-sistemini-devreye-aldi\/","title":{"rendered":"(Turkish) &#8217;Toroslar EDA\u015e&#8217; Deprem B\u00f6lgesinde Afet Haberle\u015fme Sistemini Devreye Ald\u0131"},"content":{"rendered":"<p class=\"qtranxs-available-languages-message qtranxs-available-languages-message-en\">Sorry, this entry is only available in <a href=\"https:\/\/www.enerjigazetesi.ist\/tr\/wp-json\/wp\/v2\/posts\/169007\" class=\"qtranxs-available-language-link qtranxs-available-language-link-tr\" title=\"Turkish\">Turkish<\/a>. For the sake of viewer convenience, the content is shown below in the alternative language. You may click the link to switch the active language.<\/p><p><\/p>\n<h2><strong>Y\u00fcksek noktalara kurulan ve g\u00fcne\u015f enerjisiyle \u00e7al\u0131\u015fan 3 mobil kule ve haberle\u015fme istasyonu ile y\u00fczlerce ekip arac\u0131na tak\u0131l\u0131 telsizler sayesinde onar\u0131m ekiplerinin ileti\u015fim ve koordinasyonu sa\u011fland\u0131. Saha \u00e7al\u0131\u015fan say\u0131s\u0131 2073\u2019e, jenerat\u00f6r say\u0131s\u0131 1716\u2019ya \u00e7\u0131kar\u0131ld\u0131.<\/strong><\/h2>\n<p><strong>Toroslar Elektrik Da\u011f\u0131t\u0131m A\u015e (Toroslar EDA\u015e)<\/strong> deprem b\u00f6lgesinde ya\u015fanan <strong>mobil telekom\u00fcnikasyon problemine<\/strong> kar\u015f\u0131, onar\u0131m ekiplerinin daha etkili bir ileti\u015fimle \u00e7al\u0131\u015fabilmesi i\u00e7in sekt\u00f6rde bir ilk olan <strong>Afet Haberle\u015fme Sistemi\u2019ni<\/strong> devreye ald\u0131.<\/p>\n<p><img loading=\"lazy\" class=\"alignright wp-image-169010\" src=\"https:\/\/www.enerjigazetesi.ist\/wp-content\/uploads\/2023\/02\/1676115601_Gorsel02.jpg\" alt=\"\" width=\"320\" height=\"325\" srcset=\"https:\/\/www.enerjigazetesi.ist\/wp-content\/uploads\/2023\/02\/1676115601_Gorsel02.jpg 473w, https:\/\/www.enerjigazetesi.ist\/wp-content\/uploads\/2023\/02\/1676115601_Gorsel02-296x300.jpg 296w, https:\/\/www.enerjigazetesi.ist\/wp-content\/uploads\/2023\/02\/1676115601_Gorsel02-394x400.jpg 394w, https:\/\/www.enerjigazetesi.ist\/wp-content\/uploads\/2023\/02\/1676115601_Gorsel02-49x50.jpg 49w\" sizes=\"(max-width: 320px) 100vw, 320px\" \/>Ge\u00e7mi\u015fte, <strong>Anadolu Yakas\u0131 Elektrik Da\u011f\u0131t\u0131m A\u015e (Ayeda\u015f)<\/strong> taraf\u0131ndan <strong>\u0130stanbul\u2019da beklenen depreme y\u00f6nelik geli\u015ftirilen sistem<\/strong>, Kahramanmara\u015f merkezli ger\u00e7ekle\u015fen ve baz\u0131 illerde halen giderilemeyen ileti\u015fim problemi nedeniyle depremi takiben<strong> \u0130stanbul\u2019dan deprem b\u00f6lgesine g\u00f6t\u00fcr\u00fcld\u00fc.<\/strong><\/p>\n<p>Sistem sayesinde onar\u0131m ekipleri, y\u00fcksek noktalara kurulan<strong> 3 mobil kule<\/strong> ve<strong> haberle\u015fme istasyonu<\/strong> ile y\u00fczlerce ekip arac\u0131na tak\u0131l\u0131 telsizleri kullanarak, \u015firketin afet y\u00f6netim merkezi ve Merkezi <strong>Uzaktan Kontrol ve Veri \u0130zleme Merkezi (SCADA)<\/strong> ile ileti\u015fim ve koordinasyonu sa\u011flad\u0131.<\/p>\n<p>Sistem kuruldu\u011fu alanda <strong>g\u00fcne\u015f enerjisini kullanarak<\/strong> kendi elektrik ihtiyac\u0131n\u0131 sa\u011flayabiliyor. B\u00f6ylece \u015febekeye ba\u011flanmaya veya<strong> jenerat\u00f6rden destek almaya ihtiya\u00e7 duymuyor.<\/strong><\/p>\n<h3><strong>Saha \u00e7al\u0131\u015fan\u0131 say\u0131s\u0131 2073\u2019e y\u00fckseldi<\/strong><\/h3>\n<p>Toroslar EDA\u015e\u2019\u0131n depremden etkilendi\u011fi b\u00f6lgelerde \u015fu an toplam 2073 <strong>elektrik da\u011f\u0131t\u0131m \u00e7al\u0131\u015fan\u0131<\/strong> ihtiya\u00e7 duyulan enerji i\u00e7in g\u00f6rev yap\u0131yor.<\/p>\n<p>Enerjisa Da\u011f\u0131t\u0131m \u015eirketlerinin, Toroslar EDA\u015e ile birlikte 3 da\u011f\u0131t\u0131m \u015firketinden di\u011fer 2\u2019si olan Ba\u015fkent EDA\u015e ve Ayeda\u015f\u2019a ek olarak y\u00fcklenici ve di\u011fer da\u011f\u0131t\u0131m \u015firketlerinden gelen \u00e7al\u0131\u015fanlarla ilk g\u00fcn 350 seviyesinde olan saha \u00e7al\u0131\u015fan\u0131 say\u0131s\u0131 3. G\u00fcn itibariyle 1011\u2019e 5. G\u00fcn itibariyle ise 2073\u2019e \u00e7\u0131kar\u0131ld\u0131.<\/p>\n<p>S\u00f6z konusu faaliyetler i\u00e7in 141 sepetli ara\u00e7, 229 pick-up ara\u00e7, 48 vin\u00e7, 34 TIR, 19 kep\u00e7e, 60 kamyon, 392 binek ara\u00e7 ekipler taraf\u0131ndan kullan\u0131lmaktad\u0131r.<\/p>\n<h3><strong>1716 jenerat\u00f6r hizmet veriyor<\/strong><\/h3>\n<p>Ayr\u0131ca arama kurtarma ekipleriyle, hastanelerin, enkaz yak\u0131nlar\u0131ndaki <strong>projekt\u00f6rlerin<\/strong> ve<strong> cadde<\/strong> ile <strong>sokak ayd\u0131nlatmalar\u0131n\u0131n enerjilendirilmesi<\/strong> i\u00e7in kullan\u0131lan<strong> jenerat\u00f6rlerin say\u0131s\u0131<\/strong> h\u0131zla art\u0131r\u0131l\u0131yor.<\/p>\n<p>Bu ama\u00e7la, 129\u2019u kamyon veya TIR ile ta\u015f\u0131nabilen b\u00fcy\u00fck mobil jenerat\u00f6re ek olarak, farkl\u0131 b\u00fcy\u00fckl\u00fcklerde \u00e7anta tip olarak adland\u0131r\u0131lan 1587 jenerat\u00f6rle birlikte toplam 1716 jenerat\u00f6r\u00a0g\u00f6rev\u00a0yap\u0131yor.<\/p>\n<p>\u0130lgili noktalar \u015febekeden beslendi\u011fi zaman bu jenerat\u00f6rler ba\u015fka noktalara kayd\u0131r\u0131l\u0131yor. Bu jenerat\u00f6rlerin yak\u0131t ikmalleri de \u015firketimizce temin edilen yak\u0131t depolar\u0131ndan \u00e7al\u0131\u015fanlar\u0131m\u0131zca sa\u011flan\u0131yor.<\/p>\n<p>Onar\u0131m\u0131 tamamlanmas\u0131na ra\u011fmen, <strong>g\u00fcvenlik nedeniyle enerji verilmeyen<\/strong> yerler bulunmakta olup, <strong>yeniden enerji verme faaliyetleri<\/strong> arama kurtarma \u00e7al\u0131\u015fmalar\u0131nda <strong>g\u00fcvenlik risklerini \u00f6nlemek<\/strong> ad\u0131na ilgili <strong>kamu kurumlar\u0131yla<\/strong> y\u00fcr\u00fct\u00fclen <strong>koordinasyon \u00e7er\u00e7evesinde<\/strong> s\u00fcrd\u00fcr\u00fcl\u00fcyor.<\/p>","protected":false},"excerpt":{"rendered":"<p>Sorry, this entry is only available in Turkish. For the sake of viewer convenience, the content is shown below in the alternative language. You may click the link to switch the active language. Y\u00fcksek noktalara kurulan ve g\u00fcne\u015f enerjisiyle \u00e7al\u0131\u015fan 3 mobil kule ve haberle\u015fme istasyonu ile y\u00fczlerce ekip arac\u0131na tak\u0131l\u0131 telsizler sayesinde onar\u0131m ekiplerinin [&hellip;]<\/p>\n","protected":false},"author":1,"featured_media":169009,"comment_status":"open","ping_status":"open","sticky":false,"template":"","format":"standard","meta":[],"categories":[51,53,49],"tags":[107691,13,107690,107689,3558],"views":72,"_links":{"self":[{"href":"https:\/\/www.enerjigazetesi.ist\/en\/wp-json\/wp\/v2\/posts\/169007"}],"collection":[{"href":"https:\/\/www.enerjigazetesi.ist\/en\/wp-json\/wp\/v2\/posts"}],"about":[{"href":"https:\/\/www.enerjigazetesi.ist\/en\/wp-json\/wp\/v2\/types\/post"}],"author":[{"embeddable":true,"href":"https:\/\/www.enerjigazetesi.ist\/en\/wp-json\/wp\/v2\/users\/1"}],"replies":[{"embeddable":true,"href":"https:\/\/www.enerjigazetesi.ist\/en\/wp-json\/wp\/v2\/comments?post=169007"}],"version-history":[{"count":0,"href":"https:\/\/www.enerjigazetesi.ist\/en\/wp-json\/wp\/v2\/posts\/169007\/revisions"}],"wp:featuredmedia":[{"embeddable":true,"href":"https:\/\/www.enerjigazetesi.ist\/en\/wp-json\/wp\/v2\/media\/169009"}],"wp:attachment":[{"href":"https:\/\/www.enerjigazetesi.ist\/en\/wp-json\/wp\/v2\/media?parent=169007"}],"wp:term":[{"taxonomy":"category","embeddable":true,"href":"https:\/\/www.enerjigazetesi.ist\/en\/wp-json\/wp\/v2\/categories?post=169007"},{"taxonomy":"post_tag","embeddable":true,"href":"https:\/\/www.enerjigazetesi.ist\/en\/wp-json\/wp\/v2\/tags?post=169007"}],"curies":[{"name":"wp","href":"https:\/\/api.w.org\/{rel}","templated":true}]}}