{"id":168928,"date":"2023-02-09T13:58:35","date_gmt":"2023-02-09T10:58:35","guid":{"rendered":"https:\/\/www.enerjigazetesi.ist\/?p=168928"},"modified":"2023-02-09T14:00:03","modified_gmt":"2023-02-09T11:00:03","slug":"iyi-genclik-deprem-bolgesindeki-ulasimi-ve-bilgi-akisini-kolaylastiracak","status":"publish","type":"post","link":"https:\/\/www.enerjigazetesi.ist\/en\/iyi-genclik-deprem-bolgesindeki-ulasimi-ve-bilgi-akisini-kolaylastiracak\/","title":{"rendered":"(Turkish) &#8217;\u0130Y\u0130 Gen\u00e7lik&#8217; Deprem B\u00f6lgesindeki Ula\u015f\u0131m\u0131 ve Bilgi Ak\u0131\u015f\u0131n\u0131 Kolayla\u015ft\u0131racak"},"content":{"rendered":"<p class=\"qtranxs-available-languages-message qtranxs-available-languages-message-en\">Sorry, this entry is only available in <a href=\"https:\/\/www.enerjigazetesi.ist\/tr\/wp-json\/wp\/v2\/posts\/168928\" class=\"qtranxs-available-language-link qtranxs-available-language-link-tr\" title=\"Turkish\">Turkish<\/a>. For the sake of viewer convenience, the content is shown below in the alternative language. You may click the link to switch the active language.<\/p><p><\/p>\n<h2><strong>Kahramanmara\u015f merkezli meydana gelen ve 10 ilimizi etkileyen depremin arama kurtarma \u00e7al\u0131\u015fmalar\u0131 devam ediyor. Yap\u0131lan \u00e7al\u0131\u015fmalarda ula\u015f\u0131m ve bilgi koordinasyonunu sa\u011flamak hayati \u00f6nem ta\u015f\u0131yor. Bu kapsamda, \u0130Y\u0130 Gen\u00e7lik taraf\u0131ndan geli\u015ftirilen projeyle T\u00fcrkiye genelindeki ge\u00e7ici bar\u0131nma, g\u0131da da\u011f\u0131t\u0131m\u0131 ve toplanma alanlar\u0131 gibi \u00f6nemli konumlar olu\u015fturulan web sitesi \u00fczerinden payla\u015f\u0131l\u0131yor.<\/strong><\/h2>\n<p style=\"text-align: center;\"><img loading=\"lazy\" class=\"aligncenter wp-image-168929\" src=\"https:\/\/www.enerjigazetesi.ist\/wp-content\/uploads\/2023\/02\/1675938710_742374724_afet_destek.jpg\" alt=\"\" width=\"500\" height=\"250\" srcset=\"https:\/\/www.enerjigazetesi.ist\/wp-content\/uploads\/2023\/02\/1675938710_742374724_afet_destek.jpg 550w, https:\/\/www.enerjigazetesi.ist\/wp-content\/uploads\/2023\/02\/1675938710_742374724_afet_destek-300x150.jpg 300w, https:\/\/www.enerjigazetesi.ist\/wp-content\/uploads\/2023\/02\/1675938710_742374724_afet_destek-500x250.jpg 500w, https:\/\/www.enerjigazetesi.ist\/wp-content\/uploads\/2023\/02\/1675938710_742374724_afet_destek-80x40.jpg 80w\" sizes=\"(max-width: 500px) 100vw, 500px\" \/><\/p>\n<p>T\u00fcrkiye, Kahramanmara\u015f merkezli meydana gelen <strong>7,7<\/strong> ve <strong>7,6<\/strong> b\u00fcy\u00fckl\u00fc\u011f\u00fcnde <strong>iki depremle<\/strong> sars\u0131ld\u0131. Depremin b\u00fcy\u00fckl\u00fc\u011f\u00fc sebebiyle <strong>Kahramanmara\u015f\u2019\u0131n<\/strong> yan\u0131 s\u0131ra <strong>Gaziantep, Hatay, Malatya, Ad\u0131yaman, \u015eanl\u0131urfa, Diyarbak\u0131r, Adana, Osmaniye ve Kilis illerimizde<\/strong> de ciddi hasarlar olu\u015ftu. Depremde can kayb\u0131 ve yaral\u0131 say\u0131s\u0131 saatler ge\u00e7tik\u00e7e artmaya devam ederken, kurtarma \u00e7al\u0131\u015fmalar\u0131 da t\u00fcm h\u0131z\u0131yla s\u00fcr\u00fcyor.<\/p>\n<p style=\"text-align: center;\"><img loading=\"lazy\" class=\"aligncenter wp-image-168931\" src=\"https:\/\/www.enerjigazetesi.ist\/wp-content\/uploads\/2023\/02\/iyi-genclik-deprem-bolgesindeki-ulasimi-ve-bilgi-akisini-kolaylastiracak.jpg\" alt=\"\" width=\"500\" height=\"313\" srcset=\"https:\/\/www.enerjigazetesi.ist\/wp-content\/uploads\/2023\/02\/iyi-genclik-deprem-bolgesindeki-ulasimi-ve-bilgi-akisini-kolaylastiracak.jpg 550w, https:\/\/www.enerjigazetesi.ist\/wp-content\/uploads\/2023\/02\/iyi-genclik-deprem-bolgesindeki-ulasimi-ve-bilgi-akisini-kolaylastiracak-300x188.jpg 300w, https:\/\/www.enerjigazetesi.ist\/wp-content\/uploads\/2023\/02\/iyi-genclik-deprem-bolgesindeki-ulasimi-ve-bilgi-akisini-kolaylastiracak-500x313.jpg 500w, https:\/\/www.enerjigazetesi.ist\/wp-content\/uploads\/2023\/02\/iyi-genclik-deprem-bolgesindeki-ulasimi-ve-bilgi-akisini-kolaylastiracak-80x50.jpg 80w\" sizes=\"(max-width: 500px) 100vw, 500px\" \/><\/p>\n<p>\u0130Y\u0130 Gen\u00e7lik, deprem \u00e7al\u0131\u015fmalar\u0131ndaki ula\u015f\u0131m\u0131 ve bilgi ak\u0131\u015f\u0131n\u0131 kolayla\u015ft\u0131rmak amac\u0131yla deprem b\u00f6lgesindeki vatanda\u015flara ve yard\u0131m etmek isteyenlere y\u00f6nelik bir proje geli\u015ftirdi. Proje ile t\u00fcm T\u00fcrkiye genelindeki ge\u00e7ici bar\u0131nma yerleri, g\u0131da da\u011f\u0131t\u0131m yerleri, toplanma alanlar\u0131 ve yard\u0131m toplama alanlar\u0131 gibi \u00f6nemli konumlara\u00a0<a href=\"https:\/\/www.afetdestek.com\/\" target=\"_blank\" rel=\"noopener\">https:\/\/www.afetdestek.com\/<\/a>\u00a0web sitesi \u00fczerinden ula\u015f\u0131labiliyor. Vatanda\u015flar ilgili adres \u00fczerindeki y\u00f6nlendirmeleri takip ederek ihtiya\u00e7larla ilgili bilgi alabiliyor.<\/p>\n<h3><strong>\u201cSaniyelerin \u00f6nem kazand\u0131\u011f\u0131 bir d\u00f6nemdeyiz\u201d<\/strong><\/h3>\n<p>Deprem \u00e7al\u0131\u015fmalar\u0131na katk\u0131 sa\u011flamak ad\u0131na olu\u015fturduklar\u0131 projeye ili\u015fkin de\u011ferlendirmelerde bulunan<strong>\u00a0\u0130Y\u0130 Parti Gen\u00e7lik Politikalar\u0131 Teknoloji ve Giri\u015fimcilik Sorumlusu F\u0131rat \u00d6zsay\u0131n<\/strong>, \u201cAfet b\u00f6lgesindeki vatanda\u015flar\u0131m\u0131z i\u00e7in sa\u011fl\u0131kl\u0131 ileti\u015fim kanallar\u0131 olu\u015fturmak kritik \u00f6neme sahip. Depremden etkilenen b\u00f6lgelerdeki ula\u015f\u0131m\u0131n ve bilgi ak\u0131\u015f\u0131n\u0131n ivedilikle kolayla\u015ft\u0131r\u0131lmas\u0131 gerekiyor. Bu kapsamda, \u0130Y\u0130 Gen\u00e7lik ekibiyle bir proje geli\u015ftirerek T\u00fcrkiye genelindeki g\u0131da temini, bar\u0131nma ve toplanma alanlar\u0131 gibi \u00f6nemli konumlar\u0131 bir web sitesi \u00fczerinde toplad\u0131k. Vatanda\u015flar\u0131m\u0131z\u0131n ilgili web sitesindeki y\u00f6nlendirmeleri takip ederek, ihtiya\u00e7 duyduklar\u0131 bilgilere ula\u015fmalar\u0131n\u0131 hedefliyoruz. Saniyelerin \u00f6nem kazand\u0131\u011f\u0131 bir d\u00f6nemdeyiz. Bu bilin\u00e7le y\u00fcr\u00fctt\u00fc\u011f\u00fcm\u00fcz \u00e7al\u0131\u015fmalar\u0131m\u0131za aral\u0131ks\u0131z devam edece\u011fiz.\u201d dedi.<\/p>\n<p>\u0130lgili web sitesine <a href=\"https:\/\/www.afetdestek.com\/\" target=\"_blank\" rel=\"noopener\">https:\/\/www.afetdestek.com\/<\/a> \u00fczerinden eri\u015filiyor.<\/p>","protected":false},"excerpt":{"rendered":"<p>Sorry, this entry is only available in Turkish. For the sake of viewer convenience, the content is shown below in the alternative language. You may click the link to switch the active language. Kahramanmara\u015f merkezli meydana gelen ve 10 ilimizi etkileyen depremin arama kurtarma \u00e7al\u0131\u015fmalar\u0131 devam ediyor. Yap\u0131lan \u00e7al\u0131\u015fmalarda ula\u015f\u0131m ve bilgi koordinasyonunu sa\u011flamak hayati [&hellip;]<\/p>\n","protected":false},"author":1,"featured_media":168931,"comment_status":"open","ping_status":"open","sticky":false,"template":"","format":"standard","meta":[],"categories":[53],"tags":[107657,107658,107656,107659],"views":42,"_links":{"self":[{"href":"https:\/\/www.enerjigazetesi.ist\/en\/wp-json\/wp\/v2\/posts\/168928"}],"collection":[{"href":"https:\/\/www.enerjigazetesi.ist\/en\/wp-json\/wp\/v2\/posts"}],"about":[{"href":"https:\/\/www.enerjigazetesi.ist\/en\/wp-json\/wp\/v2\/types\/post"}],"author":[{"embeddable":true,"href":"https:\/\/www.enerjigazetesi.ist\/en\/wp-json\/wp\/v2\/users\/1"}],"replies":[{"embeddable":true,"href":"https:\/\/www.enerjigazetesi.ist\/en\/wp-json\/wp\/v2\/comments?post=168928"}],"version-history":[{"count":0,"href":"https:\/\/www.enerjigazetesi.ist\/en\/wp-json\/wp\/v2\/posts\/168928\/revisions"}],"wp:featuredmedia":[{"embeddable":true,"href":"https:\/\/www.enerjigazetesi.ist\/en\/wp-json\/wp\/v2\/media\/168931"}],"wp:attachment":[{"href":"https:\/\/www.enerjigazetesi.ist\/en\/wp-json\/wp\/v2\/media?parent=168928"}],"wp:term":[{"taxonomy":"category","embeddable":true,"href":"https:\/\/www.enerjigazetesi.ist\/en\/wp-json\/wp\/v2\/categories?post=168928"},{"taxonomy":"post_tag","embeddable":true,"href":"https:\/\/www.enerjigazetesi.ist\/en\/wp-json\/wp\/v2\/tags?post=168928"}],"curies":[{"name":"wp","href":"https:\/\/api.w.org\/{rel}","templated":true}]}}