{"id":168917,"date":"2023-02-09T13:16:57","date_gmt":"2023-02-09T10:16:57","guid":{"rendered":"https:\/\/www.enerjigazetesi.ist\/?p=168917"},"modified":"2023-02-09T13:18:48","modified_gmt":"2023-02-09T10:18:48","slug":"chp-afet-koordinasyon-merkezi-calismalarina-dair-aciklama-yapildi","status":"publish","type":"post","link":"https:\/\/www.enerjigazetesi.ist\/en\/chp-afet-koordinasyon-merkezi-calismalarina-dair-aciklama-yapildi\/","title":{"rendered":"(Turkish) CHP Afet Koordinasyon Merkezi \u00c7al\u0131\u015fmalar\u0131na Dair A\u00e7\u0131klama Yap\u0131ld\u0131"},"content":{"rendered":"<p class=\"qtranxs-available-languages-message qtranxs-available-languages-message-en\">Sorry, this entry is only available in <a href=\"https:\/\/www.enerjigazetesi.ist\/tr\/wp-json\/wp\/v2\/posts\/168917\" class=\"qtranxs-available-language-link qtranxs-available-language-link-tr\" title=\"Turkish\">Turkish<\/a>. For the sake of viewer convenience, the content is shown below in the alternative language. You may click the link to switch the active language.<\/p><p><\/p>\n<h2>CHP Genel Merkezi&#8217;nde kurulan Afet Koordinasyon Merkezi&#8217;nde d\u00fczenlenen bas\u0131n toplant\u0131s\u0131 d\u00fczenleyen CHP Genel Ba\u015fkan Yard\u0131mc\u0131s\u0131 Ahmet Ak\u0131n, \u015fu bilgileri verdi: Burada ilk dakikadan itibaren Genel Ba\u015fkan\u0131m\u0131z, liderimiz Say\u0131n Kemal K\u0131l\u0131\u00e7daro\u011flu\u2019nun talimat\u0131yla Genel Merkezimizde Afet Koordinasyon Merkezi kuruldu.<\/h2>\n<p>&#8211; 0312 207 40 65 numaral\u0131 ileti\u015fim hatt\u0131n\u0131 vatanda\u015f\u0131m\u0131z\u0131n hizmetine sunduk.<\/p>\n<p>&#8211; B\u00fcy\u00fck bir g\u00f6n\u00fcll\u00fc grubuyla 7-24 esas\u0131yla \u00e7al\u0131\u015fmaya ba\u015flad\u0131k.<\/p>\n<p data-wp-editing=\"1\"><img loading=\"lazy\" class=\"alignright wp-image-168920\" src=\"https:\/\/www.enerjigazetesi.ist\/wp-content\/uploads\/2023\/02\/2023-02-09_131353.jpg\" alt=\"\" width=\"320\" height=\"211\" srcset=\"https:\/\/www.enerjigazetesi.ist\/wp-content\/uploads\/2023\/02\/2023-02-09_131353.jpg 924w, https:\/\/www.enerjigazetesi.ist\/wp-content\/uploads\/2023\/02\/2023-02-09_131353-300x198.jpg 300w, https:\/\/www.enerjigazetesi.ist\/wp-content\/uploads\/2023\/02\/2023-02-09_131353-768x507.jpg 768w, https:\/\/www.enerjigazetesi.ist\/wp-content\/uploads\/2023\/02\/2023-02-09_131353-500x330.jpg 500w, https:\/\/www.enerjigazetesi.ist\/wp-content\/uploads\/2023\/02\/2023-02-09_131353-76x50.jpg 76w\" sizes=\"(max-width: 320px) 100vw, 320px\" \/>&#8211; Gen\u00e7lik Kollar\u0131 Genel Ba\u015fkanlar\u0131m\u0131z, PM \u00fcyelerimiz, Kad\u0131n Kollar\u0131m\u0131z \u00e7aba i\u00e7erisinde.<\/p>\n<p>&#8211; 50 hatl\u0131k merkez olu\u015fturduk.<\/p>\n<p>&#8211; Yakla\u015f\u0131k 60 saat i\u00e7inde 10 binlerce \u00e7a\u011fr\u0131 geldi.<\/p>\n<p>&#8211; Bu \u00e7a\u011fr\u0131lar kapsam\u0131nda bize ula\u015fan 17 bin 110 vatanda\u015f\u0131m\u0131zla acil \u00e7a\u011fr\u0131s\u0131n\u0131 AFAD\u2019a ula\u015ft\u0131rd\u0131k.<\/p>\n<p>&#8211; Bir taraftan arama \u00e7al\u0131\u015fma kurtarma \u00e7al\u0131\u015fmalar\u0131n\u0131, bir taraftan da yard\u0131m taleplerini belediyelerimiz ve ilgili kurumlara iletiyoruz.<\/p>\n<p>&#8211; An\u0131nda m\u00fcdahale i\u00e7in nokta belirliyoruz.<\/p>\n<p>&#8211; En \u00e7ok ald\u0131\u011f\u0131m\u0131z \u00e7a\u011fr\u0131lar\u0131n ba\u015f\u0131nda enkaz alt\u0131nda kalan vatanda\u015flar\u0131m\u0131z\u0131n kurtar\u0131lmas\u0131 talebi, enkaz alt\u0131ndan ses geldi\u011fi talepleri, kay\u0131p bildirimleri ve yard\u0131m talepleri.<\/p>\n<p>&#8211; Su bulam\u0131yoruz diye arayanlar. Vatanda\u015flar\u0131m\u0131z b\u00fcy\u00fck bir s\u0131k\u0131nt\u0131 i\u00e7inde. Gelen her t\u00fcrl\u00fc bilgiyi AFAD ile olu\u015fturdu\u011fumuz whatsapp hatt\u0131 var, oraya g\u00f6nderiyoruz.<\/p>\n<p>&#8211; Bunlar\u0131 organize edip bildiriyoruz.<\/p>\n<p>&#8211; \u015eimdi bir arkada\u015f\u0131m Ad\u0131yaman\u2019dan bir haber getirdi. Bir k\u0131z \u00e7ocu\u011fumuz enkaz alt\u0131nda.<\/p>\n<p>&#8211; 50 hatt\u0131m\u0131z a\u00e7\u0131k. Telefonlar\u0131n birisi kapan\u0131rken, di\u011feri devam ediyor.<\/p>\n<p>&#8211; Ortada bir ger\u00e7ek var.<\/p>\n<p>&#8211; \u0130lk 48 saatte AFAD\u2019\u0131n yetersiz oldu\u011funu g\u00f6r\u00fcyoruz.<\/p>\n<p>&#8211; En \u00e7ok Hatay ve Mara\u015f\u2019tan ihbarlar\u0131n geldi\u011fi ortada.<\/p>\n<p>&#8211; EPDK ile ileti\u015fime ge\u00e7tik. Benzin istasyonlar\u0131ndaki s\u0131k\u0131nt\u0131lar\u0131 ilettik.<\/p>\n<p>&#8211; Enkaza m\u00fcdahalenin hala yap\u0131lmad\u0131\u011f\u0131; ekiplerin olmad\u0131\u011f\u0131 onlarca belde, mahalle bulunuyor.<\/p>\n<p>&#8211; Verilere bakt\u0131\u011f\u0131m\u0131zda \u00f6zellikle m\u00fcdahale gecikmesi, koordinasyon eksikli\u011fi, yetersizlik ve maalesef b\u00fcy\u00fck bir \u00e7aresizlik i\u00e7inde olundu\u011funu g\u00f6r\u00fcyoruz.<\/p>\n<p>&#8211; Vatanda\u015f \u2018Devleti ar\u0131yorum, yard\u0131m edin\u2019 diyor.<\/p>\n<p>&#8211; \u0130nan\u0131n burada \u00e7ok duygusal anlar ya\u015fan\u0131yor. \u0130hbar\u0131n\u0131 ald\u0131\u011f\u0131m\u0131z bir vatanda\u015f\u0131m\u0131z\u0131n enkaz alt\u0131ndan \u00e7\u0131kar\u0131ld\u0131\u011f\u0131 bilgisini ald\u0131k. Buna \u00e7ok sevindik.<\/p>\n<p>&#8211; Bir taraftan belediyelerimiz afet b\u00f6lgelerine giri\u015flerde engellemeler ya\u015famaya ba\u015flad\u0131.<\/p>\n<p>&#8211; Belediyelerimizin ve il ba\u015fkanl\u0131klar\u0131m\u0131z\u0131n, \u00f6rg\u00fctlerimizin organize etti\u011fi yard\u0131m t\u0131rlar\u0131n\u0131 koordine etmek i\u00e7in ileti\u015fim kuruyoruz.<\/p>\n<p>&#8211; M\u00fcdahale edilmemi\u015f k\u00f6yler oldu\u011fu ortada. 60 saat oldu. Buradaki \u00e7abalar b\u00fcy\u00fck.<\/p>\n<p>&#8211; Her \u015feyin kontrol alt\u0131nda oldu\u011funu s\u00f6ylemek koca, b\u00fcy\u00fck bir yalan.<\/p>\n<p>&#8211; Burada eksikli\u011fi kabul edip \u00fcst\u00fcne gidip bir can daha nas\u0131l kurtar\u0131r\u0131z diye m\u00fccadele etmek laz\u0131m.<\/p>\n<p>&#8211; Biraz \u00f6nce s\u00f6yledi\u011fimiz 17 bin 110 arama 17 bin 700\u2019e \u00e7\u0131kt\u0131.<\/p>\n<p>&#8211; Bize gelen baz\u0131 telefonlarda i\u015f makinelerinin, vin\u00e7lerin alana al\u0131nmad\u0131\u011f\u0131 belirtiliyor.<\/p>","protected":false},"excerpt":{"rendered":"<p>Sorry, this entry is only available in Turkish. For the sake of viewer convenience, the content is shown below in the alternative language. You may click the link to switch the active language. CHP Genel Merkezi&#8217;nde kurulan Afet Koordinasyon Merkezi&#8217;nde d\u00fczenlenen bas\u0131n toplant\u0131s\u0131 d\u00fczenleyen CHP Genel Ba\u015fkan Yard\u0131mc\u0131s\u0131 Ahmet Ak\u0131n, \u015fu bilgileri verdi: Burada ilk [&hellip;]<\/p>\n","protected":false},"author":1,"featured_media":168919,"comment_status":"open","ping_status":"open","sticky":false,"template":"","format":"standard","meta":[],"categories":[53],"tags":[107655],"views":20,"_links":{"self":[{"href":"https:\/\/www.enerjigazetesi.ist\/en\/wp-json\/wp\/v2\/posts\/168917"}],"collection":[{"href":"https:\/\/www.enerjigazetesi.ist\/en\/wp-json\/wp\/v2\/posts"}],"about":[{"href":"https:\/\/www.enerjigazetesi.ist\/en\/wp-json\/wp\/v2\/types\/post"}],"author":[{"embeddable":true,"href":"https:\/\/www.enerjigazetesi.ist\/en\/wp-json\/wp\/v2\/users\/1"}],"replies":[{"embeddable":true,"href":"https:\/\/www.enerjigazetesi.ist\/en\/wp-json\/wp\/v2\/comments?post=168917"}],"version-history":[{"count":0,"href":"https:\/\/www.enerjigazetesi.ist\/en\/wp-json\/wp\/v2\/posts\/168917\/revisions"}],"wp:featuredmedia":[{"embeddable":true,"href":"https:\/\/www.enerjigazetesi.ist\/en\/wp-json\/wp\/v2\/media\/168919"}],"wp:attachment":[{"href":"https:\/\/www.enerjigazetesi.ist\/en\/wp-json\/wp\/v2\/media?parent=168917"}],"wp:term":[{"taxonomy":"category","embeddable":true,"href":"https:\/\/www.enerjigazetesi.ist\/en\/wp-json\/wp\/v2\/categories?post=168917"},{"taxonomy":"post_tag","embeddable":true,"href":"https:\/\/www.enerjigazetesi.ist\/en\/wp-json\/wp\/v2\/tags?post=168917"}],"curies":[{"name":"wp","href":"https:\/\/api.w.org\/{rel}","templated":true}]}}