{"id":168906,"date":"2023-02-09T12:15:46","date_gmt":"2023-02-09T09:15:46","guid":{"rendered":"https:\/\/www.enerjigazetesi.ist\/?p=168906"},"modified":"2023-02-09T12:18:34","modified_gmt":"2023-02-09T09:18:34","slug":"operatorler-deprem-bolgesinde-tum-imkanlarini-seferber-ediyorlar","status":"publish","type":"post","link":"https:\/\/www.enerjigazetesi.ist\/en\/operatorler-deprem-bolgesinde-tum-imkanlarini-seferber-ediyorlar\/","title":{"rendered":"(Turkish) &#8221;Operat\u00f6rler, Deprem B\u00f6lgesinde T\u00fcm \u0130mkanlar\u0131n\u0131 Seferber Ediyorlar&#8221;"},"content":{"rendered":"<p class=\"qtranxs-available-languages-message qtranxs-available-languages-message-en\">Sorry, this entry is only available in <a href=\"https:\/\/www.enerjigazetesi.ist\/tr\/wp-json\/wp\/v2\/posts\/168906\" class=\"qtranxs-available-language-link qtranxs-available-language-link-tr\" title=\"Turkish\">Turkish<\/a>. For the sake of viewer convenience, the content is shown below in the alternative language. You may click the link to switch the active language.<\/p><p><\/p>\n<h2>Mobil Telekom\u00fcnikasyon Operat\u00f6rleri Derne\u011fi olarak, deprem b\u00f6lgesindeki vatanda\u015flar\u0131m\u0131z\u0131n ileti\u015fim ihtiyac\u0131n\u0131 kar\u015f\u0131lamak en b\u00fcy\u00fck \u00f6nceli\u011fimizdir. \u00dcye operat\u00f6rlerimiz <em><strong>Turkcell,<\/strong><\/em> <em><strong>T\u00fcrk Telekom<\/strong><\/em> ve <em><strong>Vodafone,<\/strong><\/em> AFAD ve ilgili bakanl\u0131klar\u0131m\u0131zla i\u015f birli\u011fi halinde, b\u00f6lge halk\u0131na en iyi hizmeti verme gayretiyle \u00e7al\u0131\u015fmalar\u0131na aral\u0131ks\u0131z devam etmektedir.<\/h2>\n<p>&#8211; <img loading=\"lazy\" class=\"alignright wp-image-168908\" src=\"https:\/\/www.enerjigazetesi.ist\/wp-content\/uploads\/2023\/02\/operatorler-deprem-bolgesinde-tum-imkanlarini-seferber-ediyorlar.jpg\" alt=\"\" width=\"320\" height=\"215\" srcset=\"https:\/\/www.enerjigazetesi.ist\/wp-content\/uploads\/2023\/02\/operatorler-deprem-bolgesinde-tum-imkanlarini-seferber-ediyorlar.jpg 552w, https:\/\/www.enerjigazetesi.ist\/wp-content\/uploads\/2023\/02\/operatorler-deprem-bolgesinde-tum-imkanlarini-seferber-ediyorlar-300x202.jpg 300w, https:\/\/www.enerjigazetesi.ist\/wp-content\/uploads\/2023\/02\/operatorler-deprem-bolgesinde-tum-imkanlarini-seferber-ediyorlar-500x336.jpg 500w, https:\/\/www.enerjigazetesi.ist\/wp-content\/uploads\/2023\/02\/operatorler-deprem-bolgesinde-tum-imkanlarini-seferber-ediyorlar-74x50.jpg 74w\" sizes=\"(max-width: 320px) 100vw, 320px\" \/>B\u00f6lgede olu\u015fan <strong>enerji kesintileri ileti\u015fimi de<\/strong> etkilemektedir.<\/p>\n<p>&#8211; Da\u011f\u0131t\u0131m \u015firketlerince<strong> b\u00f6lgeye elektrik verilememesi<\/strong>, <strong>baz istasyonlar\u0131<\/strong> i\u00e7in<strong> gerekli enerjinin<\/strong> jenerat\u00f6rlerle sa\u011flanmas\u0131n\u0131 gerektirmektedir.<\/p>\n<p>&#8211; Enerji ihtiyac\u0131n\u0131n kar\u015f\u0131lanmas\u0131 i\u00e7in operat\u00f6rler taraf\u0131ndan b\u00f6lgeye acilen <strong>3.485 adet<\/strong> jenerat\u00f6r sevk edilmi\u015ftir.<\/p>\n<p>&#8211; \u0130leti\u015fim ancak seyyar enerji kaynaklar\u0131 ve bu kaynaklar\u0131n \u00e7al\u0131\u015fmas\u0131 i\u00e7in gerekli olan enerji tedariki sayesinde s\u00fcrd\u00fcr\u00fclebildi\u011finden, hizmet s\u00fcre\u00e7lerinde baz\u0131 aksakl\u0131klar ya\u015fanabilmektedir.<\/p>\n<p>&#8211; Enerji iletimi konusundaki onar\u0131m \u00e7al\u0131\u015fmalar\u0131 h\u0131zla devam etmektedir.<\/p>\n<p>Di\u011fer yandan, ne yaz\u0131k ki,<strong>\u00a0depremler nedeniyle\u00a0\u00fc\u00e7 operat\u00f6r\u00fcm\u00fcz\u00fcn\u00a0depremden etkilenen 10 ilde yer alan 8.900 baz istasyonundan 2.451 adedi ald\u0131klar\u0131 ciddi hasar sebebiyle devre d\u0131\u015f\u0131 kalm\u0131\u015ft\u0131r.\u00a0<\/strong>Baz istasyonlar\u0131 onar\u0131m \u00e7al\u0131\u015fmalar\u0131 t\u00fcm h\u0131z\u0131yla devam etmektedir. Ayr\u0131ca, b\u00f6lgeye toplam <strong>190 adet mobil baz istasyonu<\/strong> sevk edilmi\u015ftir.<\/p>\n<p><strong>Depremden etkilenen<\/strong> ve <strong>b\u00f6lgede arama kurtarma \u00e7al\u0131\u015fmalar\u0131na<\/strong> destek veren vatanda\u015flar\u0131m\u0131z i\u00e7in \u00e7al\u0131\u015fmalar\u0131m\u0131z\u0131n <strong>7\/24<\/strong> s\u00fcrd\u00fc\u011f\u00fcn\u00fc bir kez daha belirtmek isteriz. Deprem felaketinde hayat\u0131n\u0131 kaybeden vatanda\u015flar\u0131m\u0131za <strong>Allah\u2019tan rahmet, yak\u0131nlar\u0131na ba\u015fsa\u011fl\u0131\u011f\u0131, yaral\u0131lar\u0131m\u0131za acil \u015fifalar diliyoruz.<\/strong><\/p>","protected":false},"excerpt":{"rendered":"<p>Sorry, this entry is only available in Turkish. For the sake of viewer convenience, the content is shown below in the alternative language. You may click the link to switch the active language. Mobil Telekom\u00fcnikasyon Operat\u00f6rleri Derne\u011fi olarak, deprem b\u00f6lgesindeki vatanda\u015flar\u0131m\u0131z\u0131n ileti\u015fim ihtiyac\u0131n\u0131 kar\u015f\u0131lamak en b\u00fcy\u00fck \u00f6nceli\u011fimizdir. \u00dcye operat\u00f6rlerimiz Turkcell, T\u00fcrk Telekom ve Vodafone, AFAD [&hellip;]<\/p>\n","protected":false},"author":1,"featured_media":168908,"comment_status":"open","ping_status":"open","sticky":false,"template":"","format":"standard","meta":[],"categories":[53,157],"tags":[14972,107618,2526,138,5951],"views":54,"_links":{"self":[{"href":"https:\/\/www.enerjigazetesi.ist\/en\/wp-json\/wp\/v2\/posts\/168906"}],"collection":[{"href":"https:\/\/www.enerjigazetesi.ist\/en\/wp-json\/wp\/v2\/posts"}],"about":[{"href":"https:\/\/www.enerjigazetesi.ist\/en\/wp-json\/wp\/v2\/types\/post"}],"author":[{"embeddable":true,"href":"https:\/\/www.enerjigazetesi.ist\/en\/wp-json\/wp\/v2\/users\/1"}],"replies":[{"embeddable":true,"href":"https:\/\/www.enerjigazetesi.ist\/en\/wp-json\/wp\/v2\/comments?post=168906"}],"version-history":[{"count":0,"href":"https:\/\/www.enerjigazetesi.ist\/en\/wp-json\/wp\/v2\/posts\/168906\/revisions"}],"wp:featuredmedia":[{"embeddable":true,"href":"https:\/\/www.enerjigazetesi.ist\/en\/wp-json\/wp\/v2\/media\/168908"}],"wp:attachment":[{"href":"https:\/\/www.enerjigazetesi.ist\/en\/wp-json\/wp\/v2\/media?parent=168906"}],"wp:term":[{"taxonomy":"category","embeddable":true,"href":"https:\/\/www.enerjigazetesi.ist\/en\/wp-json\/wp\/v2\/categories?post=168906"},{"taxonomy":"post_tag","embeddable":true,"href":"https:\/\/www.enerjigazetesi.ist\/en\/wp-json\/wp\/v2\/tags?post=168906"}],"curies":[{"name":"wp","href":"https:\/\/api.w.org\/{rel}","templated":true}]}}