{"id":168902,"date":"2023-02-09T11:50:42","date_gmt":"2023-02-09T08:50:42","guid":{"rendered":"https:\/\/www.enerjigazetesi.ist\/?p=168902"},"modified":"2023-02-09T12:05:36","modified_gmt":"2023-02-09T09:05:36","slug":"teksan-afet-koordinasyon-ekibi-deprem-bolgesinde-araliksiz-calisiyor","status":"publish","type":"post","link":"https:\/\/www.enerjigazetesi.ist\/en\/teksan-afet-koordinasyon-ekibi-deprem-bolgesinde-araliksiz-calisiyor\/","title":{"rendered":"(Turkish) Teksan Afet Koordinasyon Ekibi Deprem B\u00f6lgesinde Aral\u0131ks\u0131z \u00c7al\u0131\u015f\u0131yor"},"content":{"rendered":"<p class=\"qtranxs-available-languages-message qtranxs-available-languages-message-en\">Sorry, this entry is only available in <a href=\"https:\/\/www.enerjigazetesi.ist\/tr\/wp-json\/wp\/v2\/posts\/168902\" class=\"qtranxs-available-language-link qtranxs-available-language-link-tr\" title=\"Turkish\">Turkish<\/a>. For the sake of viewer convenience, the content is shown below in the alternative language. You may click the link to switch the active language.<\/p><p><\/p>\n<h2>Teksan olarak t\u00fcm T\u00fcrkiye\u2019yi derin \u00fcz\u00fcnt\u00fcye bo\u011fan, merkez \u00fcss\u00fc Kahramanmara\u015f olan ve 10 ili etkileyen deprem felaketinin ard\u0131ndan afetzedelere destek olabilmek i\u00e7in depremin ilk saatlerinden itibaren \u00e7al\u0131\u015fmalar\u0131m\u0131za h\u0131zla ba\u015flad\u0131k.<\/h2>\n<p>Depremin meydana geldi\u011fi ilk saatlerden itibaren t\u00fcm <strong>B\u00f6lge M\u00fcd\u00fcrl\u00fcklerimiz<\/strong> ve <strong>bayilerimizle<\/strong> birlikte deprem b\u00f6lgelerine destek i\u00e7in koordinasyonumuzu sa\u011flad\u0131k. \u00d6nceli\u011fimiz deprem b\u00f6lgesinde ortaya \u00e7\u0131kan <strong>jenerat\u00f6r ihtiyac\u0131na h\u0131zl\u0131 bir \u015fekilde<\/strong> yan\u0131t vermek. Firma olarak ilk etapta b\u00f6lgeye <strong><img loading=\"lazy\" class=\"alignright wp-image-168904\" src=\"https:\/\/www.enerjigazetesi.ist\/wp-content\/uploads\/2023\/02\/teksan-afet-koordinasyon-ekibi-deprem-bolgesinde-araliksiz-calisiyor.jpg\" alt=\"\" width=\"320\" height=\"240\" srcset=\"https:\/\/www.enerjigazetesi.ist\/wp-content\/uploads\/2023\/02\/teksan-afet-koordinasyon-ekibi-deprem-bolgesinde-araliksiz-calisiyor.jpg 550w, https:\/\/www.enerjigazetesi.ist\/wp-content\/uploads\/2023\/02\/teksan-afet-koordinasyon-ekibi-deprem-bolgesinde-araliksiz-calisiyor-300x225.jpg 300w, https:\/\/www.enerjigazetesi.ist\/wp-content\/uploads\/2023\/02\/teksan-afet-koordinasyon-ekibi-deprem-bolgesinde-araliksiz-calisiyor-500x375.jpg 500w, https:\/\/www.enerjigazetesi.ist\/wp-content\/uploads\/2023\/02\/teksan-afet-koordinasyon-ekibi-deprem-bolgesinde-araliksiz-calisiyor-67x50.jpg 67w\" sizes=\"(max-width: 320px) 100vw, 320px\" \/>enerji ihtiyac\u0131<\/strong> ve \u00e7al\u0131\u015fmalarda kullan\u0131lmak \u00fczere <strong>jenerat\u00f6rlerimizi<\/strong> ve <strong>mobil ayd\u0131nlatma kulelerimizi<\/strong> sevk ettik.<\/p>\n<p>Ayr\u0131ca sat\u0131\u015f k\u0131sm\u0131nda bu s\u00fcre\u00e7te hem yurt i\u00e7inden hem de yurt d\u0131\u015f\u0131ndan gelen talepleri \u00f6ncelik s\u0131ras\u0131na g\u00f6re de\u011ferlendirip acil olanlar d\u0131\u015f\u0131ndakileri durdurarak tamamen ihtiya\u00e7 sahibi kurum, kurulu\u015flar ve yard\u0131m \u00f6rg\u00fctlerine temin edecek organizasyonu olu\u015fturduk. T\u00fcrkiye \u00e7ap\u0131ndaki <strong>jenerat\u00f6r stoklar\u0131m\u0131z\u0131 merkez depomuza \u00e7a\u011f\u0131rarak<\/strong> b\u00f6lgeye sevk ediyoruz. Di\u011fer yandan elimizdeki haz\u0131r bile\u015fenleri kullanarak acil talep g\u00f6recek jenerat\u00f6r modellerini \u00fcretmek i\u00e7in \u00fcretim h\u0131z\u0131m\u0131z\u0131 art\u0131rd\u0131k. \u00dcretim hatt\u0131ndaki jenerat\u00f6rler d\u0131\u015f\u0131nda \u00e7al\u0131\u015fanlar\u0131m\u0131z 7\/24 aral\u0131ks\u0131z mesai ile b\u00f6lgeye sevk edilmek \u00fczere d\u0131\u015far\u0131dan temin edebildikleri t\u00fcm gerekli malzemelerle ayd\u0131nlatma kuleleri \u00fcretimini de sa\u011fl\u0131yor.<\/p>\n<p>B\u00f6lgedeki Teksan Afet Koordinasyon ekibimiz <strong>AFAD izniyle<\/strong> sahaya aktif olarak inip hem <strong>arama<\/strong> <strong>kurtarma \u00e7al\u0131\u015fmalar\u0131na<\/strong> destek oluyor, hem yard\u0131mlar\u0131n da\u011f\u0131t\u0131m\u0131 noktas\u0131nda g\u00f6rev al\u0131yor hem de b\u00f6lgedeki jenerat\u00f6r ihtiya\u00e7lar\u0131 i\u00e7in <strong>gerekli kurulum<\/strong> ve<strong> teknik deste\u011fi<\/strong> sa\u011fl\u0131yorlar.<\/p>\n<p>Teksan olarak depremin zarar verdi\u011fi t\u00fcm illerimizde <strong>Kamu Kurumlar\u0131<\/strong> ve <strong>Sivil Toplum Kurulu\u015flar\u0131na<\/strong>, markas\u0131 ve modeli ne olursa olsun kulland\u0131klar\u0131 jenerat\u00f6rlerde bir ar\u0131za ya\u015famalar\u0131 durumunda <strong>\u00fccretsiz servis<\/strong> ve <strong>hizmet deste\u011fi<\/strong> sa\u011fl\u0131yoruz. 06 \u015eubat Pazartesi sabah itibariyle bir Afet Servis Koordinasyon ekibi kurup b\u00f6lgeden gelen taleplere h\u0131zl\u0131 cevap verebilmek i\u00e7in 24 saat telefonla teknik destek hizmeti vermeye ba\u015flad\u0131k. B\u00f6lge ekibinin yetersiz kalmas\u0131 durumunda <strong>\u0130stanbul, Ankara ve \u0130zmir\u2019deki<\/strong> destek servis ekiplerimiz <strong>teyakkuzda<\/strong> ve <strong>ihtiya\u00e7 durumunda<\/strong> ilgili b\u00f6lgelere ula\u015farak jenerat\u00f6rler i\u00e7in servis deste\u011fi sa\u011flayacak \u015fekilde konumland\u0131lar. Ekiplerimiz Antakya \u0130skenderun b\u00f6lgesinden ba\u015flayarak hastane ve kamu binalar\u0131n\u0131 ziyaret etmeye, <strong>ihtiya\u00e7 tespiti<\/strong> ve <strong>onar\u0131m hizmeti<\/strong> vermeye ba\u015flad\u0131.<\/p>\n<p>Ayr\u0131ca afetzedelere ula\u015ft\u0131r\u0131lmak \u00fczere <strong>acil ihtiya\u00e7 listelerinde<\/strong> yer alan malzemelerle <strong>y\u00fckl\u00fc yard\u0131m t\u0131r\u0131m\u0131z da<\/strong> b\u00f6lgeye do\u011fru yola \u00e7\u0131kt\u0131.<\/p>\n<p>Bu b\u00fcy\u00fck felaketin yaralar\u0131n\u0131 T\u00fcrk ulusu olarak hep birlikte saraca\u011f\u0131z.<\/p>","protected":false},"excerpt":{"rendered":"<p>Sorry, this entry is only available in Turkish. For the sake of viewer convenience, the content is shown below in the alternative language. You may click the link to switch the active language. Teksan olarak t\u00fcm T\u00fcrkiye\u2019yi derin \u00fcz\u00fcnt\u00fcye bo\u011fan, merkez \u00fcss\u00fc Kahramanmara\u015f olan ve 10 ili etkileyen deprem felaketinin ard\u0131ndan afetzedelere destek olabilmek i\u00e7in [&hellip;]<\/p>\n","protected":false},"author":1,"featured_media":168904,"comment_status":"open","ping_status":"open","sticky":false,"template":"","format":"standard","meta":[],"categories":[51,53],"tags":[107650,107648,107649,7177,42413,107647],"views":43,"_links":{"self":[{"href":"https:\/\/www.enerjigazetesi.ist\/en\/wp-json\/wp\/v2\/posts\/168902"}],"collection":[{"href":"https:\/\/www.enerjigazetesi.ist\/en\/wp-json\/wp\/v2\/posts"}],"about":[{"href":"https:\/\/www.enerjigazetesi.ist\/en\/wp-json\/wp\/v2\/types\/post"}],"author":[{"embeddable":true,"href":"https:\/\/www.enerjigazetesi.ist\/en\/wp-json\/wp\/v2\/users\/1"}],"replies":[{"embeddable":true,"href":"https:\/\/www.enerjigazetesi.ist\/en\/wp-json\/wp\/v2\/comments?post=168902"}],"version-history":[{"count":0,"href":"https:\/\/www.enerjigazetesi.ist\/en\/wp-json\/wp\/v2\/posts\/168902\/revisions"}],"wp:featuredmedia":[{"embeddable":true,"href":"https:\/\/www.enerjigazetesi.ist\/en\/wp-json\/wp\/v2\/media\/168904"}],"wp:attachment":[{"href":"https:\/\/www.enerjigazetesi.ist\/en\/wp-json\/wp\/v2\/media?parent=168902"}],"wp:term":[{"taxonomy":"category","embeddable":true,"href":"https:\/\/www.enerjigazetesi.ist\/en\/wp-json\/wp\/v2\/categories?post=168902"},{"taxonomy":"post_tag","embeddable":true,"href":"https:\/\/www.enerjigazetesi.ist\/en\/wp-json\/wp\/v2\/tags?post=168902"}],"curies":[{"name":"wp","href":"https:\/\/api.w.org\/{rel}","templated":true}]}}