{"id":168871,"date":"2023-02-09T09:20:29","date_gmt":"2023-02-09T06:20:29","guid":{"rendered":"https:\/\/www.enerjigazetesi.ist\/?p=168871"},"modified":"2023-02-09T09:20:29","modified_gmt":"2023-02-09T06:20:29","slug":"tupras-tum-calisanlariyla-birlikte-turkiye-icin-tek-yurek","status":"publish","type":"post","link":"https:\/\/www.enerjigazetesi.ist\/en\/tupras-tum-calisanlariyla-birlikte-turkiye-icin-tek-yurek\/","title":{"rendered":"(Turkish) &#8217;T\u00fcpra\u015f&#8217; T\u00fcm \u00c7al\u0131\u015fanlar\u0131yla Birlikte T\u00fcrkiye \u0130\u00e7in Tek Y\u00fcrek"},"content":{"rendered":"<p class=\"qtranxs-available-languages-message qtranxs-available-languages-message-en\">Sorry, this entry is only available in <a href=\"https:\/\/www.enerjigazetesi.ist\/tr\/wp-json\/wp\/v2\/posts\/168871\" class=\"qtranxs-available-language-link qtranxs-available-language-link-tr\" title=\"Turkish\">Turkish<\/a>. For the sake of viewer convenience, the content is shown below in the alternative language. You may click the link to switch the active language.<\/p><p><\/p>\n<h2>T\u00fcrkiye\u2019nin enerjisini, ulusal sorumluluk anlay\u0131\u015f\u0131yla her ko\u015ful alt\u0131nda kesintisiz olarak kar\u015f\u0131layan T\u00fcpra\u015f, \u00fcretimini aral\u0131ks\u0131z s\u00fcrd\u00fcr\u00fcyor ve ihtiya\u00e7 duyulan enerjiyi afet b\u00f6lgeleri ba\u015fta olmak \u00fczere \u00fclkemizin d\u00f6rt bir yan\u0131na ula\u015ft\u0131rmak i\u00e7in t\u00fcm g\u00fcc\u00fcyle \u00e7al\u0131\u015fmaya devam ediyor.<\/h2>\n<p><strong>10 ilimizde<\/strong> binlerce vatanda\u015f\u0131m\u0131z\u0131n ya\u015fam\u0131n\u0131 yitirmesine, on binlercesinin yaralanmas\u0131na neden olan Kahramanmara\u015f merkezli deprem sonras\u0131nda T\u00fcpra\u015f, akaryak\u0131t ba\u015fta olmak \u00fczere di\u011fer ya\u015famsal ihtiya\u00e7 malzemelerinin temini i\u00e7in ilk g\u00fcnden itibaren <strong>AFAD<\/strong> ile <strong>koordinasyon halinde<\/strong> afet b\u00f6lgelerine deste\u011fini s\u00fcrd\u00fcr\u00fcyor.<\/p>\n<h3><strong><img loading=\"lazy\" class=\"alignright wp-image-168873\" src=\"https:\/\/www.enerjigazetesi.ist\/wp-content\/uploads\/2023\/02\/tupras-tum-calisanlariyla-birlikte-turkiye-icin-tek-yurek.jpg\" alt=\"\" width=\"320\" height=\"168\" srcset=\"https:\/\/www.enerjigazetesi.ist\/wp-content\/uploads\/2023\/02\/tupras-tum-calisanlariyla-birlikte-turkiye-icin-tek-yurek.jpg 600w, https:\/\/www.enerjigazetesi.ist\/wp-content\/uploads\/2023\/02\/tupras-tum-calisanlariyla-birlikte-turkiye-icin-tek-yurek-300x158.jpg 300w, https:\/\/www.enerjigazetesi.ist\/wp-content\/uploads\/2023\/02\/tupras-tum-calisanlariyla-birlikte-turkiye-icin-tek-yurek-500x263.jpg 500w, https:\/\/www.enerjigazetesi.ist\/wp-content\/uploads\/2023\/02\/tupras-tum-calisanlariyla-birlikte-turkiye-icin-tek-yurek-80x42.jpg 80w\" sizes=\"(max-width: 320px) 100vw, 320px\" \/>T\u00fcpra\u015f deprem b\u00f6lgelerine yak\u0131t deste\u011fi sa\u011fl\u0131yor<\/strong><\/h3>\n<p>T\u00fcpra\u015f, iklim ko\u015fullar\u0131n\u0131n giderek k\u00f6t\u00fcle\u015fti\u011fi, enerji s\u0131k\u0131nt\u0131s\u0131n\u0131n artt\u0131\u011f\u0131 deprem b\u00f6lgesinde <strong>Osmaniye, Gaziantep, Hatay,\u00a0Malatya, Kahramanmara\u015f<\/strong> illeri ba\u015fta olmak \u00fczere AFAD Koordinasyonuyla <strong>i\u015f makineleri, ambulanslar, itfaiye ara\u00e7lar\u0131, arama kurtarma ekiplerinin ayd\u0131nlatma ihtiya\u00e7lar\u0131<\/strong> ve depremzedelerin <strong>\u0131s\u0131nma gereksinimleri<\/strong> i\u00e7in<strong> yak\u0131t deste\u011fi sa\u011fl\u0131yor.<\/strong><\/p>\n<h3><strong>T\u00fcpra\u015f Arama Kurtarma Ekipleri ilk andan itibaren afet b\u00f6lgesine intikal etti<\/strong><\/h3>\n<p>Depremin ilk saatlerinde afet b\u00f6lgelerine intikal eden T\u00fcpra\u015f Arama Kurtarma ekipleri AFAD ile koordineli bir \u015fekilde arama kurtarma \u00e7al\u0131\u015fmalar\u0131n\u0131 aral\u0131ks\u0131z s\u00fcrd\u00fcr\u00fcyor. Arama kurtarma ve enkaz kald\u0131rma faaliyetlerinde b\u00fcy\u00fck gereksinim olan <strong>i\u015f makineleri, vin\u00e7 ve jenerat\u00f6r, ayd\u0131nlatma ekipmanlar\u0131<\/strong> gibi \u00e7e\u015fitli ekipmanlar da <strong>afet b\u00f6lgelerine g\u00f6nderilmi\u015f<\/strong> durumda. Bunlar\u0131n yan\u0131 s\u0131ra, olu\u015fan ilave ihtiya\u00e7lar T\u00fcpra\u015f Kriz Koordinasyon ekibi taraf\u0131ndan yine AFAD ile ileti\u015fim halinde s\u00fcrekli takip edilerek<strong> gerekli takviyeler deprem b\u00f6lgelerine<\/strong> <strong>h\u0131zla intikal<\/strong> ettiriliyor.<\/p>\n<h3><strong>T\u00fcpra\u015f g\u00f6n\u00fcll\u00fcleri yard\u0131m i\u00e7in kenetlendi<\/strong><\/h3>\n<p>Cumhuriyet tarihinin en b\u00fcy\u00fck afetlerinden birinin yaralar\u0131n\u0131 sarabilmek i\u00e7in t\u00fcm T\u00fcrkiye ile tek y\u00fcrek olan T\u00fcpra\u015f, \u00e7al\u0131\u015fanlar\u0131yla da depremin ilk anlar\u0131ndan itibaren b\u00f6lgeye yard\u0131m i\u00e7in teyakkuz halinde. <strong>T\u00fcpra\u015f g\u00f6n\u00fcll\u00fcleri<\/strong> ilk <strong>24 saat<\/strong> i\u00e7inde, K\u0131z\u0131lay\u2019\u0131n ba\u015flatt\u0131\u011f\u0131 <strong>kan ba\u011f\u0131\u015f\u0131 kampanyas\u0131na<\/strong> dahil oldu. Ayr\u0131ca T\u00fcpra\u015f \u00e7al\u0131\u015fanlar\u0131n\u0131n kat\u0131l\u0131m\u0131yla <strong>giyim, hijyen malzemesi, battaniye, \u0131s\u0131t\u0131c\u0131, bebek mamas\u0131<\/strong> gibi acil ihtiya\u00e7lar i\u00e7in seferberlik ba\u015flat\u0131ld\u0131. Toplanan malzemeler <strong>AFAD koordinasyonunda<\/strong> <strong>deprem b\u00f6lgelerine<\/strong> ula\u015ft\u0131r\u0131l\u0131yor.<\/p>\n<h3><strong>B\u00f6lgenin temel ihtiya\u00e7lar\u0131 i\u00e7in s\u00fcrekli destek sa\u011flan\u0131yor<\/strong><\/h3>\n<p><strong>\u201cT\u00fcrkiye i\u00e7in tek y\u00fcrek\u201d<\/strong> anlay\u0131\u015f\u0131yla <strong>yard\u0131m seferberli\u011fini<\/strong> ilk g\u00fcnden itibaren kesintisiz olarak s\u00fcrd\u00fcren T\u00fcpra\u015f, ek olarak, depremzedelerin ve g\u00f6n\u00fcll\u00fclerin kullan\u0131m\u0131na y\u00f6nelik olarak bar\u0131nma ama\u00e7l\u0131 konteynerlerin yan\u0131 s\u0131ra <strong>yatak, kampet<\/strong> gibi konaklama malzemeleri,<strong> i\u00e7me sular\u0131, konserve g\u0131dalar, binlerce mont, baret ve i\u015f k\u0131yafeti<\/strong> gibi temel ihtiya\u00e7lar\u0131 da AFAD kanal\u0131yla b\u00f6lgeye sevk ediyor.<\/p>\n<p>T\u00fcpra\u015f, yaralar\u0131n sar\u0131lmas\u0131na katk\u0131da bulunmak \u00f6nceli\u011fiyle, ac\u0131s\u0131n\u0131 y\u00fcrekten payla\u015ft\u0131\u011f\u0131 deprem b\u00f6lgesine yard\u0131mlar\u0131n\u0131 s\u00fcrd\u00fcrecek. Ulusal sorumluluk anlay\u0131\u015f\u0131, kesintisiz \u00fcretimi ve t\u00fcm enerjisiyle T\u00fcrk halk\u0131yla omuz omuza y\u00fcr\u00fcmeye devam edecek.<\/p>\n<p>Depremde ya\u015fam\u0131n\u0131 yitiren vatanda\u015flar\u0131m\u0131za <strong>Allah\u2019tan rahmet, aileleri ba\u015fta olmak \u00fczere<\/strong> t\u00fcm milletimize <strong>ba\u015fsa\u011fl\u0131\u011f\u0131<\/strong> ve <strong>sab\u0131r; yaral\u0131lar\u0131m\u0131za acil \u015fifalar<\/strong> diliyoruz.<\/p>\n<p>\u00dclkemize ge\u00e7mi\u015f olsun.<\/p>","protected":false},"excerpt":{"rendered":"<p>Sorry, this entry is only available in Turkish. For the sake of viewer convenience, the content is shown below in the alternative language. You may click the link to switch the active language. T\u00fcrkiye\u2019nin enerjisini, ulusal sorumluluk anlay\u0131\u015f\u0131yla her ko\u015ful alt\u0131nda kesintisiz olarak kar\u015f\u0131layan T\u00fcpra\u015f, \u00fcretimini aral\u0131ks\u0131z s\u00fcrd\u00fcr\u00fcyor ve ihtiya\u00e7 duyulan enerjiyi afet b\u00f6lgeleri ba\u015fta [&hellip;]<\/p>\n","protected":false},"author":1,"featured_media":168873,"comment_status":"open","ping_status":"open","sticky":false,"template":"","format":"standard","meta":[],"categories":[53,44],"tags":[12880,107638,39474,1000,107637,846],"views":54,"_links":{"self":[{"href":"https:\/\/www.enerjigazetesi.ist\/en\/wp-json\/wp\/v2\/posts\/168871"}],"collection":[{"href":"https:\/\/www.enerjigazetesi.ist\/en\/wp-json\/wp\/v2\/posts"}],"about":[{"href":"https:\/\/www.enerjigazetesi.ist\/en\/wp-json\/wp\/v2\/types\/post"}],"author":[{"embeddable":true,"href":"https:\/\/www.enerjigazetesi.ist\/en\/wp-json\/wp\/v2\/users\/1"}],"replies":[{"embeddable":true,"href":"https:\/\/www.enerjigazetesi.ist\/en\/wp-json\/wp\/v2\/comments?post=168871"}],"version-history":[{"count":0,"href":"https:\/\/www.enerjigazetesi.ist\/en\/wp-json\/wp\/v2\/posts\/168871\/revisions"}],"wp:featuredmedia":[{"embeddable":true,"href":"https:\/\/www.enerjigazetesi.ist\/en\/wp-json\/wp\/v2\/media\/168873"}],"wp:attachment":[{"href":"https:\/\/www.enerjigazetesi.ist\/en\/wp-json\/wp\/v2\/media?parent=168871"}],"wp:term":[{"taxonomy":"category","embeddable":true,"href":"https:\/\/www.enerjigazetesi.ist\/en\/wp-json\/wp\/v2\/categories?post=168871"},{"taxonomy":"post_tag","embeddable":true,"href":"https:\/\/www.enerjigazetesi.ist\/en\/wp-json\/wp\/v2\/tags?post=168871"}],"curies":[{"name":"wp","href":"https:\/\/api.w.org\/{rel}","templated":true}]}}