{"id":16882,"date":"2013-10-26T18:50:53","date_gmt":"2013-10-26T15:50:53","guid":{"rendered":"https:\/\/www.enerjigazetesi.ist\/?p=16882"},"modified":"2013-10-27T15:05:47","modified_gmt":"2013-10-27T12:05:47","slug":"sakli-emisyonlara-dikkat","status":"publish","type":"post","link":"https:\/\/www.enerjigazetesi.ist\/en\/sakli-emisyonlara-dikkat\/","title":{"rendered":"(Turkish) Sakl\u0131 Emisyonlara Dikkat!"},"content":{"rendered":"<p class=\"qtranxs-available-languages-message qtranxs-available-languages-message-en\">Sorry, this entry is only available in <a href=\"https:\/\/www.enerjigazetesi.ist\/tr\/wp-json\/wp\/v2\/posts\/16882\" class=\"qtranxs-available-language-link qtranxs-available-language-link-tr\" title=\"Turkish\">Turkish<\/a>. For the sake of viewer convenience, the content is shown below in the alternative language. You may click the link to switch the active language.<\/p><p><strong>Birle\u015fik Krall\u0131k Enerji Ara\u015ft\u0131rma Merkezi (UKERC) bir bas\u0131n a\u00e7\u0131klamas\u0131yla t\u00fcketim tabanl\u0131 \u2018sakl\u0131\u2019 emisyonlara dikkat \u00e7ekti.<\/strong><\/p>\n<p>UKREC, 22 Ekim tarihinde yay\u0131nlad\u0131\u011f\u0131 bir a\u00e7\u0131klamada, d\u00fcnya genelinde sera gaz\u0131 emisyonlar\u0131n\u0131n d\u00f6rtte birinin t\u00fcketim tabanl\u0131 oldu\u011funu ve iklim politikalar\u0131n\u0131n bunu dikkate almad\u0131\u011f\u0131 ifade etti. Konuyla ilgili Leeds \u00dcniversitesi s\u00fcrd\u00fcr\u00fclebilirlik uzman\u0131 Prof. John Barrett\u2019in yapt\u0131\u011f\u0131 son ara\u015ft\u0131rma ve de\u011ferlendirmeler sunuldu.<\/p>\n<p><strong>T\u00dcKET\u0130M TABANLI EM\u0130SYONLAR G\u0130DEREK ARTIYOR<\/strong><br \/>\nJohn Barret ve ekibinin UKERC\u2019nin finanse etti\u011fi ara\u015ft\u0131rman\u0131n sonu\u00e7lar\u0131n\u0131 yay\u0131nlayaca\u011f\u0131 ifade edilen a\u00e7\u0131klamada, b\u00f6l\u00fck p\u00f6r\u00e7\u00fck politikalar ve \u00f6zellikle \u015fehirlerdeki t\u00fcketimin belirgin \u00e7e\u015fitlili\u011fi kadar k\u00fcresel bir \u00fcst limitin olmamas\u0131 nedeniyle t\u00fcketim tabanl\u0131 emisyonlar\u0131n giderek artt\u0131\u011f\u0131 belirtildi.<\/p>\n<p>Prof. Barret\u2019in \u015fu s\u00f6zlerine yer verildi: \u201c T\u00fcketim tabanl\u0131 emisyonlar h\u0131zla art\u0131yor ve \u00fcretim tabanl\u0131 emisyonlarla t\u00fcketim tabanl\u0131 emisyonlar aras\u0131ndaki mesafe giderek a\u00e7\u0131l\u0131yor.\u201d<\/p>\n<p><strong>T\u00dcKET\u0130M TABANLI EM\u0130SYONUN TAM \u00d6L\u00c7\u00dcM\u00dc M\u00dcMK\u00dcN<\/strong><br \/>\nA\u00e7\u0131klamada t\u00fcketim tabanl\u0131 emisy<a href=\"https:\/\/www.enerjigazetesi.ist\/wp-content\/uploads\/2013\/02\/ingiltere-gaz-salinimi-dusus.jpg\"><img loading=\"lazy\" class=\"alignleft size-full wp-image-7400\" title=\"karbondioksit-gaz-salinimi\" src=\"https:\/\/www.enerjigazetesi.ist\/wp-content\/uploads\/2013\/02\/ingiltere-gaz-salinimi-dusus.jpg\" alt=\"\" width=\"282\" height=\"172\" srcset=\"https:\/\/www.enerjigazetesi.ist\/wp-content\/uploads\/2013\/02\/ingiltere-gaz-salinimi-dusus.jpg 282w, https:\/\/www.enerjigazetesi.ist\/wp-content\/uploads\/2013\/02\/ingiltere-gaz-salinimi-dusus-80x48.jpg 80w\" sizes=\"(max-width: 282px) 100vw, 282px\" \/><\/a>onlarla ilgili tedbir se\u00e7eneklerinin ve sorumluluklar\u0131n evriminin hen\u00fcz ba\u015flang\u0131\u00e7 d\u00fczeyinde olmas\u0131 akademik ve kamu de\u011ferlendirmelerin hen\u00fcz \u00e7ok az geli\u015fmi\u015f olmas\u0131na ra\u011fmen Prof. Barrett\u2019in iyimser oldu\u011fu belirtildi. Prof. Barrett\u2019in T\u00fcketim tabanl\u0131 emisyonun tam \u00f6l\u00e7\u00fcm\u00fcn\u00fcn yap\u0131labilmesinin m\u00fcmk\u00fcn oldu\u011funa ve sera gaz\u0131 emisyonlar\u0131n\u0131n azalt\u0131lmas\u0131nda tedbir se\u00e7eneklerde yeni anlay\u0131\u015flar\u0131n geli\u015ftirilmesiyle \u00f6nlenebilece\u011fine inand\u0131\u011f\u0131 ifade edildi.<\/p>\n<p>Bu tedbirler kaynak etkinli\u011fi stratejisi benzeri ulusal politikalar kadar, karbon s\u0131n\u0131r ayarlamalar\u0131 gibi t\u00fcketim ba\u011flant\u0131l\u0131 tedbirleri de i\u00e7eriyor.<\/p>\n<p><strong>EM\u0130SYONU \u00d6NLEMEK \u0130\u00c7\u0130N T\u00dcKET\u0130M TABANLI TEDB\u0130RLER\u0130 ANLAMAMIZ GEREK<\/strong><br \/>\nProf. Barrett \u201c\u0130klimsel hedeflerimiz oran\u0131nda, \u00fcretim ve teknolojik \u00e7\u00f6z\u00fcmlere ek olarak tedbir se\u00e7eneklerimizi geni\u015f \u00f6l\u00e7\u00fcde artt\u0131rmam\u0131z gerekiyor. E\u011fer emisyonu \u00f6nlemek i\u00e7in kararl\u0131 bir tutum sergileyeceksek g\u00f6n\u00fcll\u00fcl\u00fck ve bilgi payla\u015f\u0131m\u0131 yakla\u015f\u0131mlar\u0131n\u0131n \u00f6tesinde t\u00fcketim tabanl\u0131 tedbirleri uygulayacak ara\u00e7lar\u0131 anlamam\u0131z gerekiyor\u201d dedi.<\/p>\n<p>T\u00fcketim tabanl\u0131 emisyonlar hala k\u00fcresel \u00e7apta toplam emisyonlar\u0131 titizlikle tahmin etti\u011fimiz \u00fcretim kaynakl\u0131 emisyonlar\u0131 tamamlayan nitelikteler.<\/p>\n<p><strong>T\u00dcKET\u0130M TABANLI \u00d6L\u00c7\u00dcMLER YAPILMADAN KARBON EM\u0130SYONUNU AZALTMA HIZIMIZI B\u0130LEMEY\u0130Z<\/strong><br \/>\nBununla birlikte Prof. Barrett \u201c T\u00fcketim tabanl\u0131 \u00f6l\u00e7\u00fcmler olmadan b\u00f6lgesel ve ulusal karbon emisyonunu ne \u00e7abuklukta azaltabilece\u011fimizi tam olarak anlayabilmemiz m\u00fcmk\u00fcn de\u011fil\u201d dedi.<\/p>\n<p>T\u00fcketim tabanl\u0131 emisyonlar, k\u00fcresel iklim de\u011fi\u015fikli\u011fi m\u00fccadelesini hat\u0131rlat\u0131c\u0131 ve azalt\u0131c\u0131 stratejilerin yenilenmesinde i\u015fbirli\u011fi ihtiyac\u0131n\u0131 g\u00f6steren bir rol oynuyor. Ayn\u0131 zamanda t\u00fcketim, ekonomi ve emisyon aras\u0131ndaki ba\u011flant\u0131y\u0131 bize g\u00f6steriyor.<\/p>\n<p>Kaynak: <a href=\"http:\/\/enerjigunlugu.net\/sakli-emisyonlara-dikkat!_5391.html\" target=\"_blank\">Enerji G\u00fcnl\u00fc\u011f\u00fc<\/a><\/p>","protected":false},"excerpt":{"rendered":"<p>Sorry, this entry is only available in Turkish. For the sake of viewer convenience, the content is shown below in the alternative language. You may click the link to switch the active language.Birle\u015fik Krall\u0131k Enerji Ara\u015ft\u0131rma Merkezi (UKERC) bir bas\u0131n a\u00e7\u0131klamas\u0131yla t\u00fcketim tabanl\u0131 \u2018sakl\u0131\u2019 emisyonlara dikkat \u00e7ekti. UKREC, 22 Ekim tarihinde yay\u0131nlad\u0131\u011f\u0131 bir a\u00e7\u0131klamada, d\u00fcnya [&hellip;]<\/p>\n","protected":false},"author":1,"featured_media":7400,"comment_status":"open","ping_status":"open","sticky":false,"template":"","format":"standard","meta":[],"categories":[53,52],"tags":[9888,63,67,1009,165,12,3578,6333,9891,9890,2533,9889,9892,793],"views":649,"_links":{"self":[{"href":"https:\/\/www.enerjigazetesi.ist\/en\/wp-json\/wp\/v2\/posts\/16882"}],"collection":[{"href":"https:\/\/www.enerjigazetesi.ist\/en\/wp-json\/wp\/v2\/posts"}],"about":[{"href":"https:\/\/www.enerjigazetesi.ist\/en\/wp-json\/wp\/v2\/types\/post"}],"author":[{"embeddable":true,"href":"https:\/\/www.enerjigazetesi.ist\/en\/wp-json\/wp\/v2\/users\/1"}],"replies":[{"embeddable":true,"href":"https:\/\/www.enerjigazetesi.ist\/en\/wp-json\/wp\/v2\/comments?post=16882"}],"version-history":[{"count":3,"href":"https:\/\/www.enerjigazetesi.ist\/en\/wp-json\/wp\/v2\/posts\/16882\/revisions"}],"predecessor-version":[{"id":16884,"href":"https:\/\/www.enerjigazetesi.ist\/en\/wp-json\/wp\/v2\/posts\/16882\/revisions\/16884"}],"wp:featuredmedia":[{"embeddable":true,"href":"https:\/\/www.enerjigazetesi.ist\/en\/wp-json\/wp\/v2\/media\/7400"}],"wp:attachment":[{"href":"https:\/\/www.enerjigazetesi.ist\/en\/wp-json\/wp\/v2\/media?parent=16882"}],"wp:term":[{"taxonomy":"category","embeddable":true,"href":"https:\/\/www.enerjigazetesi.ist\/en\/wp-json\/wp\/v2\/categories?post=16882"},{"taxonomy":"post_tag","embeddable":true,"href":"https:\/\/www.enerjigazetesi.ist\/en\/wp-json\/wp\/v2\/tags?post=16882"}],"curies":[{"name":"wp","href":"https:\/\/api.w.org\/{rel}","templated":true}]}}