{"id":168819,"date":"2023-02-08T12:17:19","date_gmt":"2023-02-08T09:17:19","guid":{"rendered":"https:\/\/www.enerjigazetesi.ist\/?p=168819"},"modified":"2023-02-08T12:18:56","modified_gmt":"2023-02-08T09:18:56","slug":"akkuyu-ngs-personeli%cc%87-depremden-etkilenenler-i%cc%87ci%cc%87n-harekete-gecti","status":"publish","type":"post","link":"https:\/\/www.enerjigazetesi.ist\/en\/akkuyu-ngs-personeli%cc%87-depremden-etkilenenler-i%cc%87ci%cc%87n-harekete-gecti\/","title":{"rendered":"(Turkish) Akkuyu NGS Personel\u0131\u0307 Depremden Etkilenenler I\u0307\u00e7\u0131\u0307n Harekete Ge\u00e7ti"},"content":{"rendered":"<p class=\"qtranxs-available-languages-message qtranxs-available-languages-message-en\">Sorry, this entry is only available in <a href=\"https:\/\/www.enerjigazetesi.ist\/tr\/wp-json\/wp\/v2\/posts\/168819\" class=\"qtranxs-available-language-link qtranxs-available-language-link-tr\" title=\"Turkish\">Turkish<\/a>. For the sake of viewer convenience, the content is shown below in the alternative language. You may click the link to switch the active language.<\/p><p><\/p>\n<h2>Akkuyu N\u00fckleer G\u00fc\u00e7 Santrali Projesi\u2019nde (NGS) yer alan \u015firketler, depremden etkilenenler i\u00e7in el ele verdi.<\/h2>\n<p>Bu kapsamda, Akkuyu NGS \u00e7al\u0131\u015fanlar\u0131n\u0131n \u00e7o\u011funlu\u011funun ya\u015fad\u0131\u011f\u0131 <strong>Silifke, Kum Mahallesi ve Ta\u015fucu\u2019nda<\/strong> olu\u015fturulan noktalarda<strong> temel ihtiya\u00e7 malzemeleri<\/strong> topland\u0131. Proje personeli ve b\u00f6lge sakinleri <strong>giysi, ayakkab\u0131, battaniye, \u0131s\u0131t\u0131c\u0131 ve uyku tulumu<\/strong> gibi temel ihtiya\u00e7 malzemelerini <img loading=\"lazy\" class=\"alignright wp-image-168822\" src=\"https:\/\/www.enerjigazetesi.ist\/wp-content\/uploads\/2023\/02\/akkuyu-ngs-personeli\u0307-depremden-etkilenenler-i\u0307ci\u0307n-harekete-gecti-1.jpg\" alt=\"\" width=\"320\" height=\"212\" srcset=\"https:\/\/www.enerjigazetesi.ist\/wp-content\/uploads\/2023\/02\/akkuyu-ngs-personeli\u0307-depremden-etkilenenler-i\u0307ci\u0307n-harekete-gecti-1.jpg 550w, https:\/\/www.enerjigazetesi.ist\/wp-content\/uploads\/2023\/02\/akkuyu-ngs-personeli\u0307-depremden-etkilenenler-i\u0307ci\u0307n-harekete-gecti-1-300x199.jpg 300w, https:\/\/www.enerjigazetesi.ist\/wp-content\/uploads\/2023\/02\/akkuyu-ngs-personeli\u0307-depremden-etkilenenler-i\u0307ci\u0307n-harekete-gecti-1-500x331.jpg 500w, https:\/\/www.enerjigazetesi.ist\/wp-content\/uploads\/2023\/02\/akkuyu-ngs-personeli\u0307-depremden-etkilenenler-i\u0307ci\u0307n-harekete-gecti-1-76x50.jpg 76w, https:\/\/www.enerjigazetesi.ist\/wp-content\/uploads\/2023\/02\/akkuyu-ngs-personeli\u0307-depremden-etkilenenler-i\u0307ci\u0307n-harekete-gecti-1-450x300.jpg 450w\" sizes=\"(max-width: 320px) 100vw, 320px\" \/>toplama noktalar\u0131na getirdi. <strong>7 \u015eubat ak\u015fam\u0131<\/strong> itibari ile toplanan en az 4 tonluk ihtiya\u00e7 malzemesi <strong>Silifke Belediyesi<\/strong>&#8216;ne teslim edildi. Personel ve b\u00f6lge sakinleri, <strong>ihtiya\u00e7 malzemesi toplama i\u015flemlerini<\/strong> <strong>10 \u015eubat&#8217;a<\/strong> kadar devam ettirecek.<\/p>\n<p><strong>Akkuyu NGS projesinin<\/strong> y\u00fcklenicileri ayr\u0131ca enkaz kald\u0131rma \u00e7al\u0131\u015fmalar\u0131na destek olabilmek i\u00e7in aralar\u0131nda <strong>vin\u00e7ler, trakt\u00f6rler, ekskavat\u00f6rler ve damperli kamyonlar\u0131n da<\/strong> oldu\u011fu yakla\u015f\u0131k<strong> 80 arac\u0131<\/strong> b\u00f6lgeye g\u00f6nderdi. Ara\u00e7larla birlikte <strong>200&#8217;den fazla personel<\/strong> de deprem b\u00f6lgesine gitti.<\/p>\n<p>Bunun yan\u0131 s\u0131ra t\u0131bbi yard\u0131ma ihtiya\u00e7 duyan depremzedelere hava yoluyla <strong>doktor ta\u015f\u0131nabilmesi<\/strong> i\u00e7in <strong>Adana Havaliman\u0131<\/strong>&#8216;na<strong> 60&#8217;tan fazla<\/strong> otob\u00fcs de sevk edildi.<\/p>\n<p>Deprem b\u00f6lgesindeki kan ihtiyac\u0131na kar\u015f\u0131 mevcut kan ba\u011f\u0131\u015f\u0131 noktalar\u0131na ek olarak, Silifke&#8217;de bulunan K\u0131z\u0131lay ofisinde ve B\u00fcy\u00fckeceli&#8217;de bulunan i\u015f\u00e7i kamp\u0131nda da <strong>kan verme noktalar\u0131<\/strong> a\u00e7\u0131ld\u0131.<\/p>\n<p><strong>Ankara<\/strong> ve<strong> Moskova&#8217;da<\/strong> bulunan <strong>AKKUYU N\u00dcKLEER ofisleri de<\/strong> depremzedelere destek i\u00e7in toplad\u0131\u011f\u0131 nakdi yard\u0131m\u0131 <strong>T.C. \u0130\u00e7i\u015fleri Bakanl\u0131\u011f\u0131 Afet ve Acil Durum Y\u00f6netimi Ba\u015fkanl\u0131\u011f\u0131 (AFAD)<\/strong> hesaplar\u0131na aktaracak.<\/p>\n<p>AKKUYU N\u00dcKLEER A.\u015e Genel M\u00fcd\u00fcr\u00fc Anastasia Zoteeva konuyla ilgili yapt\u0131\u011f\u0131 a\u00e7\u0131klamada, &#8220;<em>Bu \u00f6l\u00e7ekte bir felakete kay\u0131ts\u0131z kalmak m\u00fcmk\u00fcn de\u011fil. Meslekta\u015flar\u0131m\u0131za ve \u015fantiyemizdeki t\u00fcm \u00e7al\u0131\u015fanlara bu i\u015f birli\u011fine kat\u0131ld\u0131klar\u0131 i\u00e7in \u00e7ok minnettar\u0131z. Her saniyenin de\u011ferli oldu\u011fu bir durumda, g\u00fc\u00e7ler ve kaynaklar derhal harekete ge\u00e7irilmelidir. Elbette ald\u0131\u011f\u0131m\u0131z tedbirlerin \u00f6tesine ge\u00e7ecek ve gerekli oldu\u011fu s\u00fcrece ma\u011fdurlara m\u00fcmk\u00fcn olan her t\u00fcrl\u00fc deste\u011fi sa\u011flayaca\u011f\u0131z. T\u00fcrk halk\u0131yla birlikte yas tutuyoruz. Depremde hayat\u0131n\u0131 kaybedenlerin ailelere en derin taziyelerimizi sunuyor, yaral\u0131lara acil \u015fifalar diliyor ve enkaz alt\u0131nda kalanlar\u0131n bir an \u00f6nce kurtar\u0131lmas\u0131n\u0131 \u00fcmit ediyoruz<\/em>\u201d ifadelerini kulland\u0131.<\/p>","protected":false},"excerpt":{"rendered":"<p>Sorry, this entry is only available in Turkish. For the sake of viewer convenience, the content is shown below in the alternative language. You may click the link to switch the active language. Akkuyu N\u00fckleer G\u00fc\u00e7 Santrali Projesi\u2019nde (NGS) yer alan \u015firketler, depremden etkilenenler i\u00e7in el ele verdi. Bu kapsamda, Akkuyu NGS \u00e7al\u0131\u015fanlar\u0131n\u0131n \u00e7o\u011funlu\u011funun ya\u015fad\u0131\u011f\u0131 [&hellip;]<\/p>\n","protected":false},"author":1,"featured_media":168821,"comment_status":"open","ping_status":"open","sticky":false,"template":"","format":"standard","meta":[],"categories":[53,43],"tags":[106047,42302,107622,13232,77853,107623],"views":40,"_links":{"self":[{"href":"https:\/\/www.enerjigazetesi.ist\/en\/wp-json\/wp\/v2\/posts\/168819"}],"collection":[{"href":"https:\/\/www.enerjigazetesi.ist\/en\/wp-json\/wp\/v2\/posts"}],"about":[{"href":"https:\/\/www.enerjigazetesi.ist\/en\/wp-json\/wp\/v2\/types\/post"}],"author":[{"embeddable":true,"href":"https:\/\/www.enerjigazetesi.ist\/en\/wp-json\/wp\/v2\/users\/1"}],"replies":[{"embeddable":true,"href":"https:\/\/www.enerjigazetesi.ist\/en\/wp-json\/wp\/v2\/comments?post=168819"}],"version-history":[{"count":0,"href":"https:\/\/www.enerjigazetesi.ist\/en\/wp-json\/wp\/v2\/posts\/168819\/revisions"}],"wp:featuredmedia":[{"embeddable":true,"href":"https:\/\/www.enerjigazetesi.ist\/en\/wp-json\/wp\/v2\/media\/168821"}],"wp:attachment":[{"href":"https:\/\/www.enerjigazetesi.ist\/en\/wp-json\/wp\/v2\/media?parent=168819"}],"wp:term":[{"taxonomy":"category","embeddable":true,"href":"https:\/\/www.enerjigazetesi.ist\/en\/wp-json\/wp\/v2\/categories?post=168819"},{"taxonomy":"post_tag","embeddable":true,"href":"https:\/\/www.enerjigazetesi.ist\/en\/wp-json\/wp\/v2\/tags?post=168819"}],"curies":[{"name":"wp","href":"https:\/\/api.w.org\/{rel}","templated":true}]}}