{"id":168808,"date":"2023-02-08T11:45:58","date_gmt":"2023-02-08T08:45:58","guid":{"rendered":"https:\/\/www.enerjigazetesi.ist\/?p=168808"},"modified":"2023-02-08T11:45:58","modified_gmt":"2023-02-08T08:45:58","slug":"telekom-operatorlerinden-ortak-aciklama-yapildi","status":"publish","type":"post","link":"https:\/\/www.enerjigazetesi.ist\/en\/telekom-operatorlerinden-ortak-aciklama-yapildi\/","title":{"rendered":"(Turkish) Telekom Operat\u00f6rleri&#8217;nden Ortak A\u00e7\u0131klama Yap\u0131ld\u0131"},"content":{"rendered":"<p class=\"qtranxs-available-languages-message qtranxs-available-languages-message-en\">Sorry, this entry is only available in <a href=\"https:\/\/www.enerjigazetesi.ist\/tr\/wp-json\/wp\/v2\/posts\/168808\" class=\"qtranxs-available-language-link qtranxs-available-language-link-tr\" title=\"Turkish\">Turkish<\/a>. For the sake of viewer convenience, the content is shown below in the alternative language. You may click the link to switch the active language.<\/p><p><\/p>\n<h2><strong>\u201cDeprem b\u00f6lgesinde ileti\u015fim ihtiya\u00e7lar\u0131n\u0131n kar\u015f\u0131lanabilmesi i\u00e7in vatanda\u015flar\u0131m\u0131z\u0131n yan\u0131nday\u0131z\u201d<\/strong><\/h2>\n<p>\u00dclkemizi derin \u00fcz\u00fcnt\u00fcye bo\u011fan Kahramanmara\u015f merkezli, <strong>10 ili etkileyen<\/strong> <strong>depremler<\/strong> sebebiyle <strong>enerji hatlar\u0131nda<\/strong> ve<strong> baz istasyonlar\u0131nda<\/strong> olu\u015fan hasar ileti\u015fim s\u00fcre\u00e7lerini etkilemektedir. G\u00fcvenlik tedbirleri kapsam\u0131nda ve enerji hatlar\u0131nda olu\u015fan hasar nedeniyle da\u011f\u0131t\u0131m \u015firketlerince b\u00f6lgeye elektrik verilememesi sebebiyle ileti\u015fim i\u00e7in <strong>gerekli enerji jenerat\u00f6rler<\/strong> ile sa\u011flanmaktad\u0131r.<\/p>\n<p><img loading=\"lazy\" class=\"alignright wp-image-168810\" src=\"https:\/\/www.enerjigazetesi.ist\/wp-content\/uploads\/2023\/02\/telekom-operatorlerinden-ortak-aciklama-yapildi.jpg\" alt=\"\" width=\"320\" height=\"180\" srcset=\"https:\/\/www.enerjigazetesi.ist\/wp-content\/uploads\/2023\/02\/telekom-operatorlerinden-ortak-aciklama-yapildi.jpg 800w, https:\/\/www.enerjigazetesi.ist\/wp-content\/uploads\/2023\/02\/telekom-operatorlerinden-ortak-aciklama-yapildi-300x169.jpg 300w, https:\/\/www.enerjigazetesi.ist\/wp-content\/uploads\/2023\/02\/telekom-operatorlerinden-ortak-aciklama-yapildi-768x432.jpg 768w, https:\/\/www.enerjigazetesi.ist\/wp-content\/uploads\/2023\/02\/telekom-operatorlerinden-ortak-aciklama-yapildi-500x281.jpg 500w, https:\/\/www.enerjigazetesi.ist\/wp-content\/uploads\/2023\/02\/telekom-operatorlerinden-ortak-aciklama-yapildi-80x45.jpg 80w\" sizes=\"(max-width: 320px) 100vw, 320px\" \/>\u00dcye operat\u00f6rlerimiz <em><strong>Turkcell,<\/strong><\/em> <em><strong>T\u00fcrk Telekom<\/strong><\/em> ve <em><strong>Vodafone<\/strong><\/em> ileti\u015fimin s\u00fcrmesi ad\u0131na t\u00fcm ekipleriyle, AFAD ve ilgili bakanl\u0131klar\u0131m\u0131zla koordineli bir \u015fekilde deprem b\u00f6lgesinde saha \u00e7al\u0131\u015fmalar\u0131n\u0131 s\u00fcrd\u00fcrmektedir.\u00a0 Enerji iletimi konusundaki onar\u0131m \u00e7al\u0131\u015fmalar\u0131 devam ederken, b\u00f6lgeye sevk edilen mobil baz istasyonlar\u0131yla ileti\u015fim sa\u011flanmaktad\u0131r. Depremden etkilenen ve hasar g\u00f6ren baz istasyonlar\u0131n\u0131n onar\u0131m\u0131na ise devam edilmektedir.<\/p>\n<p>Depremden etkilenen t\u00fcm illerde\u00a0al\u0131nan \u00f6nlemler ve aksiyonlarla b\u00f6lgede<strong> sabit ve mobil altyap\u0131lar<\/strong> \u00fczerinden ileti\u015fim sa\u011flanmaya devam edilmektedir.\u00a0\u0130lave olarak, t\u00fcm kullan\u0131c\u0131lara<strong> ses\/data paketleri<\/strong> tan\u0131mlanmakta, <strong>bor\u00e7lu hatlar yeniden kullan\u0131ma a\u00e7\u0131lmakta<\/strong>, t\u00fcm <strong>Wi-Fi internet noktalar\u0131<\/strong> ve <strong>ankes\u00f6rl\u00fc telefonlar \u00fccretsiz<\/strong> kullan\u0131labilmekte, <strong>ta\u015f\u0131nabilir \u015farj cihaz\u0131 (powerbank) deste\u011fi<\/strong> de bulunmaktad\u0131r.<\/p>\n<p>Operat\u00f6rlerimiz t\u00fcm ekipleriyle b\u00f6lgede yard\u0131m koordinasyon s\u00fcrecine aktif olarak kat\u0131l\u0131m sa\u011flamaktad\u0131rlar. Deprem b\u00f6lgesinde ileti\u015fimin sa\u011fl\u0131kl\u0131 \u015fekilde devam edebilmesi i\u00e7in \u015fu \u00f6nemli hususlar\u0131n <span style=\"text-decoration: underline;\">tekrar alt\u0131n\u0131 \u00e7izmek isteriz:<\/span><\/p>\n<p>&#8211; Y\u00fcksek trafik olu\u015fumunu engellemek i\u00e7in telefonlar sadece acil aramalar i\u00e7in kullan\u0131lmal\u0131d\u0131r.<\/p>\n<p>&#8211; Haberle\u015fmeler k\u0131sa mesaj servisi (SMS) ve internet tabanl\u0131 mesajla\u015fma yaz\u0131l\u0131mlar\u0131 \u00fczerinden yap\u0131lmal\u0131d\u0131r.<\/p>\n<p>Kamuoyunun bilgisine sunar\u0131z.<\/p>\n<p>Sayg\u0131lar\u0131m\u0131zla,<\/p>\n<p><strong>Mobil Telekom\u00fcnikasyon Operat\u00f6rleri Derne\u011fi<\/strong><\/p>","protected":false},"excerpt":{"rendered":"<p>Sorry, this entry is only available in Turkish. For the sake of viewer convenience, the content is shown below in the alternative language. You may click the link to switch the active language. \u201cDeprem b\u00f6lgesinde ileti\u015fim ihtiya\u00e7lar\u0131n\u0131n kar\u015f\u0131lanabilmesi i\u00e7in vatanda\u015flar\u0131m\u0131z\u0131n yan\u0131nday\u0131z\u201d \u00dclkemizi derin \u00fcz\u00fcnt\u00fcye bo\u011fan Kahramanmara\u015f merkezli, 10 ili etkileyen depremler sebebiyle enerji hatlar\u0131nda ve [&hellip;]<\/p>\n","protected":false},"author":1,"featured_media":168810,"comment_status":"open","ping_status":"open","sticky":false,"template":"","format":"standard","meta":[],"categories":[53,157],"tags":[65642,107617,107618],"views":57,"_links":{"self":[{"href":"https:\/\/www.enerjigazetesi.ist\/en\/wp-json\/wp\/v2\/posts\/168808"}],"collection":[{"href":"https:\/\/www.enerjigazetesi.ist\/en\/wp-json\/wp\/v2\/posts"}],"about":[{"href":"https:\/\/www.enerjigazetesi.ist\/en\/wp-json\/wp\/v2\/types\/post"}],"author":[{"embeddable":true,"href":"https:\/\/www.enerjigazetesi.ist\/en\/wp-json\/wp\/v2\/users\/1"}],"replies":[{"embeddable":true,"href":"https:\/\/www.enerjigazetesi.ist\/en\/wp-json\/wp\/v2\/comments?post=168808"}],"version-history":[{"count":0,"href":"https:\/\/www.enerjigazetesi.ist\/en\/wp-json\/wp\/v2\/posts\/168808\/revisions"}],"wp:featuredmedia":[{"embeddable":true,"href":"https:\/\/www.enerjigazetesi.ist\/en\/wp-json\/wp\/v2\/media\/168810"}],"wp:attachment":[{"href":"https:\/\/www.enerjigazetesi.ist\/en\/wp-json\/wp\/v2\/media?parent=168808"}],"wp:term":[{"taxonomy":"category","embeddable":true,"href":"https:\/\/www.enerjigazetesi.ist\/en\/wp-json\/wp\/v2\/categories?post=168808"},{"taxonomy":"post_tag","embeddable":true,"href":"https:\/\/www.enerjigazetesi.ist\/en\/wp-json\/wp\/v2\/tags?post=168808"}],"curies":[{"name":"wp","href":"https:\/\/api.w.org\/{rel}","templated":true}]}}