{"id":168721,"date":"2023-02-06T19:21:16","date_gmt":"2023-02-06T16:21:16","guid":{"rendered":"https:\/\/www.enerjigazetesi.ist\/?p=168721"},"modified":"2023-02-06T19:21:16","modified_gmt":"2023-02-06T16:21:16","slug":"edpk-dan-deprem-bolgesinde-akaryakit-ve-elektrik-tedbiri","status":"publish","type":"post","link":"https:\/\/www.enerjigazetesi.ist\/en\/edpk-dan-deprem-bolgesinde-akaryakit-ve-elektrik-tedbiri\/","title":{"rendered":"(Turkish) EDPK\u2019dan Deprem B\u00f6lgesinde Akaryak\u0131t ve Elektrik Tedbiri"},"content":{"rendered":"<p class=\"qtranxs-available-languages-message qtranxs-available-languages-message-en\">Sorry, this entry is only available in <a href=\"https:\/\/www.enerjigazetesi.ist\/tr\/wp-json\/wp\/v2\/posts\/168721\" class=\"qtranxs-available-language-link qtranxs-available-language-link-tr\" title=\"Turkish\">Turkish<\/a>. For the sake of viewer convenience, the content is shown below in the alternative language. You may click the link to switch the active language.<\/p><p><\/p>\n<h2>EPDK taraf\u0131ndan deprem b\u00f6lgesinde akaryak\u0131t istasyonlar\u0131 ve elektrik \u015firketlerinin y\u00fck\u00fcml\u00fcl\u00fckleri 30 g\u00fcn s\u00fcre ile ertelendi.<\/h2>\n<p><strong>Enerji Piyasas\u0131 D\u00fczenleme Kurumu<\/strong>,\u00a0depremden zarar g\u00f6ren ya da etkilenen b\u00fct\u00fcn akaryak\u0131t istasyonlar\u0131n\u0131n otomasyon sistemlerine ili\u015fkin mevzuattan kaynaklanan y\u00fck\u00fcml\u00fcl\u00fckleri ve b\u00f6lgedeki g\u00f6revli tedarik \u015firketlerinin, \u00fcretim santralleri ve OSB\u2019lere ait enerji \u015firketlerinin avans \u00f6deme, <img loading=\"lazy\" class=\"alignright wp-image-168723\" src=\"https:\/\/www.enerjigazetesi.ist\/wp-content\/uploads\/2023\/02\/edpk-dan-deprem-bolgesinde-akaryakit-ve-elektrik-tedbiri.jpg\" alt=\"\" width=\"320\" height=\"206\" srcset=\"https:\/\/www.enerjigazetesi.ist\/wp-content\/uploads\/2023\/02\/edpk-dan-deprem-bolgesinde-akaryakit-ve-elektrik-tedbiri.jpg 532w, https:\/\/www.enerjigazetesi.ist\/wp-content\/uploads\/2023\/02\/edpk-dan-deprem-bolgesinde-akaryakit-ve-elektrik-tedbiri-300x193.jpg 300w, https:\/\/www.enerjigazetesi.ist\/wp-content\/uploads\/2023\/02\/edpk-dan-deprem-bolgesinde-akaryakit-ve-elektrik-tedbiri-500x322.jpg 500w, https:\/\/www.enerjigazetesi.ist\/wp-content\/uploads\/2023\/02\/edpk-dan-deprem-bolgesinde-akaryakit-ve-elektrik-tedbiri-78x50.jpg 78w\" sizes=\"(max-width: 320px) 100vw, 320px\" \/>dengesizlik ve teminat y\u00fck\u00fcml\u00fcl\u00fcklerinin <strong>30 g\u00fcn s\u00fcre<\/strong> ile ertelendi\u011fini bildirdi.<\/p>\n<p>EPDK&#8217;dan yap\u0131lan a\u00e7\u0131klamada, <em>&#8220;Bug\u00fcn merkez \u00fcss\u00fc <strong>Kahramanmara\u015f<\/strong> ba\u015fta olmak \u00fczere \u00fclkemizin <strong>Do\u011fu, G\u00fcney Do\u011fu ve Akdeniz B\u00f6lgelerinde<\/strong> yer alan <strong>10 ilimizi<\/strong> etkileyen deprem nedeniyle, b\u00f6lgedeki vatanda\u015flar\u0131m\u0131z\u0131n ve kamu g\u00f6revlilerinin <strong>akaryak\u0131t temininde zorluk ya\u015fanmamas\u0131<\/strong> i\u00e7in Kurumumuz taraf\u0131ndan gerekli \u00f6nlemler h\u0131zla al\u0131nm\u0131\u015ft\u0131r&#8221;<\/em><\/p>\n<p><em>&#8220;Bu kapsamda depremden zarar g\u00f6ren ya da etkilenen b\u00fct\u00fcn akaryak\u0131t istasyonlar\u0131n\u0131n otomasyon sistemlerine ili\u015fkin mevzuattan kaynaklanan y\u00fck\u00fcml\u00fcl\u00fckleri <strong>30 g\u00fcn s\u00fcre ile ertelenmi\u015ftir<\/strong>.\u00a0 \u0130lgili b\u00fct\u00fcn <strong>akaryak\u0131t da\u011f\u0131t\u0131c\u0131<\/strong> ve <strong>bayii dernekleri<\/strong> ile g\u00f6r\u00fc\u015f\u00fclerek deprem b\u00f6lgesinde herhangi bir akaryak\u0131t ikmal sorunu ya\u015fanmamas\u0131 i\u00e7in <strong>b\u00fct\u00fcn tedbirler<\/strong> al\u0131nm\u0131\u015ft\u0131r ve s\u00fcre\u00e7 Kurumumuz taraf\u0131ndan titizlikle takip edilecektir. Ayr\u0131ca deprem b\u00f6lgesinde elektrik kesintisi ya\u015fanmamas\u0131, olas\u0131 bir kesinti halinde sorunun h\u0131zla giderilebilmesi i\u00e7in ilgili b\u00fct\u00fcn <strong>da\u011f\u0131t\u0131m<\/strong> ve<strong> tedarik \u015firketleri<\/strong> ile g\u00f6r\u00fc\u015f\u00fclmektedir. B\u00f6lgedeki g\u00f6revli <strong>tedarik \u015firketleri, \u00fcretim santralleri<\/strong> ve <strong>OSB\u2019lere<\/strong> ait enerji \u015firketlerinin avans \u00f6deme, dengesizlik ve teminat y\u00fck\u00fcml\u00fcl\u00fckleri <strong>30 g\u00fcn s\u00fcre ile ertelenmi\u015ftir<\/strong>. Kurum olarak depremde hayat\u0131n\u0131 kaybeden vatanda\u015flar\u0131m\u0131za Allah&#8217;tan rahmet, yaral\u0131lar\u0131m\u0131za acil \u015fifalar dileriz.&#8221; <\/em>ifadelerine yer verildi.<\/p>","protected":false},"excerpt":{"rendered":"<p>Sorry, this entry is only available in Turkish. For the sake of viewer convenience, the content is shown below in the alternative language. You may click the link to switch the active language. EPDK taraf\u0131ndan deprem b\u00f6lgesinde akaryak\u0131t istasyonlar\u0131 ve elektrik \u015firketlerinin y\u00fck\u00fcml\u00fcl\u00fckleri 30 g\u00fcn s\u00fcre ile ertelendi. Enerji Piyasas\u0131 D\u00fczenleme Kurumu,\u00a0depremden zarar g\u00f6ren ya [&hellip;]<\/p>\n","protected":false},"author":1,"featured_media":168723,"comment_status":"open","ping_status":"open","sticky":false,"template":"","format":"standard","meta":[],"categories":[51,53,44],"tags":[2289,12880,107596,68],"views":55,"_links":{"self":[{"href":"https:\/\/www.enerjigazetesi.ist\/en\/wp-json\/wp\/v2\/posts\/168721"}],"collection":[{"href":"https:\/\/www.enerjigazetesi.ist\/en\/wp-json\/wp\/v2\/posts"}],"about":[{"href":"https:\/\/www.enerjigazetesi.ist\/en\/wp-json\/wp\/v2\/types\/post"}],"author":[{"embeddable":true,"href":"https:\/\/www.enerjigazetesi.ist\/en\/wp-json\/wp\/v2\/users\/1"}],"replies":[{"embeddable":true,"href":"https:\/\/www.enerjigazetesi.ist\/en\/wp-json\/wp\/v2\/comments?post=168721"}],"version-history":[{"count":0,"href":"https:\/\/www.enerjigazetesi.ist\/en\/wp-json\/wp\/v2\/posts\/168721\/revisions"}],"wp:featuredmedia":[{"embeddable":true,"href":"https:\/\/www.enerjigazetesi.ist\/en\/wp-json\/wp\/v2\/media\/168723"}],"wp:attachment":[{"href":"https:\/\/www.enerjigazetesi.ist\/en\/wp-json\/wp\/v2\/media?parent=168721"}],"wp:term":[{"taxonomy":"category","embeddable":true,"href":"https:\/\/www.enerjigazetesi.ist\/en\/wp-json\/wp\/v2\/categories?post=168721"},{"taxonomy":"post_tag","embeddable":true,"href":"https:\/\/www.enerjigazetesi.ist\/en\/wp-json\/wp\/v2\/tags?post=168721"}],"curies":[{"name":"wp","href":"https:\/\/api.w.org\/{rel}","templated":true}]}}