{"id":168697,"date":"2023-02-06T13:08:01","date_gmt":"2023-02-06T10:08:01","guid":{"rendered":"https:\/\/www.enerjigazetesi.ist\/?p=168697"},"modified":"2023-02-06T13:08:42","modified_gmt":"2023-02-06T10:08:42","slug":"afet-bolgeleri-ndeki-iletisim-ihtiyaci-icin-bilgilendirme-ve-seferberlik","status":"publish","type":"post","link":"https:\/\/www.enerjigazetesi.ist\/en\/afet-bolgeleri-ndeki-iletisim-ihtiyaci-icin-bilgilendirme-ve-seferberlik\/","title":{"rendered":"(Turkish) Afet B\u00f6lgeleri&#8217;ndeki \u0130leti\u015fim \u0130htiyac\u0131 \u0130\u00e7in Bilgilendirme ve Seferberlik"},"content":{"rendered":"<p class=\"qtranxs-available-languages-message qtranxs-available-languages-message-en\">Sorry, this entry is only available in <a href=\"https:\/\/www.enerjigazetesi.ist\/tr\/wp-json\/wp\/v2\/posts\/168697\" class=\"qtranxs-available-language-link qtranxs-available-language-link-tr\" title=\"Turkish\">Turkish<\/a>. For the sake of viewer convenience, the content is shown below in the alternative language. You may click the link to switch the active language.<\/p><p><\/p>\n<h2>T\u00fcrk Telekom, depremden etkilenen t\u00fcm illerde kesintisiz ileti\u015fimi sa\u011flamak ad\u0131na al\u0131nan tedbirleri ve vatanda\u015flar\u0131n ileti\u015fim ihtiya\u00e7lar\u0131n\u0131 kar\u015f\u0131lamak i\u00e7in faydalanabilecekleri hizmetlerini duyurdu. Deprem <span style=\"text-decoration: underline;\">seferberli\u011fi kapsam\u0131nda;<\/span><\/h2>\n<p>&#8211; B\u00f6lgede bulunan vatanda\u015flar\u0131n acil ihtiya\u00e7lar\u0131n\u0131 kar\u015f\u0131layabilmeleri i\u00e7in \u00fccretsiz konu\u015fma ve internet y\u00fcklenirken, ankes\u00f6rl\u00fc telefonlardan da yurti\u00e7inde t\u00fcm y\u00f6nlere ileti\u015fim \u00fccretsiz kullan\u0131ma sunuldu.<\/p>\n<p><img loading=\"lazy\" class=\"alignright wp-image-168699\" src=\"https:\/\/www.enerjigazetesi.ist\/wp-content\/uploads\/2023\/02\/afet-bolgeleri-ndeki-iletisim-ihtiyaci-icin-bilgilendirme-ve-seferberlik.jpg\" alt=\"\" width=\"320\" height=\"178\" srcset=\"https:\/\/www.enerjigazetesi.ist\/wp-content\/uploads\/2023\/02\/afet-bolgeleri-ndeki-iletisim-ihtiyaci-icin-bilgilendirme-ve-seferberlik.jpg 550w, https:\/\/www.enerjigazetesi.ist\/wp-content\/uploads\/2023\/02\/afet-bolgeleri-ndeki-iletisim-ihtiyaci-icin-bilgilendirme-ve-seferberlik-300x167.jpg 300w, https:\/\/www.enerjigazetesi.ist\/wp-content\/uploads\/2023\/02\/afet-bolgeleri-ndeki-iletisim-ihtiyaci-icin-bilgilendirme-ve-seferberlik-500x278.jpg 500w, https:\/\/www.enerjigazetesi.ist\/wp-content\/uploads\/2023\/02\/afet-bolgeleri-ndeki-iletisim-ihtiyaci-icin-bilgilendirme-ve-seferberlik-80x45.jpg 80w\" sizes=\"(max-width: 320px) 100vw, 320px\" \/>&#8211; B\u00f6lgede WiFi internet noktalar\u0131 \u00fccretsiz hizmete a\u00e7\u0131ld\u0131.<\/p>\n<p>&#8211; Mobil baz istasyonlar\u0131 b\u00f6lgeye sevk edildi.<\/p>\n<p>&#8211; Y\u00fcr\u00fct\u00fclen \u00e7al\u0131\u015fmalar kapsam\u0131nda vatanda\u015flar\u0131n ak\u0131ll\u0131 cihazlar\u0131 i\u00e7in T\u00fcrk Telekom Ma\u011fazalar\u0131nda ta\u015f\u0131nabilir \u015farj cihaz\u0131 (powerbank) deste\u011fi sa\u011flan\u0131yor.<\/p>\n<p>&#8211; AFAD\u2019\u0131n daveti \u00fczerine 105 ki\u015filik T\u00fcrk Telekom Arama ve Kurtarma Ekibi (TTAKE) de deprem b\u00f6lgesine hareket etti. \u00c7ad\u0131r, battaniye ve uyku tulumlar\u0131 b\u00f6lgeye g\u00f6nderildi.<\/p>\n<p>&#8211; Depremden etkilenen illerde kesintisiz ileti\u015fimin s\u00fcrmesi i\u00e7in saha ekipleri \u00e7al\u0131\u015fmalar\u0131n\u0131 s\u00fcrd\u00fcr\u00fcrken, haberle\u015fmelerin k\u0131sa mesaj servisi ve internet tabanl\u0131 mesajla\u015fma yaz\u0131l\u0131mlar\u0131 \u00fczerinden yap\u0131lmas\u0131 \u00f6nemle belirtiliyor.<\/p>\n<p>Kahramanmara\u015f&#8217;\u0131n Pazarc\u0131k il\u00e7esinde meydana gelip \u00e7evre illerde de hissedilen<strong> 7,4 b\u00fcy\u00fckl\u00fc\u011f\u00fcnde<\/strong> <strong>depremin<\/strong> ve<strong> b\u00f6lge etraf\u0131nda<\/strong> ger\u00e7ekle\u015fen <strong>di\u011fer depremlerin ard\u0131ndan<\/strong> T\u00fcrk Telekom her kademeden t\u00fcm ekipleriyle deprem b\u00f6lgesinde sahaya indi. Depremlerden <strong>Kahramanmara\u015f, Gaziantep, Hatay, Adana, \u015eanl\u0131urfa, Ad\u0131yaman, Osmaniye, Kilis, Diyarbak\u0131r ve Malatya<\/strong> etkilendi.<\/p>\n<p>Kesintisiz ileti\u015fimi sa\u011flamak ad\u0131na t\u00fcm tedbirleri alan T\u00fcrk Telekom, depremden etkilenen illerdeki vatanda\u015flar\u0131n <strong>ileti\u015fim ihtiya\u00e7lar\u0131n\u0131 kar\u015f\u0131lamalar\u0131<\/strong> i\u00e7in ald\u0131\u011f\u0131 tedbirleri a\u00e7\u0131klad\u0131.<\/p>\n<p>Depremin en yo\u011fun \u015fekilde hissedildi\u011fi <strong>Kahramanmara\u015f\u2019ta<\/strong> \u00f6ncelikli alanlarda konumland\u0131r\u0131lan acil ileti\u015fim ve mobil ileti\u015fim ara\u00e7lar\u0131, b\u00f6lgedeki vatanda\u015flara \u00fccretsiz ileti\u015fim hizmeti sunuyor. <strong>AFAD<\/strong>\u2019\u0131n daveti \u00fczerine <strong>105 ki\u015filik<\/strong> <strong>T\u00fcrk Telekom Arama ve Kurtarma Ekibi (TTAKE)<\/strong> deprem b\u00f6lgesine hareket ederek, y\u00fcr\u00fct\u00fclen <strong>arama kurtarma faaliyetlerine<\/strong> destek vermeye ba\u015flad\u0131. B\u00f6lgeye \u00e7ad\u0131r, battaniye ve uyku tulumlar\u0131 sevk edildi.<\/p>\n<h3><strong>Sabit ses ve internet deste\u011fi<\/strong><\/h3>\n<p>Y\u00fcr\u00fct\u00fclen \u00e7al\u0131\u015fmalar kapsam\u0131nda vatanda\u015flar\u0131n ak\u0131ll\u0131 cihazlar\u0131 i\u00e7in T\u00fcrk Telekom Ma\u011fazalar\u0131nda ta\u015f\u0131nabilir \u015farj cihaz\u0131 (powerbank) deste\u011fi sa\u011flan\u0131yor. Mobil baz istasyonlar\u0131 da b\u00f6lgeye sevk edilirken, vatanda\u015flar\u0131n acil ihtiya\u00e7lar\u0131n\u0131 kar\u015f\u0131layabilmeleri i\u00e7in \u00fccretsiz konu\u015fma ve internet y\u00fcklendi. B\u00f6lge halk\u0131 i\u00e7in<strong> WiFi internet noktalar\u0131 \u00fccretsiz kullan\u0131lma<\/strong> sunuldu. Bunun yan\u0131 s\u0131ra<strong> ileti\u015fime kapal\u0131 olan<\/strong> m\u00fc\u015fterilerin <strong>mobil, internet<\/strong> ve<strong> sabit hatlar\u0131 g\u00f6r\u00fc\u015fmeye a\u00e7\u0131ld\u0131.<\/strong><\/p>\n<h3><strong>Sabit ve ankes\u00f6rl\u00fc telefonlar \u00fccretsiz kullan\u0131ma a\u00e7\u0131ld\u0131<\/strong><\/h3>\n<p>B\u00f6lgede bulunan <strong>vatanda\u015flar\u0131n acil ihtiya\u00e7lar\u0131n\u0131 kar\u015f\u0131layabilmeleri<\/strong> i\u00e7in \u00fccretsiz<strong> konu\u015fma<\/strong> ve<strong> internet<\/strong> y\u00fcklenirken, <strong>ankes\u00f6rl\u00fc telefonlardan<\/strong>, <strong>yurti\u00e7inde t\u00fcm y\u00f6nlere<\/strong> ileti\u015fim \u00fccretsiz kullan\u0131ma sunuldu.<\/p>\n<p>Deprem sonras\u0131 b\u00f6lgede hizmet veren t\u00fcm kamu kurulu\u015flar\u0131n\u0131n ihtiya\u00e7 duyduklar\u0131 altyap\u0131 hizmetlerini kar\u015f\u0131layan <strong>T\u00fcrk Telekom yard\u0131m koordinasyon s\u00fcrecine destek<\/strong> olmaya devam ediyor.<\/p>","protected":false},"excerpt":{"rendered":"<p>Sorry, this entry is only available in Turkish. For the sake of viewer convenience, the content is shown below in the alternative language. You may click the link to switch the active language. T\u00fcrk Telekom, depremden etkilenen t\u00fcm illerde kesintisiz ileti\u015fimi sa\u011flamak ad\u0131na al\u0131nan tedbirleri ve vatanda\u015flar\u0131n ileti\u015fim ihtiya\u00e7lar\u0131n\u0131 kar\u015f\u0131lamak i\u00e7in faydalanabilecekleri hizmetlerini duyurdu. Deprem [&hellip;]<\/p>\n","protected":false},"author":1,"featured_media":168700,"comment_status":"open","ping_status":"open","sticky":false,"template":"","format":"standard","meta":[],"categories":[53,157],"tags":[14972,107594,107593,2526],"views":52,"_links":{"self":[{"href":"https:\/\/www.enerjigazetesi.ist\/en\/wp-json\/wp\/v2\/posts\/168697"}],"collection":[{"href":"https:\/\/www.enerjigazetesi.ist\/en\/wp-json\/wp\/v2\/posts"}],"about":[{"href":"https:\/\/www.enerjigazetesi.ist\/en\/wp-json\/wp\/v2\/types\/post"}],"author":[{"embeddable":true,"href":"https:\/\/www.enerjigazetesi.ist\/en\/wp-json\/wp\/v2\/users\/1"}],"replies":[{"embeddable":true,"href":"https:\/\/www.enerjigazetesi.ist\/en\/wp-json\/wp\/v2\/comments?post=168697"}],"version-history":[{"count":0,"href":"https:\/\/www.enerjigazetesi.ist\/en\/wp-json\/wp\/v2\/posts\/168697\/revisions"}],"wp:featuredmedia":[{"embeddable":true,"href":"https:\/\/www.enerjigazetesi.ist\/en\/wp-json\/wp\/v2\/media\/168700"}],"wp:attachment":[{"href":"https:\/\/www.enerjigazetesi.ist\/en\/wp-json\/wp\/v2\/media?parent=168697"}],"wp:term":[{"taxonomy":"category","embeddable":true,"href":"https:\/\/www.enerjigazetesi.ist\/en\/wp-json\/wp\/v2\/categories?post=168697"},{"taxonomy":"post_tag","embeddable":true,"href":"https:\/\/www.enerjigazetesi.ist\/en\/wp-json\/wp\/v2\/tags?post=168697"}],"curies":[{"name":"wp","href":"https:\/\/api.w.org\/{rel}","templated":true}]}}