{"id":168676,"date":"2023-02-05T16:15:19","date_gmt":"2023-02-05T13:15:19","guid":{"rendered":"https:\/\/www.enerjigazetesi.ist\/?p=168676"},"modified":"2023-02-05T16:18:10","modified_gmt":"2023-02-05T13:18:10","slug":"madenler-yenilenebilir-enerjinin-hizmetinde","status":"publish","type":"post","link":"https:\/\/www.enerjigazetesi.ist\/en\/madenler-yenilenebilir-enerjinin-hizmetinde\/","title":{"rendered":"(Turkish) Madenler Yenilenebilir Enerjinin Hizmetinde"},"content":{"rendered":"<p class=\"qtranxs-available-languages-message qtranxs-available-languages-message-en\">Sorry, this entry is only available in <a href=\"https:\/\/www.enerjigazetesi.ist\/tr\/wp-json\/wp\/v2\/posts\/168676\" class=\"qtranxs-available-language-link qtranxs-available-language-link-tr\" title=\"Turkish\">Turkish<\/a>. For the sake of viewer convenience, the content is shown below in the alternative language. You may click the link to switch the active language.<\/p><p><\/p>\n<h2 class=\"ys-detail-news-meta-text__spot\">Yenilenebilir enerji santrallerinin hem kurulumunda hem de enerji \u00fcretiminde madenlere b\u00fcy\u00fck ihtiya\u00e7 duyuluyor. Bu alanda h\u0131zla y\u00fckselen kurulu g\u00fc\u00e7, maden ihitiyac\u0131n\u0131 da art\u0131rd\u0131. Demir-\u00e7elik, al\u00fcminyum, g\u00fcm\u00fc\u015f ve bak\u0131r gibi bir\u00e7ok madenin, \u00f6n\u00fcm\u00fczdeki y\u0131llarda daha de\u011ferli hale gelmesi bekleniyor.<\/h2>\n<p class=\"ys-paragraph-node\">T\u00fcrkiye\u2019nin de yenilenebilir enerjideki kurulu g\u00fcc\u00fc her ge\u00e7en g\u00fcn art\u0131yor. \u015eu anda toplam kurulu g\u00fcc\u00fcn <strong>y\u00fczde 55\u2019i<\/strong> yenilenebilir kaynaklardan sa\u011flan\u0131yor. T\u00fcrkiye&#8217;nin elektrik kurulu g\u00fcc\u00fc aral\u0131k sonu itibar\u0131yla <strong>103 bin 809 megavat<\/strong> kurulu g\u00fcce ula\u015ft\u0131. Yenilenebilir enerjinin en g\u00fc\u00e7l\u00fc iki \u00fcretim kayna\u011f\u0131 olarak <img loading=\"lazy\" class=\"alignright wp-image-168679\" src=\"https:\/\/www.enerjigazetesi.ist\/wp-content\/uploads\/2023\/02\/thumbs_b_c_2c0e64f187d01fd0f0284bc707725f7e.jpg\" alt=\"\" width=\"320\" height=\"205\" srcset=\"https:\/\/www.enerjigazetesi.ist\/wp-content\/uploads\/2023\/02\/thumbs_b_c_2c0e64f187d01fd0f0284bc707725f7e.jpg 484w, https:\/\/www.enerjigazetesi.ist\/wp-content\/uploads\/2023\/02\/thumbs_b_c_2c0e64f187d01fd0f0284bc707725f7e-300x192.jpg 300w, https:\/\/www.enerjigazetesi.ist\/wp-content\/uploads\/2023\/02\/thumbs_b_c_2c0e64f187d01fd0f0284bc707725f7e-78x50.jpg 78w\" sizes=\"(max-width: 320px) 100vw, 320px\" \/>g\u00f6r\u00fclen <strong>g\u00fcne\u015f<\/strong> ve<strong> r\u00fczgar enerji santrallerinin<\/strong> hem kurulumunda ve hem de enerji \u00fcretiminde madenlerden faydalan\u0131l\u0131yor. Bu sayede <strong>s\u0131f\u0131r emisyon hedefine ula\u015fma<\/strong> yolunda madenlere olan y\u00f6nelim de art\u0131yor.<\/p>\n<h3 class=\"ys-heading-node\"><span class=\"ys-text-node\">Kurulu G\u00fc\u00e7 Art\u0131nca Talep Yo\u011funla\u015ft\u0131<\/span><\/h3>\n<p class=\"ys-paragraph-node\">Hayat\u0131n her alan\u0131nda kullan\u0131lan madenlerden yenilenebilir enerji kaynaklar\u0131n\u0131n \u00fcretiminde de yararlan\u0131l\u0131yor. \u00d6rne\u011fin, <strong>k\u0131y\u0131 tipi bir r\u00fczgar t\u00fcrbini<\/strong> tesisinde <strong>do\u011fal gaz temelli bir elektrik santralinden<\/strong> <strong>8 kat daha fazla madene ihtiya\u00e7<\/strong> duyuluyor. <strong>A\u00e7\u0131k deniz r\u00fczgar santrallar\u0131nde<\/strong> ise e\u015f de\u011fer bir gaz santraline g\u00f6re <strong>12 kat daha fazla<\/strong> madene ihtiya\u00e7 var. R\u00fczg\u00e2r trib\u00fcnlerinde <strong>\u00e7elik, al\u00fcminyum, cam veya karbon takviyeli kompozit malzeme,<\/strong> g\u00fcne\u015f santralinde ise <strong>kristal bak\u0131r, al\u00fcminyum ve g\u00fcm\u00fc\u015f madenleri<\/strong> yo\u011fun kullan\u0131l\u0131yor.<\/p>\n<h3 class=\"ys-heading-node\"><span class=\"ys-text-node\">T\u00fcrkiye Avantajl\u0131 Konumda<\/span><\/h3>\n<p class=\"ys-paragraph-node\">Uzmanlara g\u00f6re madencilik \u00e7al\u0131\u015fmalar\u0131n\u0131n geli\u015fmesi ve g\u00fcvenli tedarikinin sa\u011flanmas\u0131yla yenilenebilir enerji alan\u0131nda fark olu\u015fturmak m\u00fcmk\u00fcn. <strong>Nikel, lityum, kobalt<\/strong> gibi stratejik madenlerin \u00f6nemli bir b\u00f6l\u00fcm\u00fc <strong>d\u00fcnyadaki birka\u00e7 \u00fclkenin elinde<\/strong> toplan\u0131yor. T\u00fcrkiye, bu konuda avantajl\u0131 durumda. Son y\u0131llarda yayg\u0131n olarak kullan\u0131lmaya ba\u015flayan elektrikli otomobillerin i\u00e7inde de madenlerin \u00f6nemli pay\u0131 var. Elektrikli ara\u00e7larda normal fosil yak\u0131tl\u0131 ara\u00e7lara g\u00f6re <strong>5 kat daha fazla maden<\/strong> kullan\u0131l\u0131yor. Ortalama 1,5 ton a\u011f\u0131rl\u0131\u011fa sahip bir otomobilde <strong>1 ton demir-\u00e7elik<\/strong>, <strong>10 kilogram bak\u0131r, 10 kilogram kur\u015fun 10 kilogram \u00e7inko, 40 kilogram cam kumu, 70 kilogram oksit kullan\u0131l\u0131yor<\/strong>. Elektrikli ara\u00e7ta<em> 54 kilogram grafit, 63 kilogram nikel, 22,5 kilogram kobalt, 80 kilogram lityum; pil ve bataryada ise 63 kilogram lityum<\/em> kullan\u0131l\u0131yor.<\/p>\n<h3 class=\"ys-heading-node\"><span class=\"ys-text-node\">Kullan\u0131m Alan\u0131 Yayg\u0131nla\u015f\u0131yor<\/span><\/h3>\n<p class=\"ys-paragraph-node\">\u00d6n\u00fcm\u00fczdeki d\u00f6nemlerde<strong> kobalt, nikel<\/strong> ve<strong> lityumun<\/strong> da aralar\u0131nda bulundu\u011fu <strong>batarya metallerine<\/strong> talebin <strong>10 kat artaca\u011f\u0131<\/strong> \u00f6ng\u00f6r\u00fcl\u00fcyor. Ba\u015fta<strong> elektrikli ara\u00e7lar<\/strong> olmak \u00fczere <strong>r\u00fczgar t\u00fcrbinleri, g\u00fcne\u015f panelleri, n\u00fckleer enerji, havac\u0131l\u0131k, fiber optik kablolar, teknolojik aletler<\/strong> gibi pek \u00e7ok \u00fcr\u00fcnde kullan\u0131lan nadir <strong>toprak elementlerine olan ihtiyac\u0131n da artaca\u011f\u0131<\/strong> belirtiliyor.<\/p>\n<p>Kaynak: <a href=\"https:\/\/www.yenisafak.com\/ekonomi\/madenler-yenilenebilir-enerjinin-hizmetinde-4504682\" target=\"_blank\" rel=\"noopener\">Yeni \u015eafak<\/a><\/p>","protected":false},"excerpt":{"rendered":"<p>Sorry, this entry is only available in Turkish. For the sake of viewer convenience, the content is shown below in the alternative language. You may click the link to switch the active language. Yenilenebilir enerji santrallerinin hem kurulumunda hem de enerji \u00fcretiminde madenlere b\u00fcy\u00fck ihtiya\u00e7 duyuluyor. Bu alanda h\u0131zla y\u00fckselen kurulu g\u00fc\u00e7, maden ihitiyac\u0131n\u0131 da [&hellip;]<\/p>\n","protected":false},"author":1,"featured_media":168679,"comment_status":"open","ping_status":"open","sticky":false,"template":"","format":"standard","meta":[],"categories":[51,53,49,50],"tags":[95391,7460,18646,24853,2569,107589,231,107588],"views":76,"_links":{"self":[{"href":"https:\/\/www.enerjigazetesi.ist\/en\/wp-json\/wp\/v2\/posts\/168676"}],"collection":[{"href":"https:\/\/www.enerjigazetesi.ist\/en\/wp-json\/wp\/v2\/posts"}],"about":[{"href":"https:\/\/www.enerjigazetesi.ist\/en\/wp-json\/wp\/v2\/types\/post"}],"author":[{"embeddable":true,"href":"https:\/\/www.enerjigazetesi.ist\/en\/wp-json\/wp\/v2\/users\/1"}],"replies":[{"embeddable":true,"href":"https:\/\/www.enerjigazetesi.ist\/en\/wp-json\/wp\/v2\/comments?post=168676"}],"version-history":[{"count":0,"href":"https:\/\/www.enerjigazetesi.ist\/en\/wp-json\/wp\/v2\/posts\/168676\/revisions"}],"wp:featuredmedia":[{"embeddable":true,"href":"https:\/\/www.enerjigazetesi.ist\/en\/wp-json\/wp\/v2\/media\/168679"}],"wp:attachment":[{"href":"https:\/\/www.enerjigazetesi.ist\/en\/wp-json\/wp\/v2\/media?parent=168676"}],"wp:term":[{"taxonomy":"category","embeddable":true,"href":"https:\/\/www.enerjigazetesi.ist\/en\/wp-json\/wp\/v2\/categories?post=168676"},{"taxonomy":"post_tag","embeddable":true,"href":"https:\/\/www.enerjigazetesi.ist\/en\/wp-json\/wp\/v2\/tags?post=168676"}],"curies":[{"name":"wp","href":"https:\/\/api.w.org\/{rel}","templated":true}]}}