{"id":168561,"date":"2023-02-03T16:56:24","date_gmt":"2023-02-03T13:56:24","guid":{"rendered":"https:\/\/www.enerjigazetesi.ist\/?p=168561"},"modified":"2023-02-03T16:59:21","modified_gmt":"2023-02-03T13:59:21","slug":"surdurulebilir-kalkinma-amaclarina-deger-katan-sirketler-odullendirildi","status":"publish","type":"post","link":"https:\/\/www.enerjigazetesi.ist\/en\/surdurulebilir-kalkinma-amaclarina-deger-katan-sirketler-odullendirildi\/","title":{"rendered":"(Turkish) S\u00fcrd\u00fcr\u00fclebilir Kalk\u0131nma Ama\u00e7lar\u0131na De\u011fer Katan \u015eirketler \u00d6d\u00fcllendirildi"},"content":{"rendered":"<p class=\"qtranxs-available-languages-message qtranxs-available-languages-message-en\">Sorry, this entry is only available in <a href=\"https:\/\/www.enerjigazetesi.ist\/tr\/wp-json\/wp\/v2\/posts\/168561\" class=\"qtranxs-available-language-link qtranxs-available-language-link-tr\" title=\"Turkish\">Turkish<\/a>. For the sake of viewer convenience, the content is shown below in the alternative language. You may click the link to switch the active language.<\/p><p><\/p>\n<h2><strong>14. Kurumsal Sorumluluk Zirvesi Ger\u00e7ekle\u015fti, <\/strong><strong>S\u00fcrd\u00fcr\u00fclebilir Kalk\u0131nma Ama\u00e7lar\u0131na De\u011fer Katan \u015eirketler \u00d6d\u00fcllendirildi<\/strong><\/h2>\n<p style=\"text-align: center;\"><img loading=\"lazy\" class=\"aligncenter wp-image-168564\" src=\"https:\/\/www.enerjigazetesi.ist\/wp-content\/uploads\/2023\/02\/surdurulebilir-kalkinma-amaclarina-deger-katan-sirketler-odullendirildi.jpg\" alt=\"\" width=\"500\" height=\"334\" srcset=\"https:\/\/www.enerjigazetesi.ist\/wp-content\/uploads\/2023\/02\/surdurulebilir-kalkinma-amaclarina-deger-katan-sirketler-odullendirildi.jpg 550w, https:\/\/www.enerjigazetesi.ist\/wp-content\/uploads\/2023\/02\/surdurulebilir-kalkinma-amaclarina-deger-katan-sirketler-odullendirildi-300x200.jpg 300w, https:\/\/www.enerjigazetesi.ist\/wp-content\/uploads\/2023\/02\/surdurulebilir-kalkinma-amaclarina-deger-katan-sirketler-odullendirildi-500x334.jpg 500w, https:\/\/www.enerjigazetesi.ist\/wp-content\/uploads\/2023\/02\/surdurulebilir-kalkinma-amaclarina-deger-katan-sirketler-odullendirildi-75x50.jpg 75w, https:\/\/www.enerjigazetesi.ist\/wp-content\/uploads\/2023\/02\/surdurulebilir-kalkinma-amaclarina-deger-katan-sirketler-odullendirildi-450x300.jpg 450w\" sizes=\"(max-width: 500px) 100vw, 500px\" \/><\/p>\n<p>\u015eirketlerin <strong>\u00e7evresel, sosyal <\/strong>ve<strong> y\u00f6neti\u015fim<\/strong> alanlar\u0131nda etkin rol almalar\u0131n\u0131 sa\u011flayarak, T\u00fcrkiye\u2019de\u00a0S\u00fcrd\u00fcr\u00fclebilir Kalk\u0131nma Ama\u00e7lar\u0131n\u0131n ger\u00e7ekle\u015fmesi hedefine destek olmak misyonu ile 2005 y\u0131l\u0131ndan bu yana faaliyet g\u00f6steren <strong>T\u00fcrkiye Kurumsal Sorumluluk Derne\u011fi<\/strong> \u00f6nemli bir zirveye imza att\u0131. 2 \u015eubat 2023\u2019te, mekan sponsoru <strong>Zorlu PSM<\/strong>\u2019nin destekleri ve<strong> Zorlu Holding\u2019in<\/strong> katk\u0131lar\u0131yla ger\u00e7ekle\u015fen <strong>14. Kurumsal Sorumluluk Zirvesi\u2019nde<\/strong> birbirinden de\u011ferli konu\u015fmac\u0131lar; <strong>\u201cD\u00f6n\u00fc\u015f\u00fcm\u00fcn \u015eifreleri\u201d<\/strong> ni konu\u015fmak i\u00e7in sahne ald\u0131. Zirvede ayr\u0131ca <strong>S\u00fcrd\u00fcr\u00fclebilir Kalk\u0131nma Ama\u00e7lar\u0131na<\/strong> de\u011fer katan \u00fclkemizin <strong>ba\u015far\u0131l\u0131 kurulu\u015flar\u0131 \u00f6d\u00fcllendirildi.<\/strong><\/p>\n<h3><strong>\u0130deal \u015eirket \u0130\u00e7in Belirlenen \u0130lk 10 Kriter Aras\u0131nda S\u00fcrd\u00fcr\u00fclebilirlik ve Kurumsal Sorumluluk Yok!<\/strong><\/h3>\n<p><strong>Zirve\u2019nin a\u00e7\u0131l\u0131\u015f konu\u015fmas\u0131n\u0131 ger\u00e7ekle\u015ftiren, T\u00fcrkiye Kurumsal Sorumluluk Derne\u011fi Y\u00f6netim Kurulu Ba\u015fkan\u0131 Nuran Aksu<\/strong>; <em>2022 y\u0131l\u0131 S\u00fcrd\u00fcr\u00fclebilir Kalk\u0131nma Ama\u00e7lar\u0131 <span style=\"text-decoration: underline;\">raporuna g\u00f6re;<\/span> art arda gelen <strong>pandemi<\/strong> ve<strong> enerji krizi<\/strong> ama\u00e7lar\u0131n ger\u00e7ekle\u015fmesini riske at\u0131yor. \u00d6zellikle <strong>yoksullu\u011fa son, insana yak\u0131\u015f\u0131r i\u015f ve b\u00fcy\u00fcme, iklim de\u011fi\u015fikli\u011fi, biyolojik \u00e7e\u015fitlilik k<\/strong>onular\u0131nda somut ad\u0131mlar atarak, h\u0131zlanmam\u0131z gerekiyor. G\u00fcn\u00fcm\u00fcz itibar\u0131 ile sanayi devrimi \u00f6ncesi d\u00f6neme g\u00f6re <strong>k\u00fcresel \u0131s\u0131nma 1.1 dereceye<\/strong> ula\u015ft\u0131. UNFCC\u2019nin son raporuna g\u00f6re, ulusal h\u00fck\u00fcmetlerin mevcut taahh\u00fctlerinin uygulanmamas\u0131, k\u00fcresel \u0131s\u0131nmay\u0131 y\u00fczy\u0131l\u0131n sonuna kadar<strong> 2,5\u00b0 dereceye<\/strong> \u00e7\u0131karacak. \u0130\u015f d\u00fcnyas\u0131 taraf\u0131nda ise <strong>Capital Dergisi En Be\u011fenilen \u015eirketler Ara\u015ft\u0131rmas\u0131<\/strong> kapsam\u0131nda <strong>1500 \u00fcst<\/strong> ve<strong> orta d\u00fczey y\u00f6neticinin<\/strong> belirledi\u011fi ideal \u015firket kriterlerinde ilk 10 kriter aras\u0131nda s\u00fcrd\u00fcr\u00fclebilirlik ve kurumsal sorumluluk yok. \u0130deal \u015firket \u00f6zelliklerinde \u00f6ncelikler, <strong>m\u00fc\u015fteri memnuniyeti, finansal g\u00fc\u00e7, karl\u0131l\u0131k, kriz y\u00f6netimi, \u00e7al\u0131\u015fan ba\u011fl\u0131l\u0131\u011f\u0131 gibi konular<\/strong>. Ancak, t\u00fcm bu olumsuz tabloya ra\u011fmen halen <strong>\u201cUmut var.\u201d<\/strong> \u00c7\u00fcnk\u00fc, sizler vars\u0131n\u0131z, sorumlu \u015firketler, Sivil Toplum Kurulu\u015flar\u0131, dernekler, akademi ve bizler var\u0131z. Bug\u00fcn harika bir zirve program\u0131 bizleri bekliyor. Bug\u00fcnk\u00fc program\u0131m\u0131z\u0131n sonunda <strong>BM S\u00fcrd\u00fcr\u00fclebilir Kalk\u0131nma Ama\u00e7lar\u0131na<\/strong> de\u011fer katan \u015firketlerin \u00f6d\u00fcllerini takdim edece\u011fiz. Bu vesile ile ifade etmek isterim ki, a\u00e7\u0131klanan sonu\u00e7lar her ne olursa olsun, \u00f6d\u00fcl s\u00fcrecimize dahil olan t\u00fcm \u015firketlerin uygulamalar\u0131 \u00e7ok de\u011ferli. Projeleri ile ba\u015fvuruda bulunan t\u00fcm \u015firketleri emekleri, inand\u0131klar\u0131 de\u011ferleri ve ald\u0131klar\u0131 sorumluluklar i\u00e7in g\u00f6n\u00fclden kutluyorum.\u201d<\/em> \u015feklinde s\u00f6zlerini tamamlad\u0131.<\/p>\n<h3><strong>\u201cS\u00fcrd\u00fcr\u00fclebilir Kalk\u0131nma Ama\u00e7lar\u0131na De\u011fer Katan 18 Proje \u00d6d\u00fcllendirildi\u201d<\/strong><\/h3>\n<p>Zirve program\u0131n\u0131n ard\u0131ndan ger\u00e7ekle\u015ftirilen t\u00f6rende, alan\u0131nda uzman ve ba\u011f\u0131ms\u0131z j\u00fcri \u00fcyeleri taraf\u0131ndan yap\u0131lan de\u011ferlendirme sonucunda, S\u00fcrd\u00fcr\u00fclebilir Kalk\u0131nma Ama\u00e7lar\u0131na De\u011fer Katan <strong>18 proje \u00f6d\u00fcle<\/strong> lay\u0131k bulundu. BM Milletler taraf\u0131ndan tan\u0131mlanan <strong>17 S\u00fcrd\u00fcr\u00fclebilir Kalk\u0131nma Amac\u0131n\u0131n<\/strong> ger\u00e7ekle\u015fmesine katk\u0131 sunan \u015firketler aras\u0131ndan,<\/p>\n<p>&#8211; At\u0131k Y\u00f6netimi Kategorisi Alt\u0131n \u00d6d\u00fcl Migros \u2013 G\u0131daya Sayg\u0131 Projesi,<\/p>\n<p>&#8211; At\u0131k Y\u00f6netimi Kategorisi Bronz \u00d6d\u00fcl Carrefour \u2013 G\u00f6r\u00fcnt\u00fcs\u00fcne Aldanmay\u0131n Tad\u0131na \u015eans Verin Projesi<\/p>\n<p>&#8211; Biyo\u00e7e\u015fitlilik Kategorisi G\u00fcm\u00fc\u015f \u00d6d\u00fcl, Enerjisa \u2013 Ar\u0131c\u0131l\u0131\u011f\u0131n Geli\u015ftirilmesi ve G\u00fc\u00e7lendirilmesi Projesi<\/p>\n<p>&#8211; Biyo\u00e7e\u015fitlilik Kategorisi Bronz \u00d6d\u00fcl Fiba Enerji \u2013 Yenilebilir Enerjide Biyo\u00e7e\u015fitlilik Yakla\u015f\u0131m\u0131 Projesi<\/p>\n<p>&#8211; Biyo\u00e7e\u015fitlilik Kategorisi Bronz \u00d6d\u00fcl Boyner \u2013 Bug\u00fcn Var, Yar\u0131n Yok Olmas\u0131n Projesi<\/p>\n<p>&#8211; \u00c7evresel ve Sosyal \u0130novasyon Kategorisi Bronz \u00d6d\u00fcl Samsung \u2013 Galaxy For Planet, EcoPackage Projesi<\/p>\n<p>&#8211; D\u00f6ng\u00fcsel Ekonomi Kategorisi Alt\u0131n \u00d6d\u00fcl Nivogo x Boyner Projesi<\/p>\n<p>&#8211; D\u00f6ng\u00fcsel Ekonomi Kategorisi Bronz \u00d6d\u00fcl Aklease \u2013 ECOLease Projesi<\/p>\n<p>&#8211; Ye\u015fil Bina Kategorisi Bronz \u00d6d\u00fcl, Tekfen Holding \u2013 FNN S\u00fcrd\u00fcr\u00fclebilirlik Merkezi Projesi<\/p>\n<p>&#8211; Toplumsal Yat\u0131r\u0131m Kategorisi Alt\u0131n \u00d6d\u00fcl Kale Grubu \u2013 \u0130yi Bak D\u00fcnyana Hareketi Projesi<\/p>\n<p>&#8211; Toplumsal Yat\u0131r\u0131m Kategorisi G\u00fcm\u00fc\u015f \u00d6d\u00fcl Opet \u2013 \u0130\u015fimiz Temiz Projesi<\/p>\n<p>&#8211; Toplumsal Yat\u0131r\u0131m Kategorisi Bronz \u00d6d\u00fcl BSH T\u00fcrkiye \u2013 Bi Fikrim Var Beyaz E\u015fya Teknoloji Yar\u0131\u015fmas\u0131 Projesi<\/p>\n<p>&#8211; \u00c7e\u015fitlilik, E\u015fitlik ve Kapsay\u0131c\u0131l\u0131k Kategorisi Alt\u0131n \u00d6d\u00fcl FLO \u2013 Flo X BlindLook \u0130\u015fbirli\u011fi Projesi<\/p>\n<p>&#8211; \u00c7e\u015fitlilik, E\u015fitlik ve Kapsay\u0131c\u0131l\u0131k Kategorisi G\u00fcm\u00fc\u015f \u00d6d\u00fcl Faydas\u0131\u00e7ok Holding \u2013 Sedefteki \u0130nciler Program\u0131 Projesi<\/p>\n<p>&#8211; \u00c7e\u015fitlilik, E\u015fitlik ve Kapsay\u0131c\u0131l\u0131k Kategorisi Bronz \u00d6d\u00fcl Boyner \u2013 Seninle Tamam Projesi<\/p>\n<p>&#8211; \u00c7al\u0131\u015fan Kat\u0131l\u0131m\u0131 Kategorisi Bronz \u00d6d\u00fcl Socar \u2013 Socar T\u00fcrkiye G\u00f6n\u00fcll\u00fcleri Projesi<\/p>\n<p>&#8211; S\u00fcrd\u00fcr\u00fclebilirlik \u0130leti\u015fimi \u00d6zel \u00d6d\u00fcl\u00fc Boyner \u2013 Bug\u00fcn Var, Yar\u0131n Yok Olmas\u0131n Projesi<\/p>\n<p>S\u00fcrd\u00fcr\u00fclebilirlik \u0130leti\u015fimi \u00d6zel \u00d6d\u00fcl\u00fc Kale Grubu \u2013 \u0130yi Bak D\u00fcnyaya Hareketi Projesi<\/p>\n<p>&#8211; \u0130\u015f Birli\u011fi \u00d6zel \u00d6d\u00fcl\u00fc Enerjisa \u2013 Ar\u0131c\u0131l\u0131\u011f\u0131n Geli\u015ftirilmesi ve G\u00fc\u00e7lendirilmesi Projesi<\/p>\n<p>&#8211; \u0130\u015f Birli\u011fi \u00d6zel \u00d6d\u00fcl\u00fc Enerjisa \u2013 Kad\u0131n \u00d6\u011frencilere E\u011fitim Program\u0131 Projesi<\/p>\n<p>&#8211; \u00d6l\u00e7\u00fcmlenebilir Katk\u0131 \u00d6zel \u00d6d\u00fcl\u00fc Migros \u2013 G\u0131daya Sayg\u0131 Projesi<\/p>\n<p>&#8211; \u00d6l\u00e7\u00fcmlenebilir Katk\u0131 \u00d6zel \u00d6d\u00fcl\u00fc Logo Yaz\u0131l\u0131m \u2013 Hayallerini Kodlayanlar Projesi ile \u00f6d\u00fcle lay\u0131k bulunan kurulu\u015flar aras\u0131nda yer ald\u0131.<\/p>\n<h3><strong>14. Kurumsal Sorumluluk Zirvesi\u2019nde yer alan panel ve panelistler ise <span style=\"text-decoration: underline;\">\u015fu \u015fekilde; <\/span><\/strong><\/h3>\n<p>&#8211; T\u00dcH\u0130D Y\u00f6netim Kurulu Ba\u015fkan\u0131 \u0130pek \u00d6zg\u00fcden \u00d6zen Moderat\u00f6rl\u00fc\u011f\u00fcndeki S\u00fcrd\u00fcr\u00fclebilirlik \u0130leti\u015fimi ve Medya Panelinde; Nas\u0131l Bir Ekonomi Gazetesi\u2019nden Hakan G\u00fclda\u011f, \u015eeref O\u011fuz, Handan Sema Ceylan, Didem Eryar \u00dcnl\u00fc<\/p>\n<p>&#8211; WE.Q. Consulting Y\u00f6netici Orta\u011f\u0131 Do\u00e7 Dr. Dicle Yurdakul Moderat\u00f6rl\u00fc\u011f\u00fcndeki Sanat ve S\u00fcrd\u00fcr\u00fclebilirlik Panelinde; Zorlu PSM Genel M\u00fcd\u00fcr\u00fc Filiz Ova ve \u0130KSV Genel M\u00fcd\u00fcr\u00fc G\u00f6rg\u00fcn Taner<\/p>\n<p>&#8211; Akbank S\u00fcrd\u00fcr\u00fclebilirlik M\u00fcd\u00fcr\u00fc M.Feride Do\u011fan K\u0131zar Moderat\u00f6rl\u00fc\u011f\u00fcndeki Ye\u015fil D\u00f6n\u00fc\u015f\u00fcm Panelinde; imeceLAB Direkt\u00f6r\u00fc Zeynep Erdo\u011fan, Onar\u0131m At\u00f6lyesi Kurucusu Ekin Al, Arkhe Innovate Direkt\u00f6r\u00fc Alper G\u00fcven, Toyi Etki Direkt\u00f6r\u00fc Gizem Kendik<\/p>\n<p>&#8211; Bah\u00e7e\u015fehir \u00dcniversitesi\u2019nden Prof. Dr. Haluk G\u00fcrgen Moderat\u00f6rl\u00fc\u011f\u00fcndeki Cinsiyet E\u015fitli\u011fi Panelinde; Egon Zehnder K\u0131demli Orta\u011f\u0131 Murat Ye\u015fildere, Zorlu Holding \u0130nsan Kaynaklar\u0131 Direkt\u00f6r\u00fc Z\u00fclal \u00d6zt\u00fcrk Kaya, Kagider Y\u00f6netim Kurulu Ba\u015fkan\u0131 Emine Erdem<\/p>\n<p>&#8211; Dr. Serta\u00e7 Do\u011fanay Moderat\u00f6rl\u00fc\u011f\u00fcndeki Tech4Good Panelinde ise; Logo Yaz\u0131l\u0131m CMO\u2019u Beg\u00fcm Ar\u015f T\u00fcrk, IBM TCL\u2019i Serdar Gere, Akbank Dijital Tasar\u0131m ve \u0130novasyon Ba\u015fkan Yard\u0131mc\u0131s\u0131 Burcu K\u00fc\u00e7\u00fck\u00fcnal ve Trendyol S\u00fcrd\u00fcr\u00fclebilirlik ve KSS Tak\u0131m Lideri Simge Abay yer alacak. Zirvede ayr\u0131ca, ZENNA Ara\u015ft\u0131rma Genel M\u00fcd\u00fcr\u00fc Nuray Ko\u00e7ik, S\u00fcrd\u00fcr\u00fclebilirlik ve \u0130tibar Ara\u015ft\u0131rma Sunumu ile sahne al\u0131rken, Prof. Dr. Bilge Uzun ise S\u00fcrd\u00fcr\u00fclebilirlik ve Psikoloji ba\u015fl\u0131kl\u0131 bir konu\u015fma ger\u00e7ekle\u015ftirdi.<\/p>","protected":false},"excerpt":{"rendered":"<p>Sorry, this entry is only available in Turkish. For the sake of viewer convenience, the content is shown below in the alternative language. You may click the link to switch the active language. 14. Kurumsal Sorumluluk Zirvesi Ger\u00e7ekle\u015fti, S\u00fcrd\u00fcr\u00fclebilir Kalk\u0131nma Ama\u00e7lar\u0131na De\u011fer Katan \u015eirketler \u00d6d\u00fcllendirildi \u015eirketlerin \u00e7evresel, sosyal ve y\u00f6neti\u015fim alanlar\u0131nda etkin rol almalar\u0131n\u0131 sa\u011flayarak, [&hellip;]<\/p>\n","protected":false},"author":1,"featured_media":168564,"comment_status":"open","ping_status":"open","sticky":false,"template":"","format":"standard","meta":[],"categories":[53,4],"tags":[107410,3119,34856,75221,107560,45956,107562,1243,30389,107561,107409,87],"views":92,"_links":{"self":[{"href":"https:\/\/www.enerjigazetesi.ist\/en\/wp-json\/wp\/v2\/posts\/168561"}],"collection":[{"href":"https:\/\/www.enerjigazetesi.ist\/en\/wp-json\/wp\/v2\/posts"}],"about":[{"href":"https:\/\/www.enerjigazetesi.ist\/en\/wp-json\/wp\/v2\/types\/post"}],"author":[{"embeddable":true,"href":"https:\/\/www.enerjigazetesi.ist\/en\/wp-json\/wp\/v2\/users\/1"}],"replies":[{"embeddable":true,"href":"https:\/\/www.enerjigazetesi.ist\/en\/wp-json\/wp\/v2\/comments?post=168561"}],"version-history":[{"count":0,"href":"https:\/\/www.enerjigazetesi.ist\/en\/wp-json\/wp\/v2\/posts\/168561\/revisions"}],"wp:featuredmedia":[{"embeddable":true,"href":"https:\/\/www.enerjigazetesi.ist\/en\/wp-json\/wp\/v2\/media\/168564"}],"wp:attachment":[{"href":"https:\/\/www.enerjigazetesi.ist\/en\/wp-json\/wp\/v2\/media?parent=168561"}],"wp:term":[{"taxonomy":"category","embeddable":true,"href":"https:\/\/www.enerjigazetesi.ist\/en\/wp-json\/wp\/v2\/categories?post=168561"},{"taxonomy":"post_tag","embeddable":true,"href":"https:\/\/www.enerjigazetesi.ist\/en\/wp-json\/wp\/v2\/tags?post=168561"}],"curies":[{"name":"wp","href":"https:\/\/api.w.org\/{rel}","templated":true}]}}