{"id":168545,"date":"2023-02-03T14:09:26","date_gmt":"2023-02-03T11:09:26","guid":{"rendered":"https:\/\/www.enerjigazetesi.ist\/?p=168545"},"modified":"2023-02-03T14:28:28","modified_gmt":"2023-02-03T11:28:28","slug":"turkiye-nasil-dunyanin-enerji-ussu-olacak-sorusu-masaya-yatirilacak","status":"publish","type":"post","link":"https:\/\/www.enerjigazetesi.ist\/en\/turkiye-nasil-dunyanin-enerji-ussu-olacak-sorusu-masaya-yatirilacak\/","title":{"rendered":"(Turkish) &#8221;T\u00fcrkiye Nas\u0131l D\u00fcnyan\u0131n Enerji \u00dcss\u00fc Olacak?&#8221; Sorusu Masaya Yat\u0131r\u0131lacak"},"content":{"rendered":"<p class=\"qtranxs-available-languages-message qtranxs-available-languages-message-en\">Sorry, this entry is only available in <a href=\"https:\/\/www.enerjigazetesi.ist\/tr\/wp-json\/wp\/v2\/posts\/168545\" class=\"qtranxs-available-language-link qtranxs-available-language-link-tr\" title=\"Turkish\">Turkish<\/a>. For the sake of viewer convenience, the content is shown below in the alternative language. You may click the link to switch the active language.<\/p><p><\/p>\n<h2><strong>Ni\u015fanta\u015f\u0131 \u00dcniversitesi ev sahipli\u011finde harici.com.tr\u2019nin d\u00fczenleyece\u011fi \u2018\u2019Gelece\u011fin Enerji Merkezi T\u00fcrkiye\u2019\u2019 panelinde T\u00fcrkiye nas\u0131l d\u00fcnyan\u0131n enerji \u00fcss\u00fcne d\u00f6n\u00fc\u015febilir sorusuna yan\u0131t aranacak. BM Kalk\u0131nma Program\u0131 E. Program Direkt\u00f6r\u00fc Bartu Soral\u2019\u0131n moderat\u00f6rl\u00fc\u011f\u00fcnde ger\u00e7ekle\u015fecek panelde, Avusturya Eski D\u0131\u015fi\u015fleri Bakan\u0131 Dr. Karin Kneisll, Ni\u015fanta\u015f\u0131 \u00dcniversitesi Rekt\u00f6r\u00fc Prof. Dr. \u015eenay Yal\u00e7\u0131n, Rusya &#8211; T\u00fcrkiye \u0130\u015f Forumu Genel Sekreter 1. Yard\u0131mc\u0131s\u0131 Ramin Ramizovich Gasimov yer alacak.<\/strong><\/h2>\n<p>Rusya \u2013 Ukrayna sava\u015f\u0131n\u0131n yaratt\u0131\u011f\u0131 gerilim, enerjinin jeopolitik bir kart olarak aktif bir \u015fekilde kullan\u0131lmas\u0131, enerjide yeni aray\u0131\u015flar\u0131 beraberinde getirdi. Yeni tedarik kaynaklar\u0131 bulunmas\u0131,<strong> alternatif g\u00fcvenilir enerji koridorlar\u0131n\u0131n olu\u015fturulmas\u0131<\/strong> y\u00f6n\u00fcndeki aray\u0131\u015flar h\u0131z kazand\u0131.<\/p>\n<p style=\"text-align: center;\"><img loading=\"lazy\" class=\"aligncenter wp-image-168547\" src=\"https:\/\/www.enerjigazetesi.ist\/wp-content\/uploads\/2023\/02\/turkiye-nasil-dunyanin-enerji-ussu-olacak-sorusu-masaya-yatirilacak.jpg\" alt=\"\" width=\"500\" height=\"281\" srcset=\"https:\/\/www.enerjigazetesi.ist\/wp-content\/uploads\/2023\/02\/turkiye-nasil-dunyanin-enerji-ussu-olacak-sorusu-masaya-yatirilacak.jpg 550w, https:\/\/www.enerjigazetesi.ist\/wp-content\/uploads\/2023\/02\/turkiye-nasil-dunyanin-enerji-ussu-olacak-sorusu-masaya-yatirilacak-300x169.jpg 300w, https:\/\/www.enerjigazetesi.ist\/wp-content\/uploads\/2023\/02\/turkiye-nasil-dunyanin-enerji-ussu-olacak-sorusu-masaya-yatirilacak-500x281.jpg 500w, https:\/\/www.enerjigazetesi.ist\/wp-content\/uploads\/2023\/02\/turkiye-nasil-dunyanin-enerji-ussu-olacak-sorusu-masaya-yatirilacak-80x45.jpg 80w\" sizes=\"(max-width: 500px) 100vw, 500px\" \/><\/p>\n<p>Rusya gibi konusunda uzmanla\u015fm\u0131\u015f bir enerji g\u00fcc\u00fcn\u00fcn T\u00fcrkiye ve Avrupa ile ili\u015fkileri elbette enerji piyasalar\u0131n\u0131n gelece\u011fini bi\u00e7imlendirmesi bak\u0131m\u0131ndan son derece \u00f6nemli.<\/p>\n<p><strong>T\u00fcrkiye<\/strong>, g\u00fcneyde Arap \u00fclkeleri, do\u011fuda Orta Asya devletleri ve \u0130ran, kuzeyde Rusya ve Karadeniz ile Do\u011fu Akdeniz\u2019deki kaynaklar d\u00fc\u015f\u00fcn\u00fcld\u00fc\u011f\u00fcnde adeta bir<strong> enerji denizinin ortas\u0131nda<\/strong> yer al\u0131yor. Bu durum, cevap bekleyen bir\u00e7ok soruyu da bar\u0131nd\u0131r\u0131yor.<\/p>\n<h3><strong>T\u00dcRK\u0130YE \u0130\u00c7\u0130N ENERJ\u0130DE MERKEZ OLMA ZAMANI GELD\u0130 M\u0130?<\/strong><\/h3>\n<p>\u2018\u2019T\u00fcrkiye i\u00e7in co\u011frafi g\u00fcc\u00fcn\u00fc enerjide<strong> \u201chub\u201d<\/strong> bir di\u011fer de\u011fi\u015fle <strong>merkez olmak<\/strong> i\u00e7in <strong>kullanman\u0131n zaman\u0131 geldi mi? Mevcut durum nedir?<\/strong> T\u00fcrkiye enerjide merkez olmak i\u00e7in <strong>hangi ad\u0131mlar\u0131 atmal\u0131?<\/strong> Rusya ve Avrupa ile ili\u015fkiler, sava\u015f\u0131n gidi\u015fat\u0131, <strong>T\u00fcrkiye\u2019nin enerjide merkez olma hedefini nas\u0131l etkileyecek?\u2019\u2019<\/strong> gibi sorular,<strong> Ni\u015fanta\u015f\u0131 \u00dcniversitesi<\/strong> ev sahipli\u011finde <strong>harici.com.tr<\/strong>\u2019nin d\u00fczenleyece\u011fi <strong>\u2018\u2019Gelece\u011fin Enerji Merkezi T\u00fcrkiye\u2019\u2019<\/strong> ba\u015fl\u0131kl\u0131 panelde masaya yat\u0131r\u0131lacak.<\/p>\n<h3><strong>AKADEM\u0130SYENLER, \u0130\u015e \u0130NSANLARI VE POL\u0130T\u0130KACILAR TARTI\u015eACAK<\/strong><\/h3>\n<p><strong>BM Kalk\u0131nma Program\u0131 E. Program Direkt\u00f6r\u00fc Bartu Soral<\/strong>\u2019\u0131n moderat\u00f6rl\u00fc\u011f\u00fcnde ger\u00e7ekle\u015fecek panelde, <strong>Avusturya Eski D\u0131\u015fi\u015fleri Bakan\u0131 Dr. Karin Kneisll<\/strong> (Ortado\u011fu uzman\u0131 ve enerji analisti olan Kneissl, 2022 Mart ay\u0131na kadar Rus enerji \u015firketi Rosneft\u2019in y\u00f6netiminde de yer alm\u0131\u015ft\u0131r.), <strong>Ni\u015fanta\u015f\u0131 \u00dcniversitesi Rekt\u00f6r\u00fc, Enerji Uzman\u0131 Prof. Dr. \u015eenay Yal\u00e7\u0131n<\/strong>, <strong>Rusya \u2013 T\u00fcrkiye \u0130\u015f Forumu Genel Sekreter 1. Yard\u0131mc\u0131s\u0131 Rus siyaset\u00e7i Ramin Ramizovich Gasimov<\/strong> bu sorulara yan\u0131t arayacak.<\/p>\n<p>Panel <strong>08 \u015eubat \u00c7ar\u015famba<\/strong> g\u00fcn\u00fc<strong> saat 16.00- 18.00<\/strong> aras\u0131nda<strong> Ni\u015fanta\u015f\u0131 \u00dcniversitesi NeoTech Kamp\u00fcs\u2019te<\/strong> ger\u00e7ekle\u015fecek.<\/p>","protected":false},"excerpt":{"rendered":"<p>Sorry, this entry is only available in Turkish. For the sake of viewer convenience, the content is shown below in the alternative language. You may click the link to switch the active language. Ni\u015fanta\u015f\u0131 \u00dcniversitesi ev sahipli\u011finde harici.com.tr\u2019nin d\u00fczenleyece\u011fi \u2018\u2019Gelece\u011fin Enerji Merkezi T\u00fcrkiye\u2019\u2019 panelinde T\u00fcrkiye nas\u0131l d\u00fcnyan\u0131n enerji \u00fcss\u00fcne d\u00f6n\u00fc\u015febilir sorusuna yan\u0131t aranacak. BM Kalk\u0131nma [&hellip;]<\/p>\n","protected":false},"author":1,"featured_media":168548,"comment_status":"open","ping_status":"open","sticky":false,"template":"","format":"standard","meta":[],"categories":[51,53],"tags":[107558,4486,107559,25793,846],"views":62,"_links":{"self":[{"href":"https:\/\/www.enerjigazetesi.ist\/en\/wp-json\/wp\/v2\/posts\/168545"}],"collection":[{"href":"https:\/\/www.enerjigazetesi.ist\/en\/wp-json\/wp\/v2\/posts"}],"about":[{"href":"https:\/\/www.enerjigazetesi.ist\/en\/wp-json\/wp\/v2\/types\/post"}],"author":[{"embeddable":true,"href":"https:\/\/www.enerjigazetesi.ist\/en\/wp-json\/wp\/v2\/users\/1"}],"replies":[{"embeddable":true,"href":"https:\/\/www.enerjigazetesi.ist\/en\/wp-json\/wp\/v2\/comments?post=168545"}],"version-history":[{"count":0,"href":"https:\/\/www.enerjigazetesi.ist\/en\/wp-json\/wp\/v2\/posts\/168545\/revisions"}],"wp:featuredmedia":[{"embeddable":true,"href":"https:\/\/www.enerjigazetesi.ist\/en\/wp-json\/wp\/v2\/media\/168548"}],"wp:attachment":[{"href":"https:\/\/www.enerjigazetesi.ist\/en\/wp-json\/wp\/v2\/media?parent=168545"}],"wp:term":[{"taxonomy":"category","embeddable":true,"href":"https:\/\/www.enerjigazetesi.ist\/en\/wp-json\/wp\/v2\/categories?post=168545"},{"taxonomy":"post_tag","embeddable":true,"href":"https:\/\/www.enerjigazetesi.ist\/en\/wp-json\/wp\/v2\/tags?post=168545"}],"curies":[{"name":"wp","href":"https:\/\/api.w.org\/{rel}","templated":true}]}}