{"id":168530,"date":"2023-02-03T13:08:25","date_gmt":"2023-02-03T10:08:25","guid":{"rendered":"https:\/\/www.enerjigazetesi.ist\/?p=168530"},"modified":"2023-02-03T13:14:38","modified_gmt":"2023-02-03T10:14:38","slug":"petrol-ofisi-surdurulebilir-havacilik-yatirimlarina-hiz-verdi","status":"publish","type":"post","link":"https:\/\/www.enerjigazetesi.ist\/en\/petrol-ofisi-surdurulebilir-havacilik-yatirimlarina-hiz-verdi\/","title":{"rendered":"(Turkish) &#8217;Petrol Ofisi&#8217; S\u00fcrd\u00fcr\u00fclebilir Havac\u0131l\u0131k Yat\u0131r\u0131mlar\u0131na H\u0131z Verdi"},"content":{"rendered":"<p class=\"qtranxs-available-languages-message qtranxs-available-languages-message-en\">Sorry, this entry is only available in <a href=\"https:\/\/www.enerjigazetesi.ist\/tr\/wp-json\/wp\/v2\/posts\/168530\" class=\"qtranxs-available-language-link qtranxs-available-language-link-tr\" title=\"Turkish\">Turkish<\/a>. For the sake of viewer convenience, the content is shown below in the alternative language. You may click the link to switch the active language.<\/p><p><\/p>\n<h2>T\u00fcrkiye&#8217;nin enerji altyap\u0131 grubu Petrol Ofisi, s\u00fcrd\u00fcr\u00fclebilir havac\u0131l\u0131k yat\u0131r\u0131mlar\u0131n\u0131 art\u0131r\u0131yor. 2022 y\u0131l\u0131ndan bu yana T\u00fcrkiye pazar\u0131na d\u00fcnyan\u0131n lider s\u00fcrd\u00fcr\u00fclebilir havac\u0131l\u0131k yak\u0131t\u0131 SAF ikmali ger\u00e7ekle\u015ftiren Petrol Ofisi bu alanda Pegasus Hava Yollar\u0131 ile s\u00fcregelen i\u015f birli\u011fini g\u00fc\u00e7lendiriyor. Yeni protokol ile Petrol Ofisi&#8217;nin Pegasus Hava Yollar\u0131&#8217;na ikmal edece\u011fi SAF hacminin 2023 y\u0131l\u0131nda \u00fc\u00e7, 2024 y\u0131l\u0131nda ise 10 kata kadar artmas\u0131 \u00f6ng\u00f6r\u00fcl\u00fcyor.<\/h2>\n<p>T\u00fcrkiye&#8217;nin enerji altyap\u0131 grubu Petrol Ofisi s\u00fcrd\u00fcr\u00fclebilir havac\u0131l\u0131k alan\u0131ndaki yat\u0131r\u0131mlar\u0131na h\u0131z verdi. 2022 y\u0131l\u0131n\u0131n mart ay\u0131ndan bu yana, Pegasus Hava Yollar\u0131 taraf\u0131ndan i\u015fletilen u\u00e7aklara sera gaz\u0131 emisyonlar\u0131n\u0131 y\u00fczde 80&#8217;e kadar azaltan s\u00fcrd\u00fcr\u00fclebilir havac\u0131l\u0131k yak\u0131t\u0131 Neste MY Sustainable Aviation Fuel<sup>TM<\/sup> (SAF) ikmalini ger\u00e7ekle\u015ftiren Petrol Ofisi, bu i\u015f birli\u011fini 2024 y\u0131l\u0131na ta\u015f\u0131yor. \u0130mzalanan yeni protokol ile birlikte Petrol Ofisi, \u0130zmir Adnan Menderes ve Ankara Esenbo\u011fa Havalimanlar\u0131ndan Pegasus Hava Yollar\u0131&#8217;na ikmal etti\u011fi SAF hacmini 2023&#8217;te <strong>3 kat<\/strong>, 2024 y\u0131l\u0131nda ise <strong>10 kata kadar<\/strong> art\u0131rmay\u0131 hedefliyor. <strong>Yemeklik ya\u011f<\/strong> ve<strong> hayvansal ya\u011f at\u0131klar\u0131<\/strong> gibi <strong>y\u00fczde 100 yenilenebilir at\u0131k ve at\u0131k ham maddelerden \u00fcretilen SAF<\/strong>, u\u00e7ak motorlar\u0131nda veya yak\u0131t altyap\u0131s\u0131nda herhangi bir de\u011fi\u015fikli\u011fe gerek olmadan kullan\u0131labiliyor.<\/p>\n<h3><strong>\u201cS\u00fcrd\u00fcr\u00fclebilir yar\u0131nlara yat\u0131r\u0131m yap\u0131yoruz\u201d<\/strong><\/h3>\n<p>Protokol hakk\u0131nda a\u00e7\u0131klamada bulunan <strong>Petrol Ofisi Grup CEO&#8217;su Mehmet Abbaso\u011flu<\/strong>,<em> \u201cPetrol Ofisi Grubu olarak faaliyet g\u00f6sterdi\u011fimiz sekt\u00f6rlere \u00f6nc\u00fcl\u00fck edecek, \u00fclke ekonomisinin yar\u0131nlar\u0131na<img loading=\"lazy\" class=\"alignright wp-image-168532\" src=\"https:\/\/www.enerjigazetesi.ist\/wp-content\/uploads\/2023\/02\/Petrol_Ofisi_Grup_CEO_Mehmet_Abbasoglu.jpg\" alt=\"\" width=\"320\" height=\"214\" srcset=\"https:\/\/www.enerjigazetesi.ist\/wp-content\/uploads\/2023\/02\/Petrol_Ofisi_Grup_CEO_Mehmet_Abbasoglu.jpg 550w, https:\/\/www.enerjigazetesi.ist\/wp-content\/uploads\/2023\/02\/Petrol_Ofisi_Grup_CEO_Mehmet_Abbasoglu-300x200.jpg 300w, https:\/\/www.enerjigazetesi.ist\/wp-content\/uploads\/2023\/02\/Petrol_Ofisi_Grup_CEO_Mehmet_Abbasoglu-500x334.jpg 500w, https:\/\/www.enerjigazetesi.ist\/wp-content\/uploads\/2023\/02\/Petrol_Ofisi_Grup_CEO_Mehmet_Abbasoglu-75x50.jpg 75w, https:\/\/www.enerjigazetesi.ist\/wp-content\/uploads\/2023\/02\/Petrol_Ofisi_Grup_CEO_Mehmet_Abbasoglu-450x300.jpg 450w\" sizes=\"(max-width: 320px) 100vw, 320px\" \/> ger\u00e7ek katma de\u011ferler sa\u011flayacak yat\u0131r\u0131m ve i\u015f birliklerimize h\u0131z kesmeden devam ediyoruz. Gururla s\u00f6yleyebilirim ki Petrol Ofisi Grubu, T\u00fcrkiye ve b\u00f6lge havac\u0131l\u0131k trafi\u011finin en \u00f6nemli dinamolar\u0131ndan biri. Yar\u0131m y\u00fczy\u0131l\u0131 a\u015fk\u0131n bir s\u00fcredir hizmet verdi\u011fimiz havac\u0131l\u0131k alan\u0131nda, PO Air markam\u0131zla T\u00fcrkiye&#8217;nin 72 havaalan\u0131nda yak\u0131t ikmali sa\u011fl\u0131yor, 250&#8217;den fazla havayolu \u015firketine k\u00fcresel \u00f6l\u00e7ekte, y\u0131lda \u00e7eyrek milyonu a\u015fk\u0131n u\u00e7a\u011fa hizmet sunuyoruz. Bu dev operasyon hem sekt\u00f6r\u00fcm\u00fcz\u00fcn hem de ilgili payda\u015flar\u0131m\u0131z\u0131n fayda ve gelece\u011fine y\u00f6nelik ad\u0131mlar atmam\u0131z\u0131n m\u00fccbir sebebi. Dolay\u0131s\u0131yla uyumla hareket etti\u011fimiz Pegasus Hava Yollar\u0131 ile havac\u0131l\u0131k end\u00fcstrisi i\u00e7in hayati \u00f6nem ta\u015f\u0131d\u0131\u011f\u0131na inand\u0131\u011f\u0131m\u0131z bu i\u015f birli\u011fini g\u00fc\u00e7lendirerek s\u00fcrd\u00fcrmekten ve s\u00fcrd\u00fcr\u00fclebilir yar\u0131nlara yat\u0131r\u0131m yapmaktan b\u00fcy\u00fck memnuniyet duyuyoruz.\u201d<\/em> dedi.<\/p>\n<p>\u0130\u015f birli\u011fi hakk\u0131nda konu\u015fan <strong>Pegasus Hava Yollar\u0131 CEO&#8217;su G\u00fcliz \u00d6zt\u00fcrk<\/strong>, <em>\u201cPegasus Hava Yollar\u0131 <img loading=\"lazy\" class=\"alignleft wp-image-168533\" src=\"https:\/\/www.enerjigazetesi.ist\/wp-content\/uploads\/2023\/02\/Pegasus_Guliz_Ozturk.jpg\" alt=\"\" width=\"320\" height=\"214\" srcset=\"https:\/\/www.enerjigazetesi.ist\/wp-content\/uploads\/2023\/02\/Pegasus_Guliz_Ozturk.jpg 550w, https:\/\/www.enerjigazetesi.ist\/wp-content\/uploads\/2023\/02\/Pegasus_Guliz_Ozturk-300x200.jpg 300w, https:\/\/www.enerjigazetesi.ist\/wp-content\/uploads\/2023\/02\/Pegasus_Guliz_Ozturk-500x334.jpg 500w, https:\/\/www.enerjigazetesi.ist\/wp-content\/uploads\/2023\/02\/Pegasus_Guliz_Ozturk-75x50.jpg 75w, https:\/\/www.enerjigazetesi.ist\/wp-content\/uploads\/2023\/02\/Pegasus_Guliz_Ozturk-450x300.jpg 450w\" sizes=\"(max-width: 320px) 100vw, 320px\" \/>olarak, Uluslararas\u0131 Hava Ta\u015f\u0131mac\u0131l\u0131\u011f\u0131 Birli\u011fi&#8217;nin (IATA) \u20182050&#8217;ye kadar Net S\u0131f\u0131r Karbon Emisyonu&#8217; karar\u0131 do\u011frultusunda, s\u00fcrd\u00fcr\u00fclebilir havac\u0131l\u0131\u011f\u0131 desteklemek ad\u0131na \u00e7al\u0131\u015fmalar\u0131m\u0131z\u0131 s\u00fcrd\u00fcr\u00fcyoruz. Bu hedefe ula\u015fmak i\u00e7in; karbon sal\u0131n\u0131m\u0131 d\u00fc\u015f\u00fck, \u00e7evreci ve s\u00fcrd\u00fcr\u00fclebilir kaynaklardan \u00fcretilen SAF kullan\u0131m\u0131n\u0131n art\u0131r\u0131lmas\u0131 b\u00fcy\u00fck \u00f6nem ta\u015f\u0131yor.\u201d dedi ve s\u00f6zlerine \u015f\u00f6yle devam etti: \u201cMart 2022&#8217;den bu yana u\u00e7aklar\u0131m\u0131za SAF ikmali ger\u00e7ekle\u015ftiren Petrol Ofisi ile i\u015f birli\u011fimizi g\u00fc\u00e7lendirerek s\u00fcrd\u00fcrme karar\u0131 ald\u0131k. \u0130\u015f birli\u011fimizi \u00f6n\u00fcm\u00fczdeki iki y\u0131l i\u00e7erisinde yurt i\u00e7inde co\u011frafi olarak da geni\u015fletmeyi hedefliyoruz. S\u00fcrd\u00fcr\u00fclebilir havac\u0131l\u0131\u011f\u0131 desteklemek ad\u0131na var g\u00fcc\u00fcm\u00fczle \u00e7al\u0131\u015fmaya devam edece\u011fiz.\u201d<\/em><\/p>\n<p>\u00dcyesi, oldu\u011fu Uluslararas\u0131 Hava Ta\u015f\u0131mac\u0131l\u0131\u011f\u0131 Birli\u011fi&#8217;nin (IATA)<strong> \u201c2050&#8217;ye Kadar Net S\u0131f\u0131r Karbon Emisyonu\u201d<\/strong> hedefi do\u011frultusunda s\u00fcrd\u00fcr\u00fclebilir havac\u0131l\u0131\u011f\u0131 \u00f6nceliklendiren Petrol Ofisi, <strong>yenilenebilir yak\u0131tlar<\/strong> ve <strong>d\u00f6ng\u00fcsel \u00e7\u00f6z\u00fcmlerde<\/strong> d\u00fcnya lideri olan Neste&#8217;nin SAF yak\u0131t\u0131n\u0131 ilk olarak 2022 Mart ay\u0131nda \u0130zmir&#8217;den Sabiha G\u00f6k\u00e7en&#8217;e u\u00e7an Pegasus Hava Yollar\u0131&#8217;na dolayl\u0131 olarak ger\u00e7ekle\u015ftirmi\u015fti.\u00a0 Ge\u00e7en y\u0131l\u0131n haziran ve kas\u0131m aylar\u0131nda, bu kez Neste&#8217;den do\u011frudan yap\u0131lan ikmallerle Neste ile olan i\u015f birli\u011fini bir ad\u0131m ileriye ta\u015f\u0131yan Petrol Ofisi halen \u0130zmir Adnan Menderes ve Ankara Esenbo\u011fa <img loading=\"lazy\" class=\"alignright wp-image-168534\" src=\"https:\/\/www.enerjigazetesi.ist\/wp-content\/uploads\/2023\/02\/Neste_Jonathan_Wood.jpg\" alt=\"\" width=\"320\" height=\"226\" srcset=\"https:\/\/www.enerjigazetesi.ist\/wp-content\/uploads\/2023\/02\/Neste_Jonathan_Wood.jpg 550w, https:\/\/www.enerjigazetesi.ist\/wp-content\/uploads\/2023\/02\/Neste_Jonathan_Wood-300x212.jpg 300w, https:\/\/www.enerjigazetesi.ist\/wp-content\/uploads\/2023\/02\/Neste_Jonathan_Wood-500x354.jpg 500w, https:\/\/www.enerjigazetesi.ist\/wp-content\/uploads\/2023\/02\/Neste_Jonathan_Wood-71x50.jpg 71w\" sizes=\"(max-width: 320px) 100vw, 320px\" \/>Havalimanlar\u0131ndan yap\u0131lan SAF tedarikini art\u0131rarak sekt\u00f6re katma de\u011fer sa\u011flamaya devam ediyor.<\/p>\n<p><strong>Neste&#8217;de Yenilenebilir Havac\u0131l\u0131ktan Sorumlu Ba\u015fkan Yard\u0131mc\u0131s\u0131 Jonathan Wood<\/strong>, Petrol Ofisi ile s\u00fcrd\u00fcrd\u00fckleri i\u015f birli\u011fi ile ilgili olarak,<em> \u201cNeste olarak havac\u0131l\u0131k sekt\u00f6r\u00fcn\u00fcn emisyonlar\u0131 azaltma konusundaki iddial\u0131 hedeflerini ger\u00e7ekle\u015ftirmesine yard\u0131mc\u0131 olmaya kararl\u0131y\u0131z. Bu do\u011frultuda yak\u0131t ikmal zincirindeki ortaklarla ger\u00e7ekle\u015ftirdi\u011fimiz i\u015f birlikleri \u00e7ok kritik. Petrol Ofisi ile bir arada \u00e7al\u0131\u015fmaktan mutluluk duyuyoruz ve bu stratejik ortakl\u0131k sayesinde Neste MY S\u00fcrd\u00fcr\u00fclebilir Havac\u0131l\u0131k Yak\u0131t\u0131m\u0131z\u0131n T\u00fcrkiye&#8217;deki havalimanlar\u0131na ve havayollar\u0131na olan tedarikini art\u0131rmay\u0131 arzuluyoruz. Hollanda&#8217;n\u0131n Rotterdam \u015fehrindeki ve Singapur&#8217;daki rafinerilerimizde devam eden yat\u0131r\u0131mlar sayesinde SAF \u00fcretim kapasitesini 2023 sonuna kadar 15 kat art\u0131raca\u011f\u0131z.\u201d<\/em> \u015feklinde konu\u015ftu.<\/p>","protected":false},"excerpt":{"rendered":"<p>Sorry, this entry is only available in Turkish. For the sake of viewer convenience, the content is shown below in the alternative language. You may click the link to switch the active language. T\u00fcrkiye&#8217;nin enerji altyap\u0131 grubu Petrol Ofisi, s\u00fcrd\u00fcr\u00fclebilir havac\u0131l\u0131k yat\u0131r\u0131mlar\u0131n\u0131 art\u0131r\u0131yor. 2022 y\u0131l\u0131ndan bu yana T\u00fcrkiye pazar\u0131na d\u00fcnyan\u0131n lider s\u00fcrd\u00fcr\u00fclebilir havac\u0131l\u0131k yak\u0131t\u0131 SAF [&hellip;]<\/p>\n","protected":false},"author":1,"featured_media":168536,"comment_status":"open","ping_status":"open","sticky":false,"template":"","format":"standard","meta":[],"categories":[53,44],"tags":[35344,107554,10059,34936,107553,88650,107555],"views":44,"_links":{"self":[{"href":"https:\/\/www.enerjigazetesi.ist\/en\/wp-json\/wp\/v2\/posts\/168530"}],"collection":[{"href":"https:\/\/www.enerjigazetesi.ist\/en\/wp-json\/wp\/v2\/posts"}],"about":[{"href":"https:\/\/www.enerjigazetesi.ist\/en\/wp-json\/wp\/v2\/types\/post"}],"author":[{"embeddable":true,"href":"https:\/\/www.enerjigazetesi.ist\/en\/wp-json\/wp\/v2\/users\/1"}],"replies":[{"embeddable":true,"href":"https:\/\/www.enerjigazetesi.ist\/en\/wp-json\/wp\/v2\/comments?post=168530"}],"version-history":[{"count":0,"href":"https:\/\/www.enerjigazetesi.ist\/en\/wp-json\/wp\/v2\/posts\/168530\/revisions"}],"wp:featuredmedia":[{"embeddable":true,"href":"https:\/\/www.enerjigazetesi.ist\/en\/wp-json\/wp\/v2\/media\/168536"}],"wp:attachment":[{"href":"https:\/\/www.enerjigazetesi.ist\/en\/wp-json\/wp\/v2\/media?parent=168530"}],"wp:term":[{"taxonomy":"category","embeddable":true,"href":"https:\/\/www.enerjigazetesi.ist\/en\/wp-json\/wp\/v2\/categories?post=168530"},{"taxonomy":"post_tag","embeddable":true,"href":"https:\/\/www.enerjigazetesi.ist\/en\/wp-json\/wp\/v2\/tags?post=168530"}],"curies":[{"name":"wp","href":"https:\/\/api.w.org\/{rel}","templated":true}]}}