{"id":168421,"date":"2023-02-02T11:12:23","date_gmt":"2023-02-02T08:12:23","guid":{"rendered":"https:\/\/www.enerjigazetesi.ist\/?p=168421"},"modified":"2023-02-02T11:12:23","modified_gmt":"2023-02-02T08:12:23","slug":"enerjisa-enerji-bloomberg-cinsiyet-esitligi-endeksinde-yer-aldi","status":"publish","type":"post","link":"https:\/\/www.enerjigazetesi.ist\/en\/enerjisa-enerji-bloomberg-cinsiyet-esitligi-endeksinde-yer-aldi\/","title":{"rendered":"(Turkish) &#8217;Enerjisa Enerji&#8217; Bloomberg Cinsiyet E\u015fitli\u011fi Endeksi\u2019nde Yer Ald\u0131"},"content":{"rendered":"<p class=\"qtranxs-available-languages-message qtranxs-available-languages-message-en\">Sorry, this entry is only available in <a href=\"https:\/\/www.enerjigazetesi.ist\/tr\/wp-json\/wp\/v2\/posts\/168421\" class=\"qtranxs-available-language-link qtranxs-available-language-link-tr\" title=\"Turkish\">Turkish<\/a>. For the sake of viewer convenience, the content is shown below in the alternative language. You may click the link to switch the active language.<\/p><p><\/p>\n<h2><strong>S\u00fcrd\u00fcr\u00fclebilirli\u011fi stratejisinin merkezine koyarak, insan ve teknoloji oda\u011f\u0131yla daha ak\u0131ll\u0131 ve ye\u015fil bir d\u00fcnyaya katk\u0131 sunmak i\u00e7in projeler \u00fcreten elektrik da\u011f\u0131t\u0131m, perakende sat\u0131\u015f ve m\u00fc\u015fteri \u00e7\u00f6z\u00fcmleri \u015firketi Enerjisa Enerji<\/strong><strong>; \u00e7e\u015fitlilik, e\u015fitlik ve kapsay\u0131c\u0131l\u0131k ilkesi do\u011frultusunda kurum i\u00e7inde yaratt\u0131\u011f\u0131 uygulamalarla Bloomberg Cinsiyet E\u015fitli\u011fi Endeksi\u2019nde (GEI ) yer alma ba\u015far\u0131s\u0131n\u0131 g\u00f6sterdi.<\/strong><\/h2>\n<p><strong>\u2018Herkes i\u00e7in daha iyi bir gelecek\u2019<\/strong> vizyonuyla T\u00fcrkiye\u2019nin enerji d\u00f6n\u00fc\u015f\u00fcm\u00fcne \u00f6nc\u00fcl\u00fck eden lider da\u011f\u0131t\u0131m, perakende sat\u0131\u015f ve m\u00fc\u015fteri \u00e7\u00f6z\u00fcmleri \u015firketi Enerjisa Enerji,, toplumsal cinsiyet e\u015fitli\u011fi konusunda y\u00fcr\u00fctt\u00fc\u011f\u00fc \u015firket i\u00e7i politikalar ile ba\u015fvuru yapt\u0131\u011f\u0131 ilk sene <strong>Bloomberg Cinsiyet E\u015fitli\u011fi Endeksi\u2019ne ( GEI )<\/strong> girdi.<\/p>\n<p><strong>Cinsiyet e\u015fitli\u011fini taahh\u00fct eden<\/strong> \u015firketlerin performans\u0131n\u0131 \u00f6l\u00e7mek i\u00e7in d\u00fcnyada yap\u0131lan en kapsaml\u0131 \u00e7al\u0131\u015fmalardan olan Bloomberg Cinsiyet E\u015fitli\u011fi Endeksi&#8217;nde, \u015firketlerin c\u0327al\u0131s\u0327anlar\u0131na davran\u0131\u015f bi\u00e7imi, u\u0308ru\u0308n ve hizmetlerinin toplumun ihtiyac\u0327lar\u0131na hizmet edip etmedig\u0306i gibi kriterler ele al\u0131n\u0131yor. Endeks, <strong>cinsiyet e\u015fitli\u011fini \u2018Liderlik &amp; Yetenek Havuzu\u2019, \u2018E\u015fit \u00dccret &amp; Cinsiyete Dayal\u0131 \u00dccret E\u015fitli\u011fi\u2019, \u2018Kapsay\u0131c\u0131 K\u00fclt\u00fcr\u2019, \u2018Cinsel Taciz Kar\u015f\u0131t\u0131 Politikalar\u2019 ve \u2018Marka Alg\u0131s\u0131\u2019<\/strong> olmak \u00fczere 5<\/p>\n<p>kategori \u00fczerinden \u00f6l\u00e7\u00fcyor. Bu kategoriler arac\u0131l\u0131\u011f\u0131yla GEI \u00e7er\u00e7evesi, bir dizi metri\u011fi cinsiyet e\u015fitli\u011fi perspektifiyle de\u011ferlendiriyor. 0 \u2013 100 aras\u0131 bir skalada yap\u0131lan de\u011ferlendirme, Enerjisa Enerji\u2019nin ise t\u00fcm kategorilerde total skoru <strong>79.41<\/strong> olarak de\u011ferlendirildi. Be\u015f de\u011ferlendirme kategorisinde en ba\u015far\u0131l\u0131<img loading=\"lazy\" class=\"alignright wp-image-168424\" src=\"https:\/\/www.enerjigazetesi.ist\/wp-content\/uploads\/2023\/02\/enerjisa-enerji-bloomberg-cinsiyet-esitligi-endeksinde-yer-aldi-1.jpg\" alt=\"\" width=\"270\" height=\"334\" srcset=\"https:\/\/www.enerjigazetesi.ist\/wp-content\/uploads\/2023\/02\/enerjisa-enerji-bloomberg-cinsiyet-esitligi-endeksinde-yer-aldi-1.jpg 388w, https:\/\/www.enerjigazetesi.ist\/wp-content\/uploads\/2023\/02\/enerjisa-enerji-bloomberg-cinsiyet-esitligi-endeksinde-yer-aldi-1-243x300.jpg 243w, https:\/\/www.enerjigazetesi.ist\/wp-content\/uploads\/2023\/02\/enerjisa-enerji-bloomberg-cinsiyet-esitligi-endeksinde-yer-aldi-1-323x400.jpg 323w, https:\/\/www.enerjigazetesi.ist\/wp-content\/uploads\/2023\/02\/enerjisa-enerji-bloomberg-cinsiyet-esitligi-endeksinde-yer-aldi-1-40x50.jpg 40w\" sizes=\"(max-width: 270px) 100vw, 270px\" \/> oldu\u011fu kategori y\u00fczde 100 ile \u201cCinsel Tacizi Kar\u015f\u0131t\u0131 Politikalar\u201d oldu. Bu ba\u015far\u0131y\u0131 y\u00fczde 87 ile \u201cKapsay\u0131c\u0131 K\u00fclt\u00fcr\u201d kategorisi takip ediyor.<\/p>\n<h3><strong>E\u015fitlik\u00e7i, kapsay\u0131c\u0131, adil bir \u00e7al\u0131\u015fma ortam\u0131n\u0131 t\u00fcm s\u00fcre\u00e7lerimizin merkezinde tutuyoruz<\/strong><\/h3>\n<p>Bloomberg Cinsiyet E\u015fitli\u011fi Endeksi\u2019nde yer alman\u0131n \u00f6nemine de\u011finen <strong>Enerjisa Enerji S\u00fcrd\u00fcr\u00fclebilirlik ve Kurumsal Yetkinlikler B\u00f6l\u00fcm Ba\u015fkan\u0131 Ebru Ta\u015fc\u0131o\u011flu<\/strong>,\u00a0\u201cEnerjisa Enerji olarak toplumsal\u00a0cinsiyet\u00a0e\u015fitli\u011fi\u00a0alan\u0131ndaki \u00e7al\u0131\u015fmalar\u0131m\u0131zla uluslararas\u0131 arenada \u00f6nemli bir ba\u015far\u0131 g\u00f6stererek, en kapsaml\u0131 toplumsal\u00a0cinsiyet\u00a0e\u015fitli\u011fi\u00a0ara\u015ft\u0131rmalar\u0131ndan biri olan Bloomberg\u00a0Toplumsal\u00a0Cinsiyet\u00a0E\u015fitli\u011fi\u00a0Endeksi\u2019nde (GEI) yerimizi ald\u0131k. GEI&#8217;ye dahil olan \u015firket say\u0131s\u0131 ge\u00e7mi\u015f y\u0131la g\u00f6re y\u00fczde 16 artt\u0131. Bu da hepimize g\u00f6steriyor ki, toplumsal cinsiyet \u00e7e\u015fitlili\u011fi ve kapsay\u0131c\u0131l\u0131\u011f\u0131 konusu art\u0131k \u015firket y\u00f6netimlerinin ajandalar\u0131nda giderek y\u00fckselen bir \u00f6neme sahip. Biz de e\u015fitlik\u00e7i, kapsay\u0131c\u0131, adil bir \u00e7al\u0131\u015fma ortam\u0131n\u0131 stratejimizin temelinde olan s\u00fcrd\u00fcr\u00fclebilirli\u011fin merkezinde tutuyoruz. \u2018<strong>Herkes i\u00e7in<\/strong> <strong>Daha \u0130yi Bir Gelecek<\/strong>\u2019 vizyonumuzla T\u00fcrkiye\u2019 nin enerji d\u00f6n\u00fc\u015f\u00fcm\u00fcne \u00f6nc\u00fcl\u00fck ederken g\u00fcc\u00fcm\u00fcz\u00fc insan odakl\u0131 yakla\u015f\u0131m\u0131m\u0131z ile \u00e7al\u0131\u015fanlar\u0131m\u0131zdan al\u0131yoruz. \u00a0Cinsiyet e\u015fitli\u011fi oda\u011f\u0131nda kad\u0131n \u00e7al\u0131\u015fanlar\u0131m\u0131z\u0131 desteklemeye, yeni projeler geli\u015ftirmeye devam edece\u011fiz. Uygulamalar\u0131m\u0131z\u0131n d\u00fcnya \u00e7ap\u0131nda onay g\u00f6rmesi bizim i\u00e7in \u00e7ok \u00f6nemli bir motivasyon kayna\u011f\u0131. T\u00fcm s\u00fcre\u00e7lerimizin iyile\u015ftirilmesi ve insana yak\u0131\u015f\u0131r politikalar\u0131 hayata ge\u00e7irilmesi konusundaeme\u011fi ge\u00e7en t\u00fcm \u00e7al\u0131\u015fma arkada\u015flar\u0131m\u0131 g\u00f6n\u00fclden tebrik ediyorum\u201d dedi.<\/p>\n<p><img loading=\"lazy\" class=\"alignleft wp-image-168425\" src=\"https:\/\/www.enerjigazetesi.ist\/wp-content\/uploads\/2023\/02\/enerjisa-enerji-bloomberg-cinsiyet-esitligi-endeksinde-yer-aldi-2.jpg\" alt=\"\" width=\"270\" height=\"230\" srcset=\"https:\/\/www.enerjigazetesi.ist\/wp-content\/uploads\/2023\/02\/enerjisa-enerji-bloomberg-cinsiyet-esitligi-endeksinde-yer-aldi-2.jpg 550w, https:\/\/www.enerjigazetesi.ist\/wp-content\/uploads\/2023\/02\/enerjisa-enerji-bloomberg-cinsiyet-esitligi-endeksinde-yer-aldi-2-300x256.jpg 300w, https:\/\/www.enerjigazetesi.ist\/wp-content\/uploads\/2023\/02\/enerjisa-enerji-bloomberg-cinsiyet-esitligi-endeksinde-yer-aldi-2-469x400.jpg 469w, https:\/\/www.enerjigazetesi.ist\/wp-content\/uploads\/2023\/02\/enerjisa-enerji-bloomberg-cinsiyet-esitligi-endeksinde-yer-aldi-2-59x50.jpg 59w, https:\/\/www.enerjigazetesi.ist\/wp-content\/uploads\/2023\/02\/enerjisa-enerji-bloomberg-cinsiyet-esitligi-endeksinde-yer-aldi-2-500x426.jpg 500w\" sizes=\"(max-width: 270px) 100vw, 270px\" \/>Enerjisa Enerji olarak etki odakl\u0131 s\u00fcrd\u00fcr\u00fclebilirlik anlay\u0131\u015f\u0131 ile kapsay\u0131c\u0131l\u0131k, \u00e7e\u015fitlilik ve e\u015fitlik ilkeleri do\u011frultusunda hareket ettiklerinin alt\u0131n\u0131 \u00e7izen <strong>Enerjisa Enerji \u0130nsan ve K\u00fclt\u00fcr B\u00f6l\u00fcm Ba\u015fkan\u0131 Yakup Aydilek<\/strong>, \u201cCinsiyet e\u015fitli\u011fi konusuna hassasiyetle yakla\u015f\u0131yoruz. Bu konuyu destekleyen politikalar\u0131m\u0131z, f\u0131rsat e\u015fitli\u011fi, kapsay\u0131c\u0131 i\u015f g\u00fcc\u00fc gibi alanlarda hayata ge\u00e7irdi\u011fimiz ba\u015far\u0131l\u0131 uygulamalar\u0131m\u0131zla cinsiyet e\u015fitli\u011fi konusunda d\u00fcnyan\u0131n en \u00f6nemli endekslerden biri olan Bloomberg Cinsiyet E\u015fitli\u011fi Endeksi\u2019nde yer almaya yapt\u0131\u011f\u0131m\u0131z ilk ba\u015fvuru sonucunda hak kazanmaktan b\u00fcy\u00fck mutluluk ve gurur duyuyoruz. \u00a0\u00c7al\u0131\u015ft\u0131\u011f\u0131m\u0131z her alanda g\u00fc\u00e7lerini arkam\u0131zda hissetti\u011fimiz \u00e7al\u0131\u015fma arkada\u015flar\u0131m\u0131z\u0131n katk\u0131lar\u0131 ile \u00a0\u00e7e\u015fitlilik, e\u015fitlik ve kapsay\u0131c\u0131l\u0131k ilkeleri oda\u011f\u0131nda g\u00fc\u00e7lenmeye devam edece\u011fimize inan\u0131yoruz\u201d \u015feklinde konu\u015ftu.<\/p>\n<h3><strong>45 \u00fclkeden 11 sekt\u00f6r ve 54 end\u00fcstride 620\u2019den fazla \u015firket<\/strong><\/h3>\n<p>2023 Bloomberg Cinsiyet E\u015fitli\u011fi Endeksi (GEI), merkezi 45 \u00fclkede bulunan 11 sekt\u00f6r ve 54 end\u00fcstride 484 \u015firketi i\u00e7eriyor. 2023 GEI i\u00e7in bir \u00f6nceki y\u0131la g\u00f6re y\u00fczde 11 art\u0131\u015fla 620&#8217;den fazla \u015firket, Bloomberg GEI Raporlama \u00c7er\u00e7evesini kullanarak 2021 mali y\u0131l\u0131na ili\u015fkin verilerini a\u00e7\u0131klad\u0131. Bu da toplumsal cinsiyet e\u015fitli\u011fine y\u00f6nelik ba\u011fl\u0131l\u0131\u011f\u0131n ve k\u00fcresel i\u015f d\u00fcnyas\u0131n\u0131n sosyal verilerin daha \u015feffaf bir \u015fekilde raporlanmas\u0131 ve if\u015fa edilmesi taahh\u00fcd\u00fcnde bulunarak anlaml\u0131 bir de\u011fi\u015fim i\u00e7in sorumluluk \u00fcstlenebilece\u011finin kabul edildi\u011fini ve bu anlay\u0131\u015f\u0131n giderek g\u00fc\u00e7lendi\u011fini g\u00f6steriyor.<\/p>","protected":false},"excerpt":{"rendered":"<p>Sorry, this entry is only available in Turkish. For the sake of viewer convenience, the content is shown below in the alternative language. You may click the link to switch the active language. S\u00fcrd\u00fcr\u00fclebilirli\u011fi stratejisinin merkezine koyarak, insan ve teknoloji oda\u011f\u0131yla daha ak\u0131ll\u0131 ve ye\u015fil bir d\u00fcnyaya katk\u0131 sunmak i\u00e7in projeler \u00fcreten elektrik da\u011f\u0131t\u0131m, perakende [&hellip;]<\/p>\n","protected":false},"author":1,"featured_media":168427,"comment_status":"open","ping_status":"open","sticky":false,"template":"","format":"standard","meta":[],"categories":[51,53],"tags":[67193],"views":35,"_links":{"self":[{"href":"https:\/\/www.enerjigazetesi.ist\/en\/wp-json\/wp\/v2\/posts\/168421"}],"collection":[{"href":"https:\/\/www.enerjigazetesi.ist\/en\/wp-json\/wp\/v2\/posts"}],"about":[{"href":"https:\/\/www.enerjigazetesi.ist\/en\/wp-json\/wp\/v2\/types\/post"}],"author":[{"embeddable":true,"href":"https:\/\/www.enerjigazetesi.ist\/en\/wp-json\/wp\/v2\/users\/1"}],"replies":[{"embeddable":true,"href":"https:\/\/www.enerjigazetesi.ist\/en\/wp-json\/wp\/v2\/comments?post=168421"}],"version-history":[{"count":1,"href":"https:\/\/www.enerjigazetesi.ist\/en\/wp-json\/wp\/v2\/posts\/168421\/revisions"}],"predecessor-version":[{"id":168422,"href":"https:\/\/www.enerjigazetesi.ist\/en\/wp-json\/wp\/v2\/posts\/168421\/revisions\/168422"}],"wp:featuredmedia":[{"embeddable":true,"href":"https:\/\/www.enerjigazetesi.ist\/en\/wp-json\/wp\/v2\/media\/168427"}],"wp:attachment":[{"href":"https:\/\/www.enerjigazetesi.ist\/en\/wp-json\/wp\/v2\/media?parent=168421"}],"wp:term":[{"taxonomy":"category","embeddable":true,"href":"https:\/\/www.enerjigazetesi.ist\/en\/wp-json\/wp\/v2\/categories?post=168421"},{"taxonomy":"post_tag","embeddable":true,"href":"https:\/\/www.enerjigazetesi.ist\/en\/wp-json\/wp\/v2\/tags?post=168421"}],"curies":[{"name":"wp","href":"https:\/\/api.w.org\/{rel}","templated":true}]}}