{"id":16841,"date":"2013-10-25T17:04:31","date_gmt":"2013-10-25T14:04:31","guid":{"rendered":"https:\/\/www.enerjigazetesi.ist\/?p=16841"},"modified":"2013-10-25T17:04:31","modified_gmt":"2013-10-25T14:04:31","slug":"taner-yildiz-turkiyenin-enerji-politikalari-kendine-yeter","status":"publish","type":"post","link":"https:\/\/www.enerjigazetesi.ist\/en\/taner-yildiz-turkiyenin-enerji-politikalari-kendine-yeter\/","title":{"rendered":"(Turkish) Taner Y\u0131ld\u0131z: \u201cT\u00fcrkiye\u2019nin Enerji Politikalar\u0131 Kendine Yeter\u201d"},"content":{"rendered":"<p class=\"qtranxs-available-languages-message qtranxs-available-languages-message-en\">Sorry, this entry is only available in <a href=\"https:\/\/www.enerjigazetesi.ist\/tr\/wp-json\/wp\/v2\/posts\/16841\" class=\"qtranxs-available-language-link qtranxs-available-language-link-tr\" title=\"Turkish\">Turkish<\/a>. For the sake of viewer convenience, the content is shown below in the alternative language. You may click the link to switch the active language.<\/p><p><strong>D\u00fcnya\u2019n\u0131n enerji konusunda zorland\u0131\u011f\u0131n\u0131 ve s\u0131k\u0131nt\u0131l\u0131 bir s\u00fcre\u00e7ten ge\u00e7ti\u011fini dile getiren Enerji ve Tabii Kaynaklar Bakan\u0131 Y\u0131ld\u0131z, d\u00fcnyan\u0131n arz g\u00fcvenli\u011fiyle ilgili problemlerinin giderek b\u00fcy\u00fcd\u00fc\u011f\u00fcn\u00fc s\u00f6yledi.<\/strong><\/p>\n<p>HES\u2019lerden \u00fcretilen elektrikle T\u00fcrkiye\u2019nin ihtiyac\u0131n\u0131n 4\u2032te birini kar\u015f\u0131lad\u0131klar\u0131na dikkati \u00e7eken Y\u0131ld\u0131z, r\u00fczgarla alakal\u0131 \u00e7al\u0131\u015fmalarla 500 milyon dolarl\u0131k do\u011fal gaz ithalat\u0131n\u0131n kesildi\u011fini bunu en az 7 kat\u0131na \u00e7\u0131karmay\u0131 ama\u00e7lad\u0131klar\u0131n\u0131 vurgulad\u0131. Y\u0131ld\u0131z, \u201cYani 3.5 milyarl\u0131k do\u011falgaz ithalat\u0131n\u0131 kesecek bir r\u00fczgar portf\u00f6y\u00fc olu\u015fturmak istiyoruz. B\u00f6yle bir kapasite var T\u00fcrkiye\u2019de\u201d dedi.<\/p>\n<h2>\u201cVarsa petrol\u00fc bulaca\u011f\u0131z\u201d<\/h2>\n<p>D\u00fcnya\u2019n\u0131n enerji konusunda zorland\u0131\u011f\u0131n\u0131 ve s\u0131k\u0131nt\u0131l\u0131 bir s\u00fcre\u00e7ten ge\u00e7ti\u011fini dile getiren Y\u0131ld\u0131z, d\u00fcnyan\u0131n arz g\u00fcven<a href=\"https:\/\/www.enerjigazetesi.ist\/wp-content\/uploads\/2013\/06\/enerji-gundemi-degerlendirmesi-bakan-yildiz.jpg\"><img loading=\"lazy\" class=\"alignright size-medium wp-image-12281\" title=\"bakan-yildiz\" src=\"https:\/\/www.enerjigazetesi.ist\/wp-content\/uploads\/2013\/06\/enerji-gundemi-degerlendirmesi-bakan-yildiz-300x203.jpg\" alt=\"\" width=\"300\" height=\"203\" srcset=\"https:\/\/www.enerjigazetesi.ist\/wp-content\/uploads\/2013\/06\/enerji-gundemi-degerlendirmesi-bakan-yildiz-300x203.jpg 300w, https:\/\/www.enerjigazetesi.ist\/wp-content\/uploads\/2013\/06\/enerji-gundemi-degerlendirmesi-bakan-yildiz-500x338.jpg 500w, https:\/\/www.enerjigazetesi.ist\/wp-content\/uploads\/2013\/06\/enerji-gundemi-degerlendirmesi-bakan-yildiz-73x50.jpg 73w, https:\/\/www.enerjigazetesi.ist\/wp-content\/uploads\/2013\/06\/enerji-gundemi-degerlendirmesi-bakan-yildiz.jpg 505w\" sizes=\"(max-width: 300px) 100vw, 300px\" \/><\/a>li\u011fiyle ilgili problemlerinin giderek b\u00fcy\u00fcd\u00fc\u011f\u00fcn\u00fc s\u00f6yledi. T\u00fcrkiye\u2019de enerji alan\u0131nda kamu denetimiyle beraber \u00f6zel sekt\u00f6r\u00fcn daha fazla rol ald\u0131\u011f\u0131 ama mutlaka denetimden ge\u00e7mek zorunda olan bir piyasa olu\u015fturduklar\u0131n\u0131 anlatan Y\u0131ld\u0131z, bu modelin uluslararas\u0131 alanda ilgi \u00e7ekti\u011fini belirtti.<\/p>\n<p>\u0130thal kaynaklar\u0131n yerli kaynaklara d\u00f6n\u00fc\u015fmesi konusundaki \u00e7al\u0131\u015fmalara devam edilece\u011fini vurgulayan Y\u0131ld\u0131z, \u015f\u00f6yle konu\u015ftu: \u201c\u00dclkemizde varsa petrol\u00fc bulaca\u011f\u0131z, yoksa bulamayaca\u011f\u0131z arkada\u015flar. T\u00fcrkiye bir petrol \u00fclkesi olarak adland\u0131r\u0131lm\u0131yor. Kendi ihtiya\u00e7lar\u0131n\u0131 kar\u015f\u0131layabilecek 700 bin varillik bir rezerv g\u00f6r\u00fcnm\u00fcyor. Ama T\u00fcrkiye\u2019de bir miktar petrol g\u00f6r\u00fcn\u00fcyor. Ben Akdeniz ve Karadeniz\u2019de yapt\u0131\u011f\u0131m\u0131z \u00e7al\u0131\u015fmalar\u0131n devam etmesi gerekti\u011fini s\u00f6yledim. Trakya, Do\u011fu ve G\u00fcneydo\u011fu Anadolu b\u00f6lgesinin siyasi istikrar\u0131n\u0131n daha da stabil hale gelmesiyle beraber buradaki arama \u00e7al\u0131\u015fmalar\u0131n\u0131n daha da art\u0131r\u0131lmas\u0131 gerek.<\/p>\n<p>Kaya gaz\u0131yla alakal\u0131 bir yap\u0131n\u0131n, \u015fu anda Diyarbak\u0131r\u2019da ba\u015flatt\u0131\u011f\u0131m\u0131z \u00e7al\u0131\u015fman\u0131n artarak devam etmesi gerekiyor.\u201d \u201cT\u00fcrkiye\u2019nin enerji politikalar\u0131 ve stratejileri kendine yeter, kendini y\u00f6netebilir hatta birazda kab\u0131n\u0131n d\u0131\u015f\u0131na \u00e7\u0131kabilir bir hal alm\u0131\u015ft\u0131r\u201d diyen Y\u0131ld\u0131z, baz\u0131 genel m\u00fcd\u00fcrleri, m\u00fchendis ve teknikerleri ge\u00e7ici g\u00f6revle \u00e7e\u015fitli \u00fclkelerin ba\u015fbakanlar\u0131na dan\u0131\u015fman olarak atad\u0131klar\u0131n\u0131 s\u00f6yledi.<\/p>\n<p>Y\u0131ld\u0131z, T\u00fcrkiye\u2019nin \u00f6zelle\u015fen ve liberalle\u015fen piyasas\u0131yla, \u00f6zel sekt\u00f6r varl\u0131klar\u0131n\u0131 kamu varl\u0131klar\u0131yla beraber dengeli bir \u015fekilde y\u00fcr\u00fctmeye \u00e7al\u0131\u015fan bir politika izledi\u011fine i\u015faret ederek, \u201cElektrik Piyasas\u0131 Kanunu\u2019nu nas\u0131l \u00e7\u0131kard\u0131ysak i\u015fleyen piyasay\u0131 daha iyi g\u00f6zlemlemek a\u00e7\u0131s\u0131ndan da Do\u011falgaz Piyasas\u0131 Kanunu Bakanlar Kurulu\u2019nda imzaya sunuldu. \u0130n\u015fallah b\u00fct\u00e7eden sonra da TBMM\u2019de g\u00f6r\u00fc\u015f\u00fclm\u00fc\u015f olacak\u201d dedi.<\/p>\n<p>Kaynak: <a href=\"http:\/\/enerjienstitusu.com\/2013\/10\/25\/taner-yildiz-turkiyenin-enerji-politikalari-kendine-yeter\/\" target=\"_blank\">Enerji Enstit\u00fcs\u00fc<\/a><\/p>","protected":false},"excerpt":{"rendered":"<p>Sorry, this entry is only available in Turkish. For the sake of viewer convenience, the content is shown below in the alternative language. You may click the link to switch the active language.D\u00fcnya\u2019n\u0131n enerji konusunda zorland\u0131\u011f\u0131n\u0131 ve s\u0131k\u0131nt\u0131l\u0131 bir s\u00fcre\u00e7ten ge\u00e7ti\u011fini dile getiren Enerji ve Tabii Kaynaklar Bakan\u0131 Y\u0131ld\u0131z, d\u00fcnyan\u0131n arz g\u00fcvenli\u011fiyle ilgili problemlerinin giderek [&hellip;]<\/p>\n","protected":false},"author":1,"featured_media":12281,"comment_status":"open","ping_status":"open","sticky":false,"template":"","format":"standard","meta":[],"categories":[53],"tags":[710,1028,4868,9851,19,63,67,1009,86,165,35370,9853,168,81,9854,9852,667,846],"views":669,"_links":{"self":[{"href":"https:\/\/www.enerjigazetesi.ist\/en\/wp-json\/wp\/v2\/posts\/16841"}],"collection":[{"href":"https:\/\/www.enerjigazetesi.ist\/en\/wp-json\/wp\/v2\/posts"}],"about":[{"href":"https:\/\/www.enerjigazetesi.ist\/en\/wp-json\/wp\/v2\/types\/post"}],"author":[{"embeddable":true,"href":"https:\/\/www.enerjigazetesi.ist\/en\/wp-json\/wp\/v2\/users\/1"}],"replies":[{"embeddable":true,"href":"https:\/\/www.enerjigazetesi.ist\/en\/wp-json\/wp\/v2\/comments?post=16841"}],"version-history":[{"count":2,"href":"https:\/\/www.enerjigazetesi.ist\/en\/wp-json\/wp\/v2\/posts\/16841\/revisions"}],"predecessor-version":[{"id":16843,"href":"https:\/\/www.enerjigazetesi.ist\/en\/wp-json\/wp\/v2\/posts\/16841\/revisions\/16843"}],"wp:featuredmedia":[{"embeddable":true,"href":"https:\/\/www.enerjigazetesi.ist\/en\/wp-json\/wp\/v2\/media\/12281"}],"wp:attachment":[{"href":"https:\/\/www.enerjigazetesi.ist\/en\/wp-json\/wp\/v2\/media?parent=16841"}],"wp:term":[{"taxonomy":"category","embeddable":true,"href":"https:\/\/www.enerjigazetesi.ist\/en\/wp-json\/wp\/v2\/categories?post=16841"},{"taxonomy":"post_tag","embeddable":true,"href":"https:\/\/www.enerjigazetesi.ist\/en\/wp-json\/wp\/v2\/tags?post=16841"}],"curies":[{"name":"wp","href":"https:\/\/api.w.org\/{rel}","templated":true}]}}