{"id":168384,"date":"2023-02-01T14:05:29","date_gmt":"2023-02-01T11:05:29","guid":{"rendered":"https:\/\/www.enerjigazetesi.ist\/?p=168384"},"modified":"2023-02-01T14:05:47","modified_gmt":"2023-02-01T11:05:47","slug":"kilimanjaronun-zirvesi-kiz-ogrencilerin-gelecegine-umut-oldu","status":"publish","type":"post","link":"https:\/\/www.enerjigazetesi.ist\/en\/kilimanjaronun-zirvesi-kiz-ogrencilerin-gelecegine-umut-oldu\/","title":{"rendered":"(Turkish) Kilimanjaro\u2019nun Zirvesi K\u0131z \u00d6\u011frencilerin Gelece\u011fine Umut Oldu"},"content":{"rendered":"<p class=\"qtranxs-available-languages-message qtranxs-available-languages-message-en\">Sorry, this entry is only available in <a href=\"https:\/\/www.enerjigazetesi.ist\/tr\/wp-json\/wp\/v2\/posts\/168384\" class=\"qtranxs-available-language-link qtranxs-available-language-link-tr\" title=\"Turkish\">Turkish<\/a>. For the sake of viewer convenience, the content is shown below in the alternative language. You may click the link to switch the active language.<\/p><p><\/p>\n<h2><strong>T\u00fcrk E\u011fitim Vakf\u0131\u2019n\u0131n \u00fcst\u00fcn ba\u015far\u0131 bursu mezun bursiyerlerinden M\u00fcge Naoko G\u00f6n\u00fcl, e\u011fitime eri\u015fimi olmayan k\u0131z \u00f6\u011frencilere destek i\u00e7in Afrika\u2019n\u0131n en y\u00fcksek da\u011f\u0131 olan Kilimanjaro\u2019ya t\u0131rmand\u0131. 8 g\u00fcn s\u00fcren t\u0131rman\u0131\u015f s\u0131ras\u0131nda E\u011fitimli K\u0131zlar \u0130\u00e7in Zirveye Burs Fonu\u2019nda 6 k\u0131z \u00f6\u011frencinin 4 y\u0131ll\u0131k e\u011fitim masraflar\u0131n\u0131 kar\u015f\u0131yacak ba\u011f\u0131\u015f topland\u0131.<\/strong><\/h2>\n<p><strong>T\u00fcrk E\u011fitim Vakf\u0131 (TEV)<\/strong> <strong>\u00dcst\u00fcn Ba\u015far\u0131 Bursu mezun bursiyeri M\u00fcge Naoko<\/strong> <strong>G\u00f6n\u00fc<\/strong>l, TEV<img loading=\"lazy\" class=\"alignright wp-image-168387\" src=\"https:\/\/www.enerjigazetesi.ist\/wp-content\/uploads\/2023\/02\/02.jpg\" alt=\"\" width=\"320\" height=\"392\" srcset=\"https:\/\/www.enerjigazetesi.ist\/wp-content\/uploads\/2023\/02\/02.jpg 429w, https:\/\/www.enerjigazetesi.ist\/wp-content\/uploads\/2023\/02\/02-245x300.jpg 245w, https:\/\/www.enerjigazetesi.ist\/wp-content\/uploads\/2023\/02\/02-327x400.jpg 327w, https:\/\/www.enerjigazetesi.ist\/wp-content\/uploads\/2023\/02\/02-41x50.jpg 41w\" sizes=\"(max-width: 320px) 100vw, 320px\" \/> E\u011fitimli K\u0131zlar \u0130\u00e7in Zirveye burs fonu i\u00e7in 5 bin 895 metre ile <strong>Afrika K\u0131tas\u0131<\/strong>\u2019n\u0131n en y\u00fcksek da\u011f\u0131 olan <strong>Kilimanjaro\u2019nun<\/strong> zirvesine t\u0131rmand\u0131. G\u00f6n\u00fcl, 14 Ocak\u2019ta ba\u015flay\u0131p 24 Ocak\u2019ta tamamlad\u0131\u011f\u0131 t\u0131rman\u0131\u015f s\u0131ras\u0131nda ba\u015flat\u0131lan kampanyayla <strong>6 k\u0131z \u00f6\u011frencinin 4 y\u0131ll\u0131k e\u011fitim masraflar\u0131n\u0131<\/strong> kar\u015f\u0131layacak ba\u011f\u0131\u015f toplamay\u0131 ba\u015fard\u0131.<\/p>\n<p>Kilimanjaro\u2019nun zirvesine <strong>T\u00fcrk bayra\u011f\u0131<\/strong> ve <strong>TEV bayra\u011f\u0131n\u0131 dikmekten<\/strong> gurur duydu\u011funu s\u00f6yleyen G\u00f6n\u00fcl, <em>\u201cBu t\u0131rman\u0131\u015f hayat\u0131mda yapt\u0131\u011f\u0131m en zor \u015feydi. Zirve tabelas\u0131n\u0131 g\u00f6rd\u00fc\u011f\u00fcm an g\u00f6zlerim doldu. Hem kendimle \u00e7ok gurur duydum hem de k\u0131z \u00f6\u011frencilerimizin e\u011fitimi i\u00e7in<strong> TEV<\/strong> ile \u00e7\u0131kt\u0131\u011f\u0131m bu yola ortak olan<strong> t\u00fcm g\u00fczel insanlar\u0131 hayal k\u0131r\u0131kl\u0131\u011f\u0131na u\u011fratmad\u0131\u011f\u0131m<\/strong> i\u00e7in \u00e7ok mutlu oldum. Da\u011f\u0131n zirvesi benim i\u00e7in sembolikti, ger\u00e7ek olan t\u00fcm k\u0131zlar\u0131m\u0131z\u0131n hayallerinin zirvesine ula\u015fmas\u0131 i\u00e7in <strong>g\u00f6stermemiz gereken emek, harcad\u0131\u011f\u0131m\u0131z zaman<\/strong> ve <strong>g\u00fc\u00e7l\u00fc umudumuzdu<\/strong>. Zor anlar\u0131mda yola \u00e7\u0131k\u0131\u015f amac\u0131m\u0131, t\u00fcm TEV k\u0131z \u00f6\u011frencilerini d\u00fc\u015f\u00fcnd\u00fcm. Ki\u015fisel olarak TEV ile el ele ba\u015flatt\u0131\u011f\u0131m bu kampanyada \u015fu an <strong>6 k\u0131z meslek lisesi \u00f6\u011frencisi<\/strong>nin <strong>4 y\u0131ll\u0131k bursunu<\/strong> kar\u015f\u0131layacak miktara ula\u015ft\u0131k. Bu<strong> destek fonu<\/strong> a\u00e7\u0131k kalacak. Ba\u015fkalar\u0131 da bu fon i\u00e7in t\u0131rman\u0131\u015f yapabilecek. \u0130lk hedef bu say\u0131y\u0131 art\u0131r\u0131p <strong>10 k\u0131z \u00f6\u011frenciye<\/strong> burs sa\u011flayabilmek\u201d<\/em> dedi.<\/p>\n<p><strong>TEV E\u011fitimli K\u0131zlar \u0130\u00e7in Zirveye Burs Fonu<\/strong>na <strong>ba\u011f\u0131\u015f yapmak<\/strong> i\u00e7in: <a href=\"https:\/\/bagis.tev.org.tr\/burs-fonu-bagisi?q=94549&amp;k=88583\" target=\"_blank\" rel=\"noopener\">https:\/\/bagis.tev.org.tr\/burs-fonu-bagisi?q=94549&amp;k=88583<\/a>\u00a0adresini ziyaret edebilirsiniz.<\/p>","protected":false},"excerpt":{"rendered":"<p>Sorry, this entry is only available in Turkish. For the sake of viewer convenience, the content is shown below in the alternative language. You may click the link to switch the active language. T\u00fcrk E\u011fitim Vakf\u0131\u2019n\u0131n \u00fcst\u00fcn ba\u015far\u0131 bursu mezun bursiyerlerinden M\u00fcge Naoko G\u00f6n\u00fcl, e\u011fitime eri\u015fimi olmayan k\u0131z \u00f6\u011frencilere destek i\u00e7in Afrika\u2019n\u0131n en y\u00fcksek da\u011f\u0131 [&hellip;]<\/p>\n","protected":false},"author":1,"featured_media":168388,"comment_status":"open","ping_status":"open","sticky":false,"template":"","format":"standard","meta":[],"categories":[53],"tags":[19262,107520,61182],"views":33,"_links":{"self":[{"href":"https:\/\/www.enerjigazetesi.ist\/en\/wp-json\/wp\/v2\/posts\/168384"}],"collection":[{"href":"https:\/\/www.enerjigazetesi.ist\/en\/wp-json\/wp\/v2\/posts"}],"about":[{"href":"https:\/\/www.enerjigazetesi.ist\/en\/wp-json\/wp\/v2\/types\/post"}],"author":[{"embeddable":true,"href":"https:\/\/www.enerjigazetesi.ist\/en\/wp-json\/wp\/v2\/users\/1"}],"replies":[{"embeddable":true,"href":"https:\/\/www.enerjigazetesi.ist\/en\/wp-json\/wp\/v2\/comments?post=168384"}],"version-history":[{"count":0,"href":"https:\/\/www.enerjigazetesi.ist\/en\/wp-json\/wp\/v2\/posts\/168384\/revisions"}],"wp:featuredmedia":[{"embeddable":true,"href":"https:\/\/www.enerjigazetesi.ist\/en\/wp-json\/wp\/v2\/media\/168388"}],"wp:attachment":[{"href":"https:\/\/www.enerjigazetesi.ist\/en\/wp-json\/wp\/v2\/media?parent=168384"}],"wp:term":[{"taxonomy":"category","embeddable":true,"href":"https:\/\/www.enerjigazetesi.ist\/en\/wp-json\/wp\/v2\/categories?post=168384"},{"taxonomy":"post_tag","embeddable":true,"href":"https:\/\/www.enerjigazetesi.ist\/en\/wp-json\/wp\/v2\/tags?post=168384"}],"curies":[{"name":"wp","href":"https:\/\/api.w.org\/{rel}","templated":true}]}}