{"id":16838,"date":"2013-10-25T16:57:19","date_gmt":"2013-10-25T13:57:19","guid":{"rendered":"https:\/\/www.enerjigazetesi.ist\/?p=16838"},"modified":"2013-10-25T16:57:48","modified_gmt":"2013-10-25T13:57:48","slug":"kerkuk-yumurtaliktan-petrol-gecisi-irakin-normallestigi-anlamina-gelir","status":"publish","type":"post","link":"https:\/\/www.enerjigazetesi.ist\/en\/kerkuk-yumurtaliktan-petrol-gecisi-irakin-normallestigi-anlamina-gelir\/","title":{"rendered":"(Turkish) Kerk\u00fck-Yumurtal\u0131k\u2019tan Petrol Ge\u00e7i\u015fi Irak\u2019\u0131n Normalle\u015fti\u011fi Anlam\u0131ndad\u0131r"},"content":{"rendered":"<p class=\"qtranxs-available-languages-message qtranxs-available-languages-message-en\">Sorry, this entry is only available in <a href=\"https:\/\/www.enerjigazetesi.ist\/tr\/wp-json\/wp\/v2\/posts\/16838\" class=\"qtranxs-available-language-link qtranxs-available-language-link-tr\" title=\"Turkish\">Turkish<\/a>. For the sake of viewer convenience, the content is shown below in the alternative language. You may click the link to switch the active language.<\/p><p><strong>Enerji ve Tabii Kaynaklar Bakan\u0131 Taner Y\u0131ld\u0131z, T\u00fcrkiye ile Irak aras\u0131ndaki enerji i\u015fbirli\u011finin \u00f6nemine vurgu yaparak, \u201cKek\u00fck-Yumurtal\u0131k Boru Hatt\u0131\u2019ndan ne kadar ham petrol ge\u00e7erse, d\u00fcnya piyasalar\u0131na ne kadar ham petrol verilirse bu Irak\u2019\u0131n normalle\u015fti\u011fi anlam\u0131na gelir.\u201d dedi.<\/strong><\/p>\n<p>Enerji Bakan\u0131 Y\u0131ld\u0131z, ATO Congresium\u2019da d\u00fczenlenen Uluslararas\u0131 Enerji Kongresi ve Fuar\u0131\u2019na kat\u0131ld\u0131. Burada gazetecilerin g\u00fcndeme ili\u015fkin sorular\u0131n\u0131 cevaplayan Y\u0131ld\u0131z, ge\u00e7ti\u011fimiz g\u00fcn gitti\u011fi G\u00fcney Kore\u2019de yapt\u0131\u011f\u0131 g\u00f6r\u00fc\u015fmelerle ilgili bilgi verdi. Bu \u00fclkede yap\u0131lan D\u00fcnya Enerji Kongresi\u2019nde \u00f6nemli g\u00f6r\u00fc\u015fmeler ger\u00e7ekle\u015ftirdi\u011fini aktaran Y\u0131ld\u0131z, bunlurdan bir tanesinin Merkezi Irak H\u00fck\u00fcmeti Ba\u015fbakan Yard\u0131mc\u0131s\u0131 \u015eehristani ile oldu\u011funu s\u00f6yledi. Enerji Bakan\u0131, bir\u00e7ok konuyu g\u00f6r\u00fc\u015fme imkan\u0131 bulduklar\u0131n\u0131 belirterek, \u015f\u00f6yle konu\u015ftu:<\/p>\n<p>\u201c\u0130ki karde\u015f \u00fclkenin birlikte yapacaklar\u0131 \u00e7ok \u015fey var. \u015eu anda Ba\u011fdat\u2019\u0131n g\u00fcneyinde projelerimiz devam ediyor. \u015eu anda 4 b\u00fcy\u00fck projemiz var. 25 milyar dolarl\u0131k projeni<a href=\"https:\/\/www.enerjigazetesi.ist\/wp-content\/uploads\/2013\/09\/iraktan-kerkuke-ikinci-petrol-boru-hatti-projesi.jpg\"><img loading=\"lazy\" class=\"alignleft size-medium wp-image-15210\" title=\"petrol-boru-hatti\" src=\"https:\/\/www.enerjigazetesi.ist\/wp-content\/uploads\/2013\/09\/iraktan-kerkuke-ikinci-petrol-boru-hatti-projesi-300x182.jpg\" alt=\"\" width=\"300\" height=\"182\" srcset=\"https:\/\/www.enerjigazetesi.ist\/wp-content\/uploads\/2013\/09\/iraktan-kerkuke-ikinci-petrol-boru-hatti-projesi-300x182.jpg 300w, https:\/\/www.enerjigazetesi.ist\/wp-content\/uploads\/2013\/09\/iraktan-kerkuke-ikinci-petrol-boru-hatti-projesi-80x48.jpg 80w, https:\/\/www.enerjigazetesi.ist\/wp-content\/uploads\/2013\/09\/iraktan-kerkuke-ikinci-petrol-boru-hatti-projesi.jpg 424w\" sizes=\"(max-width: 300px) 100vw, 300px\" \/><\/a>n yakla\u015f\u0131k 5,5 milyarl\u0131k k\u0131sm\u0131n\u0131 T\u00fcrkiye y\u00f6netiyor. Hem o projelerin seyri ile alakal\u0131 konu\u015fmalar yapt\u0131k. \u0130\u015fin a\u00e7\u0131\u011f\u0131 Kuzey Irak\u2019la kar\u015f\u0131l\u0131kl\u0131 de\u011ferlendirmelerde bulunduk. S\u00fcrd\u00fcr\u00fclebilir bir politikay\u0131, her ikimizde istedik. Irak\u2019la yapaca\u011f\u0131m\u0131z karde\u015fane projeler, hem iki \u00fclkeye hem de b\u00f6lgeye ciddi katk\u0131lar sa\u011flayacakt\u0131r.<\/p>\n<p>Merkezi h\u00fck\u00fcmet ve Kuzey Irak ile ilgili yap\u0131lan s\u00f6zle\u015fmelerin her birisinin Irak halk\u0131n\u0131n tamam\u0131na ait oldu\u011funu vurgulad\u0131k. Ba\u015f\u0131ndan beri s\u00f6yledi\u011fimiz buydu ve T\u00fcrkiye bunu sistematize eden \u00fclkedir. Biz Irak Anayasas\u0131\u2019n\u0131n kendilerine verdi\u011fi haklar ile ilgili herhangi bir g\u00f6r\u00fc\u015f belirtmiyoruz. E\u011fer kendi aralar\u0131nda y\u00fczde 83\u2032\u00fc Irak\u2019\u0131n, y\u00fczde 17\u2032si Kuzey Irak\u2019\u0131n denmi\u015flerse, biz bununla alakal\u0131 yorum yapmay\u0131z. Sayg\u0131 ile kar\u015f\u0131la\u015f\u0131r\u0131z. Yapt\u0131\u011f\u0131m\u0131z projelerde de dikkate al\u0131r\u0131z. Say\u0131n \u015eehristani ile konu\u015ftuk. \u0130n\u015fallah \u00f6n\u00fcm\u00fczdeki s\u00fcre\u00e7te tekrar bir araya gelece\u011fiz.\u201d<\/p>\n<p>En fazla ham petrol\u00fcn \u0130ran\u2019dan sonra Irak\u2019tan tedarik edildi\u011fini belirten Bakan Y\u0131ld\u0131z, Somo Petrol ile yap\u0131lan ticaretin Kerk\u00fck Yumutral\u0131k Boru Hatt\u0131\u2019n\u0131n i\u015flevinin artt\u0131r\u0131lmas\u0131n\u0131n sa\u011flanmas\u0131na daha da katk\u0131 sa\u011flayaca\u011f\u0131na inand\u0131\u011f\u0131n\u0131 belirtti. Y\u0131ld\u0131z, \u201cMerkezi Irak h\u00fck\u00fcmeti ile aramazda ciddi sorunlar ya\u015fyan\u0131yor gibi bir alg\u0131y\u0131, enerji sekt\u00f6r\u00fc ile alakal\u0131 \u00e7ok fazla sa\u011fl\u0131kl\u0131 bulmuyorum. O a\u00e7\u0131dan bizim merkezi Irak h\u00fck\u00fcmeti ve Kuzey Irak ile ilgili yap\u0131lan de\u011ferlendirmeleri \u00f6n\u00fcm\u00fczdeki d\u00f6nemde artacakt\u0131r. Bunu hep beraber kamuoyu ile payla\u015faca\u011f\u0131z.\u201d ifadelerini kulland\u0131.<\/p>\n<h2>\u201cBoru hatt\u0131n\u0131n yap\u0131m\u0131 Irak\u2019\u0131n sorunudur\u201d<\/h2>\n<p>Bakan Y\u0131ld\u0131z, Irak\u2019ta yap\u0131lacak yeni boru hatt\u0131n\u0131n s\u0131n\u0131r\u0131n hangi taraf\u0131ndan ba\u011flanaca\u011f\u0131n\u0131n sorulmas\u0131 \u00fczerine de \u015funlar\u0131 s\u00f6yledi:<\/p>\n<p>\u201cIrak s\u0131n\u0131r\u0131n\u0131n i\u00e7inde, boru hatlar\u0131ndan hangisi nereye ba\u011flan\u0131r, Irak\u2019\u0131n kendi i\u00e7 sorunudur. Irak\u2019\u0131n i\u00e7indeki projelerle alakal\u0131, \u2018Boru hatt\u0131n\u0131n \u015furadan, buradan ba\u011flanmas\u0131 gerekiyor\u2019 gibi telkinde bulunmam\u0131z s\u00f6z konusu de\u011fildir. \u015eu anda gelen Kerk\u00fck-Yumurtal\u0131k Boru Hatt\u0131\u2019nda Ba\u011fdat\u2019\u0131n petrol\u00fc vard\u0131r, b\u00f6lgenin petrol\u00fc vard\u0131r. Bizim 15 y\u0131ll\u0131k yapt\u0131\u011f\u0131m\u0131z anla\u015fma \u015funu s\u00f6yler: Irak\u2019tan gelen petrol\u00fc Ceyhan\u2019a sa\u011fl\u0131kl\u0131 bir \u015fekilde ileteceksiniz.<\/p>\n<p>Bunun \u00fczerinden de her patrol varinden \u00fczerinize d\u00fc\u015feni alacaks\u0131n\u0131z. Bizim anla\u015fmam\u0131z bunu s\u00f6yl\u00fcyor. O y\u00fczden Irak\u2019\u0131n kendi boru hatt\u0131 ile ilgili yapt\u0131klar\u0131 projelerinin dizayn\u0131na kendileri karar vermektedirler. E\u011fer Kek\u00fck-Yumurtal\u0131k boru hatt\u0131ndan ne kadar ham petrol ge\u00e7erse, d\u00fcnya piyasalar\u0131na ne kadar ham petrol verilirse bu Irak\u2019\u0131n normalle\u015fti\u011fi anlam\u0131na gelir.\u201d<\/p>\n<p>Kaynak: <a href=\"http:\/\/enerjienstitusu.com\/2013\/10\/25\/yildiz-kerkuk-yumurtaliktan-petrol-gecisi-irakin-normallestigi-anlamina-gelir\/\" target=\"_blank\">Enerji Gazetesi<\/a><\/p>","protected":false},"excerpt":{"rendered":"<p>Sorry, this entry is only available in Turkish. For the sake of viewer convenience, the content is shown below in the alternative language. You may click the link to switch the active language.Enerji ve Tabii Kaynaklar Bakan\u0131 Taner Y\u0131ld\u0131z, T\u00fcrkiye ile Irak aras\u0131ndaki enerji i\u015fbirli\u011finin \u00f6nemine vurgu yaparak, \u201cKek\u00fck-Yumurtal\u0131k Boru Hatt\u0131\u2019ndan ne kadar ham petrol [&hellip;]<\/p>\n","protected":false},"author":1,"featured_media":15210,"comment_status":"open","ping_status":"open","sticky":false,"template":"","format":"standard","meta":[],"categories":[53,44],"tags":[9848,2394,63,67,1009,165,9849,9850,945,4416,9847,667,711],"views":411,"_links":{"self":[{"href":"https:\/\/www.enerjigazetesi.ist\/en\/wp-json\/wp\/v2\/posts\/16838"}],"collection":[{"href":"https:\/\/www.enerjigazetesi.ist\/en\/wp-json\/wp\/v2\/posts"}],"about":[{"href":"https:\/\/www.enerjigazetesi.ist\/en\/wp-json\/wp\/v2\/types\/post"}],"author":[{"embeddable":true,"href":"https:\/\/www.enerjigazetesi.ist\/en\/wp-json\/wp\/v2\/users\/1"}],"replies":[{"embeddable":true,"href":"https:\/\/www.enerjigazetesi.ist\/en\/wp-json\/wp\/v2\/comments?post=16838"}],"version-history":[{"count":2,"href":"https:\/\/www.enerjigazetesi.ist\/en\/wp-json\/wp\/v2\/posts\/16838\/revisions"}],"predecessor-version":[{"id":16840,"href":"https:\/\/www.enerjigazetesi.ist\/en\/wp-json\/wp\/v2\/posts\/16838\/revisions\/16840"}],"wp:featuredmedia":[{"embeddable":true,"href":"https:\/\/www.enerjigazetesi.ist\/en\/wp-json\/wp\/v2\/media\/15210"}],"wp:attachment":[{"href":"https:\/\/www.enerjigazetesi.ist\/en\/wp-json\/wp\/v2\/media?parent=16838"}],"wp:term":[{"taxonomy":"category","embeddable":true,"href":"https:\/\/www.enerjigazetesi.ist\/en\/wp-json\/wp\/v2\/categories?post=16838"},{"taxonomy":"post_tag","embeddable":true,"href":"https:\/\/www.enerjigazetesi.ist\/en\/wp-json\/wp\/v2\/tags?post=16838"}],"curies":[{"name":"wp","href":"https:\/\/api.w.org\/{rel}","templated":true}]}}