{"id":16829,"date":"2013-10-25T10:54:48","date_gmt":"2013-10-25T07:54:48","guid":{"rendered":"https:\/\/www.enerjigazetesi.ist\/?p=16829"},"modified":"2021-02-07T12:00:12","modified_gmt":"2021-02-07T09:00:12","slug":"kose-yazisi-turkiyenin-gunesi-degerlendirilmeyi-bekliyor","status":"publish","type":"post","link":"https:\/\/www.enerjigazetesi.ist\/en\/kose-yazisi-turkiyenin-gunesi-degerlendirilmeyi-bekliyor\/","title":{"rendered":"(Turkish) K\u00f6\u015fe Yaz\u0131s\u0131: T\u00fcrkiye&#8217;nin G\u00fcne\u015fi De\u011ferlendirilmeyi Bekliyor!"},"content":{"rendered":"<p class=\"qtranxs-available-languages-message qtranxs-available-languages-message-en\">Sorry, this entry is only available in <a href=\"https:\/\/www.enerjigazetesi.ist\/tr\/wp-json\/wp\/v2\/posts\/16829\" class=\"qtranxs-available-language-link qtranxs-available-language-link-tr\" title=\"Turkish\">Turkish<\/a>. For the sake of viewer convenience, the content is shown below in the alternative language. You may click the link to switch the active language.<\/p><p><\/p>\n<h1><strong>Her d\u00f6nemin kendine \u00f6zg\u00fc zorluklar\u0131 ve sorunlar\u0131 vard\u0131r. Ya\u015fad\u0131\u011f\u0131m\u0131z \u00e7a\u011f\u0131n en b\u00fcy\u00fck sorunlar\u0131ndan birisi &#8211; \u00f6zellikle \u00fclkemizi do\u011frudan etkileyen &#8211; enerji ihtiyac\u0131n\u0131 kar\u015f\u0131lamakt\u0131r.<\/strong><\/h1>\n<p>Bu g\u00fcne kadar bu ihtiyac\u0131 kar\u015f\u0131lamak i\u00e7in kulland\u0131\u011f\u0131m\u0131z enerji \u00fcretme y\u00f6ntemlerinin \u00e7o\u011fu gerek \u00e7evreye, gerekse insanlara ciddi boyutlarda zarar vermi\u015ftir. \u00d6zellikle <strong>20&#8217;inci y\u00fczy\u0131lda<\/strong> ac\u0131mas\u0131z ve neye mal olursa olsun<strong> \u00fcretmek<\/strong> ve<strong> kar etmek g\u00fcd\u00fcs\u00fcyle<\/strong> yap\u0131lan saik hatalar \u00e7evreye ve insanl\u0131\u011fa onar\u0131lamaz zararlar verdi\u011finden, \u00fclkeler insanl\u0131\u011fa <strong>daha temiz bir d\u00fcnya<\/strong> sunmalar\u0131 i\u00e7in yenilenebilir enerji kaynaklar\u0131n\u0131 kullanmak zorunda kalm\u0131\u015ft\u0131r.<\/p>\n<p>Bu hususta <strong>birincil kaynaklar<\/strong> a\u00e7\u0131s\u0131ndan b\u00fcy\u00fck oranda <strong>d\u0131\u015fa ba\u011f\u0131ml\u0131<\/strong> olan, k\u00f6m\u00fcrlerinin \u0131s\u0131l <img loading=\"lazy\" class=\"alignleft wp-image-128810\" src=\"https:\/\/www.enerjigazetesi.ist\/wp-content\/uploads\/2013\/10\/kose-yazisi-turkiyenin-gunesi-degerlendirilmeyi-bekliyor.jpg\" alt=\"\" width=\"340\" height=\"227\" srcset=\"https:\/\/www.enerjigazetesi.ist\/wp-content\/uploads\/2013\/10\/kose-yazisi-turkiyenin-gunesi-degerlendirilmeyi-bekliyor.jpg 959w, https:\/\/www.enerjigazetesi.ist\/wp-content\/uploads\/2013\/10\/kose-yazisi-turkiyenin-gunesi-degerlendirilmeyi-bekliyor-300x200.jpg 300w, https:\/\/www.enerjigazetesi.ist\/wp-content\/uploads\/2013\/10\/kose-yazisi-turkiyenin-gunesi-degerlendirilmeyi-bekliyor-768x513.jpg 768w, https:\/\/www.enerjigazetesi.ist\/wp-content\/uploads\/2013\/10\/kose-yazisi-turkiyenin-gunesi-degerlendirilmeyi-bekliyor-500x334.jpg 500w, https:\/\/www.enerjigazetesi.ist\/wp-content\/uploads\/2013\/10\/kose-yazisi-turkiyenin-gunesi-degerlendirilmeyi-bekliyor-75x50.jpg 75w, https:\/\/www.enerjigazetesi.ist\/wp-content\/uploads\/2013\/10\/kose-yazisi-turkiyenin-gunesi-degerlendirilmeyi-bekliyor-450x300.jpg 450w\" sizes=\"(max-width: 340px) 100vw, 340px\" \/>de\u011ferlerinin d\u00fc\u015f\u00fck oldu\u011fu, hidrolik kaynaklar\u0131n\u0131n t\u00fcm\u00fcn\u00fcn de\u011ferlendirmesi durumunda bile di\u011fer kaynaklardan <strong>\u00fcretilen elektri\u011fe ihtiya\u00e7 duyaca\u011f\u0131<\/strong> \u00f6ng\u00f6r\u00fclen T\u00fcrkiye\u2019nin, <strong>enerjiyi en verimli bi\u00e7imde<\/strong> <strong>\u00fcretmesi, iletmesi ve t\u00fcketmesi<\/strong> ve bunu yaparken <strong>yenilenebilir enerji kaynaklar\u0131n\u0131<\/strong> azami derecede kullanmas\u0131 gerekti\u011fi a\u00e7\u0131kt\u0131r.<\/p>\n<p>Artan <strong>ekonomik<\/strong> ve<strong> politik g\u00fcc\u00fc<\/strong> ile d\u00fcnyada \u00f6nemli bir s\u00f6z sahibi olan <strong>T\u00fcrkiye<\/strong>, enerji konusunda d\u0131\u015fa ba\u011f\u0131ml\u0131l\u0131\u011f\u0131 ile ciddi bir sorun ya\u015fad\u0131\u011f\u0131 i\u00e7in <strong>enerji politikas\u0131nda<\/strong>\u00a0uzun vadeli enerji stratejileri saptamakta, buna ili\u015fkin \u00e7al\u0131\u015fmalar\u0131n\u0131 yap\u0131p; ekonomi, \u00e7evre ve d\u0131\u015f politika gibi sahalar\u0131n \u00e7\u0131karlar\u0131n\u0131 g\u00f6zetip bilin\u00e7li ve kararl\u0131 ad\u0131mlar atmaktad\u0131r. Fakat T\u00fcrkiye\u2019nin artan n\u00fcfusu ve sanayisindeki b\u00fcy\u00fcmeye paralel olarak fosil kaynaklar\u0131 a\u00e7\u0131s\u0131ndan d\u0131\u015fa ba\u011f\u0131ml\u0131l\u0131\u011f\u0131 ilerleyen y\u0131llar i\u00e7inde artaca\u011f\u0131 g\u00f6z \u00f6n\u00fcne al\u0131nd\u0131\u011f\u0131nda, bu ad\u0131mlar\u0131 atarken yenilenebilir enerji kaynaklar\u0131n\u0131n kullan\u0131m\u0131n\u0131 ve enerji verimlili\u011fini \u00f6n planda tutmal\u0131d\u0131r.<\/p>\n<p><strong>T\u00fcrkiye\u2019de elektrik enerjisinin verimli t\u00fcketildi\u011fini<\/strong> s\u00f6ylemek m\u00fcmk\u00fcn de\u011fildir. Elektrik da\u011f\u0131t\u0131m\u0131nda ya\u015fanan kay\u0131p ve ka\u00e7aklar elektrik sarfiyat\u0131n\u0131 art\u0131rarak enerji ihtiyac\u0131n\u0131 art\u0131r\u0131rken, ka\u00e7ak kullan\u0131c\u0131lar\u0131n a\u015f\u0131r\u0131 ve pervas\u0131z t\u00fcketimleri de milli sermayemizi zarara u\u011fratmaktad\u0131r. Bu anlamda konuyu b\u00fct\u00fcn\u00fcyle ele alan ve geni\u015f de\u011ferlendirmeler yaparak T\u00fcrkiye\u2019nin durumunu ara\u015ft\u0131ran \u00e7al\u0131\u015fmalar\u0131n say\u0131s\u0131 yok denecek kadar azd\u0131r. Bu y\u00fczden T\u00fcrkiye ama\u00e7lanan enerji istikbalini olu\u015fturabilmek i\u00e7in; \u00f6ncelikle al\u0131\u015fkanl\u0131klar\u0131n\u0131n de\u011fi\u015fmesi gerekti\u011finin bilinciyle, me\u015fgul oldu\u011fu enerji verimlili\u011fi, yenilenebilir enerji yat\u0131r\u0131mlar\u0131n\u0131n yan\u0131na; enerji verimlili\u011fi k\u00fclt\u00fcr\u00fcn\u00fcn olu\u015fmas\u0131 i\u00e7in \u00e7al\u0131\u015fmalar eklemelidir.<\/p>\n<p>\u00d6te yandan <strong>yenilenebilir enerji kaynaklar\u0131n\u0131n kullan\u0131m\u0131n\u0131n<\/strong> yayg\u0131nla\u015fmas\u0131n\u0131 yava\u015flatan en \u00f6nemli nedenlerden birisi; elektrik iletim \u015febekesinde yenilenebilir enerji kaynaklar\u0131yla \u00fcretilen enerjiyi ta\u015f\u0131mak i\u00e7in gerekli altyap\u0131 de\u011fi\u015fikliklerinin hen\u00fcz yap\u0131lmam\u0131\u015f olmas\u0131d\u0131r. Gerekli olan altyap\u0131 \u00e7al\u0131\u015fmalar\u0131 yap\u0131lmazsa; uzun vadede T\u00fcrkiye fosil yak\u0131t fiyatlar\u0131n\u0131n <strong>art\u0131\u015f\u0131na duyarl\u0131<\/strong> ve<strong> ithal enerji kaynaklar\u0131na mahk\u00fbm<\/strong> olacakt\u0131r. Bu da <strong>enerjide arz g\u00fcvenli\u011finin<\/strong> istenilen seviyeye gelemeyece\u011finin g\u00f6stergesidir. <strong>G\u00fcne\u015f enerjisinden<\/strong> su \u0131s\u0131tma konusunda <strong>\u00c7in\u2019den<\/strong> sonra <strong>2&#8217;inci s\u0131rada<\/strong> bulunan ve resmi verilere g\u00f6re ortalama y\u0131ll\u0131k toplam g\u00fcne\u015flenme s\u00fcresi <strong>2.640 saat<\/strong> (g\u00fcnl\u00fck toplam 7,2 saat) ve g\u00fcne\u015f enerjisi potansiyeli <strong>380 milyar kWh\/y\u0131l<\/strong> olan T\u00fcrkiye\u2019nin g\u00fcne\u015f enerjisi sekt\u00f6r\u00fcnde <strong>daha h\u0131zl\u0131<\/strong> ve<strong> kararl\u0131 hareket etmesi<\/strong> gerekiyor.<\/p>\n<p>Yazan: Engin DEN\u0130Z &#8211; Enerji Sistemleri M\u00fchendisi \/ Enerji Gazetesi<\/p>\n<p>Yay\u0131nc\u0131: <a href=\"https:\/\/www.enerjigazetesi.ist\" target=\"_blank\" rel=\"noopener\">Enerji Gazetesi<\/a><\/p>","protected":false},"excerpt":{"rendered":"<p>Sorry, this entry is only available in Turkish. For the sake of viewer convenience, the content is shown below in the alternative language. You may click the link to switch the active language. Her d\u00f6nemin kendine \u00f6zg\u00fc zorluklar\u0131 ve sorunlar\u0131 vard\u0131r. Ya\u015fad\u0131\u011f\u0131m\u0131z \u00e7a\u011f\u0131n en b\u00fcy\u00fck sorunlar\u0131ndan birisi &#8211; \u00f6zellikle \u00fclkemizi do\u011frudan etkileyen &#8211; enerji ihtiyac\u0131n\u0131 [&hellip;]<\/p>\n","protected":false},"author":1,"featured_media":128810,"comment_status":"open","ping_status":"open","sticky":false,"template":"","format":"standard","meta":[],"categories":[51,53,49],"tags":[5070,52259,53157,57125,54979,3803,5844],"views":934,"_links":{"self":[{"href":"https:\/\/www.enerjigazetesi.ist\/en\/wp-json\/wp\/v2\/posts\/16829"}],"collection":[{"href":"https:\/\/www.enerjigazetesi.ist\/en\/wp-json\/wp\/v2\/posts"}],"about":[{"href":"https:\/\/www.enerjigazetesi.ist\/en\/wp-json\/wp\/v2\/types\/post"}],"author":[{"embeddable":true,"href":"https:\/\/www.enerjigazetesi.ist\/en\/wp-json\/wp\/v2\/users\/1"}],"replies":[{"embeddable":true,"href":"https:\/\/www.enerjigazetesi.ist\/en\/wp-json\/wp\/v2\/comments?post=16829"}],"version-history":[{"count":2,"href":"https:\/\/www.enerjigazetesi.ist\/en\/wp-json\/wp\/v2\/posts\/16829\/revisions"}],"predecessor-version":[{"id":16831,"href":"https:\/\/www.enerjigazetesi.ist\/en\/wp-json\/wp\/v2\/posts\/16829\/revisions\/16831"}],"wp:featuredmedia":[{"embeddable":true,"href":"https:\/\/www.enerjigazetesi.ist\/en\/wp-json\/wp\/v2\/media\/128810"}],"wp:attachment":[{"href":"https:\/\/www.enerjigazetesi.ist\/en\/wp-json\/wp\/v2\/media?parent=16829"}],"wp:term":[{"taxonomy":"category","embeddable":true,"href":"https:\/\/www.enerjigazetesi.ist\/en\/wp-json\/wp\/v2\/categories?post=16829"},{"taxonomy":"post_tag","embeddable":true,"href":"https:\/\/www.enerjigazetesi.ist\/en\/wp-json\/wp\/v2\/tags?post=16829"}],"curies":[{"name":"wp","href":"https:\/\/api.w.org\/{rel}","templated":true}]}}