{"id":168288,"date":"2023-01-31T12:27:38","date_gmt":"2023-01-31T09:27:38","guid":{"rendered":"https:\/\/www.enerjigazetesi.ist\/?p=168288"},"modified":"2023-01-31T12:31:44","modified_gmt":"2023-01-31T09:31:44","slug":"yesil-hidrojen-enerjisa-uretim-in-bandirma-ussu-nde-uretilecek","status":"publish","type":"post","link":"https:\/\/www.enerjigazetesi.ist\/en\/yesil-hidrojen-enerjisa-uretim-in-bandirma-ussu-nde-uretilecek\/","title":{"rendered":"(Turkish) &#8217;Ye\u015fil Hidrojen&#8217; Enerjisa \u00dcretim\u2019in Band\u0131rma \u00dcss\u00fc\u2019nde \u00dcretilecek"},"content":{"rendered":"<p class=\"qtranxs-available-languages-message qtranxs-available-languages-message-en\">Sorry, this entry is only available in <a href=\"https:\/\/www.enerjigazetesi.ist\/tr\/wp-json\/wp\/v2\/posts\/168288\" class=\"qtranxs-available-language-link qtranxs-available-language-link-tr\" title=\"Turkish\">Turkish<\/a>. For the sake of viewer convenience, the content is shown below in the alternative language. You may click the link to switch the active language.<\/p><p><\/p>\n<h2><strong>T\u00fcrkiye\u2019nin ilk Hidrojen Vadisi\u2019nin ye\u015fil hidrojeni, T\u00fcrkiye\u2019de ye\u015fil hidrojen kullan\u0131m\u0131n\u0131n \u00f6nc\u00fclerinden Enerjisa \u00dcretim\u2019in Band\u0131rma \u00dcss\u00fc\u2019nde \u00fcretilecek. G\u00fcney Marmara Kalk\u0131nma Ajans\u0131\u2019n\u0131n koordinat\u00f6r oldu\u011fu, Enerjisa \u00dcretim ile birlikte yerli ve yabanc\u0131 16 payda\u015f\u0131n yer ald\u0131\u011f\u0131 ve 36,8 milyon Euro b\u00fct\u00e7eye sahip Avrupa Birli\u011fi (AB) projesi onayland\u0131. <\/strong><strong>T\u00fcrkiye\u2019nin ilk Hidrojen Vadisi\u2019nin hayata ge\u00e7irilece\u011fi \u201cG\u00fcney Marmara Hidrojen K\u0131y\u0131s\u0131 Vadi Projesi\u201d kapsam\u0131nda Enerjisa \u00dcretim Band\u0131rma Enerji \u00dcss\u00fc\u2019nde y\u0131ll\u0131k minimum 500 ton ye\u015fil hidrojen \u00fcretilecek.<\/strong><\/h2>\n<p>G\u00fcney Marmara Kalk\u0131nma Ajans\u0131\u2019n\u0131n koordinat\u00f6r oldu\u011fu, <strong>Enerjisa \u00dcretim<\/strong> ve <strong>Sabanc\u0131 \u00dcniversitesi<img loading=\"lazy\" class=\"alignright wp-image-168291\" src=\"https:\/\/www.enerjigazetesi.ist\/wp-content\/uploads\/2023\/01\/yesil-hidrojen-enerjisa-uretim-in-bandirma-ussu-nde-uretilecek.jpg\" alt=\"\" width=\"320\" height=\"213\" srcset=\"https:\/\/www.enerjigazetesi.ist\/wp-content\/uploads\/2023\/01\/yesil-hidrojen-enerjisa-uretim-in-bandirma-ussu-nde-uretilecek.jpg 550w, https:\/\/www.enerjigazetesi.ist\/wp-content\/uploads\/2023\/01\/yesil-hidrojen-enerjisa-uretim-in-bandirma-ussu-nde-uretilecek-300x200.jpg 300w, https:\/\/www.enerjigazetesi.ist\/wp-content\/uploads\/2023\/01\/yesil-hidrojen-enerjisa-uretim-in-bandirma-ussu-nde-uretilecek-500x333.jpg 500w, https:\/\/www.enerjigazetesi.ist\/wp-content\/uploads\/2023\/01\/yesil-hidrojen-enerjisa-uretim-in-bandirma-ussu-nde-uretilecek-75x50.jpg 75w, https:\/\/www.enerjigazetesi.ist\/wp-content\/uploads\/2023\/01\/yesil-hidrojen-enerjisa-uretim-in-bandirma-ussu-nde-uretilecek-450x300.jpg 450w\" sizes=\"(max-width: 320px) 100vw, 320px\" \/><\/strong> ile birlikte yerli ve yabanc\u0131 16 payda\u015f\u0131n yer ald\u0131\u011f\u0131 ve<strong> 36,8 milyon Euro<\/strong> b\u00fct\u00e7eye sahip <strong>Avrupa Birli\u011fi (AB) projesi<\/strong> ile <strong>T\u00fcrkiye\u2019nin ilk Hidrojen Vadisi<\/strong> hayata ge\u00e7irilecek. <strong>\u201cG\u00fcney Marmara Hidrojen K\u0131y\u0131s\u0131\u201d<\/strong> Vadi Projesi kapsam\u0131nda y\u0131ll\u0131k minimum <strong>500 ton ye\u015fil hidrojen<\/strong>, T\u00fcrkiye\u2019nin ilk ye\u015fil hidrojen tesisinin kurulmas\u0131na \u00f6nc\u00fcl\u00fck eden <strong>Enerjisa \u00dcretim<\/strong>\u2019in <strong>Bal\u0131kesir Band\u0131rma\u2019daki Enerji \u00dcss\u00fc\u2019nde<\/strong> \u00fcretilecek. Enerjisa \u00dcretim\u2019in 2022 y\u0131l\u0131ndan bu yana <strong>ye\u015fil hidrojen \u00fcretti\u011fi<\/strong> ve kulland\u0131\u011f\u0131 <strong>Band\u0131rma Enerji \u00dcss\u00fc<\/strong>\u2019nde <strong>Hidrojen Vadisi<\/strong> i\u00e7in <strong>500 ton ye\u015fil hidrojen<\/strong> \u00fcretilecek.<\/p>\n<h3>HEDEF YERL\u0130 KAYNAKLARLA YE\u015e\u0130L \u00dcRET\u0130M<\/h3>\n<p>G\u00fcney Marmara Hidrojen K\u0131y\u0131s\u0131 Platformu\u2019nun ilk somut ad\u0131mlar\u0131ndan birisi olacak bu proje ile sadece ye\u015fil hidrojen \u00fcretimine de\u011fil t\u00fcrevlerinin \u00fcretimine de odaklan\u0131lacak. Proje ile ayr\u0131ca T\u00fcrkiye\u2019nin ithalat\u0131na ba\u011f\u0131ml\u0131 oldu\u011fu <strong>metanol<\/strong> ve <strong>amonyak<\/strong> gibi<strong> hidrojen t\u00fcrevlerini<\/strong> ye\u015fil y\u00f6ntemlerle ve kendi kaynaklar\u0131yla \u00fcretmek, bu kapsamda da fizibilite \u00e7al\u0131\u015fmalar\u0131n\u0131 ger\u00e7ekle\u015ftirmek de hedefleniyor. Ayn\u0131 zamanda proje kapsam\u0131nda Bal\u0131kesir\u2019de <strong>Sodyum Bor Hidr\u00fcr Tesisi<\/strong> yat\u0131r\u0131m\u0131 yap\u0131larak <strong>bor mineralinin hidrojen depolamadaki<\/strong> avantajlar\u0131 ile enerji sekt\u00f6r\u00fcne sa\u011flam bir ad\u0131m atmas\u0131 sa\u011flanacak ve d\u00fcnya rezervlerinin y\u00fczde 73\u2019\u00fcn\u00fc bar\u0131nd\u0131ran T\u00fcrkiye\u2019de bor, hidrojen ekonomisinde \u00f6nemli bir yer tutacak. Toplam 5 y\u0131l s\u00fcrecek <strong>\u201cG\u00fcney Marmara Hidrojen K\u0131y\u0131s\u0131\u201d<\/strong> Vadi Projesi\u2019nde, Avrupa Komisyonu taraf\u0131ndan sa\u011flanan hibe deste\u011fi <strong>8 milyon Euro<\/strong> olacak.<\/p>\n<p>Koordinat\u00f6rl\u00fc\u011f\u00fcn\u00fc <strong>G\u00fcney Marmara Kalk\u0131nma Ajans\u0131<\/strong>\u2019n\u0131n yapt\u0131\u011f\u0131 projede,<em> Sabanc\u0131 \u00dcniversitesi, Enerjisa Enerji \u00dcretim A.\u015e, Kaleseramik Canakkale Kalebodur Seramik Sanayi A.\u015e, \u015ei\u015fecam, ET\u0130 Maden, T\u00fcrk-Alman \u00dcniversitesi, Linde Gaz A.\u015e, Band\u0131rma On yedi Eyl\u00fcl \u00dcniversitesi, Hidrojen Peroksit A.\u015e, Universite Mohammed Vi Polytechnique, Alma Mater Studiorum, Software AG (SAG), PwC Yeminli Mali M\u00fcsavirlik A.\u015e, TENMAK ve T\u00dcB\u0130TAK<\/em> proje orta\u011f\u0131 olarak yer al\u0131yor.<\/p>","protected":false},"excerpt":{"rendered":"<p>Sorry, this entry is only available in Turkish. For the sake of viewer convenience, the content is shown below in the alternative language. You may click the link to switch the active language. T\u00fcrkiye\u2019nin ilk Hidrojen Vadisi\u2019nin ye\u015fil hidrojeni, T\u00fcrkiye\u2019de ye\u015fil hidrojen kullan\u0131m\u0131n\u0131n \u00f6nc\u00fclerinden Enerjisa \u00dcretim\u2019in Band\u0131rma \u00dcss\u00fc\u2019nde \u00fcretilecek. G\u00fcney Marmara Kalk\u0131nma Ajans\u0131\u2019n\u0131n koordinat\u00f6r oldu\u011fu, [&hellip;]<\/p>\n","protected":false},"author":1,"featured_media":168291,"comment_status":"open","ping_status":"open","sticky":false,"template":"","format":"standard","meta":[],"categories":[53],"tags":[107494,107495,107496,107493,93116],"views":138,"_links":{"self":[{"href":"https:\/\/www.enerjigazetesi.ist\/en\/wp-json\/wp\/v2\/posts\/168288"}],"collection":[{"href":"https:\/\/www.enerjigazetesi.ist\/en\/wp-json\/wp\/v2\/posts"}],"about":[{"href":"https:\/\/www.enerjigazetesi.ist\/en\/wp-json\/wp\/v2\/types\/post"}],"author":[{"embeddable":true,"href":"https:\/\/www.enerjigazetesi.ist\/en\/wp-json\/wp\/v2\/users\/1"}],"replies":[{"embeddable":true,"href":"https:\/\/www.enerjigazetesi.ist\/en\/wp-json\/wp\/v2\/comments?post=168288"}],"version-history":[{"count":0,"href":"https:\/\/www.enerjigazetesi.ist\/en\/wp-json\/wp\/v2\/posts\/168288\/revisions"}],"wp:featuredmedia":[{"embeddable":true,"href":"https:\/\/www.enerjigazetesi.ist\/en\/wp-json\/wp\/v2\/media\/168291"}],"wp:attachment":[{"href":"https:\/\/www.enerjigazetesi.ist\/en\/wp-json\/wp\/v2\/media?parent=168288"}],"wp:term":[{"taxonomy":"category","embeddable":true,"href":"https:\/\/www.enerjigazetesi.ist\/en\/wp-json\/wp\/v2\/categories?post=168288"},{"taxonomy":"post_tag","embeddable":true,"href":"https:\/\/www.enerjigazetesi.ist\/en\/wp-json\/wp\/v2\/tags?post=168288"}],"curies":[{"name":"wp","href":"https:\/\/api.w.org\/{rel}","templated":true}]}}