{"id":168268,"date":"2023-01-31T11:23:43","date_gmt":"2023-01-31T08:23:43","guid":{"rendered":"https:\/\/www.enerjigazetesi.ist\/?p=168268"},"modified":"2023-01-31T11:31:57","modified_gmt":"2023-01-31T08:31:57","slug":"medcem-cimento-yesil-donusum-projeleri-nin-bilgisini-paylasti","status":"publish","type":"post","link":"https:\/\/www.enerjigazetesi.ist\/en\/medcem-cimento-yesil-donusum-projeleri-nin-bilgisini-paylasti\/","title":{"rendered":"(Turkish) &#8217;Medcem \u00c7imento&#8217; Ye\u015fil D\u00f6n\u00fc\u015f\u00fcm Projelerinin Bilgisini Payla\u015ft\u0131"},"content":{"rendered":"<p class=\"qtranxs-available-languages-message qtranxs-available-languages-message-en\">Sorry, this entry is only available in <a href=\"https:\/\/www.enerjigazetesi.ist\/tr\/wp-json\/wp\/v2\/posts\/168268\" class=\"qtranxs-available-language-link qtranxs-available-language-link-tr\" title=\"Turkish\">Turkish<\/a>. For the sake of viewer convenience, the content is shown below in the alternative language. You may click the link to switch the active language.<\/p><p><\/p>\n<h2><strong>Eren Holding\u2019in i\u015ftiraki olan ve T\u00fcrkiye ve Avrupa\u2019n\u0131n en b\u00fcy\u00fck \u00e7imento fabrikas\u0131na sahip Medcem \u00c7imento, s\u00fcrd\u00fcr\u00fclebilir bir gelecek ve ye\u015fil bir d\u00fcnya i\u00e7in \u00fcretim, y\u00f6neti\u015fim ve \u00e7al\u0131\u015fma prensiplerinin yer ald\u0131\u011f\u0131 2021 y\u0131l\u0131na ait ilk S\u00fcrd\u00fcr\u00fclebilirlik Raporu\u2019nu yay\u0131nlad\u0131.<\/strong><\/h2>\n<p>S\u00fcrd\u00fcr\u00fclebilir bir gelecek ve ye\u015fil bir d\u00fcnya i\u00e7in \u00fcretim, y\u00f6neti\u015fim ve \u00e7al\u0131\u015fma prensiplerinin yer ald\u0131\u011f\u0131 <img loading=\"lazy\" class=\"alignright wp-image-168270\" src=\"https:\/\/www.enerjigazetesi.ist\/wp-content\/uploads\/2023\/01\/medcem-surdurulebilirlik-raporu.jpg\" alt=\"\" width=\"320\" height=\"227\" srcset=\"https:\/\/www.enerjigazetesi.ist\/wp-content\/uploads\/2023\/01\/medcem-surdurulebilirlik-raporu.jpg 550w, https:\/\/www.enerjigazetesi.ist\/wp-content\/uploads\/2023\/01\/medcem-surdurulebilirlik-raporu-300x213.jpg 300w, https:\/\/www.enerjigazetesi.ist\/wp-content\/uploads\/2023\/01\/medcem-surdurulebilirlik-raporu-500x355.jpg 500w, https:\/\/www.enerjigazetesi.ist\/wp-content\/uploads\/2023\/01\/medcem-surdurulebilirlik-raporu-71x50.jpg 71w\" sizes=\"(max-width: 320px) 100vw, 320px\" \/>ilk S\u00fcrd\u00fcr\u00fclebilirlik Raporu\u2019nun yay\u0131nlayan<strong> Medcem \u00c7imento<\/strong>,<strong> iklim krizi ile m\u00fccadele<\/strong> ve <strong>karbon n\u00f6tr<\/strong> olma hedefi kapsam\u0131nda \u00f6nemli ad\u0131mlar att\u0131. \u0130klim kriziyle m\u00fccadele kapsam\u0131nda, 2053 Net S\u0131f\u0131r Emisyon ve Ye\u015fil Kalk\u0131nma hedefini ger\u00e7ekle\u015ftirmek i\u00e7in <strong>yenilenebilir enerji \u00fcretimi<\/strong> konusunda \u00e7al\u0131\u015fmalar\u0131na h\u0131z veren Medcem \u00c7imento, 2022 y\u0131l\u0131nda devreye ald\u0131\u011f\u0131<strong> 9.95 MW GES (G\u00fcne\u015f Enerjisi Sistemi) yat\u0131r\u0131m\u0131<\/strong> ile <strong>ye\u015fil \u00fcretim<\/strong> anlam\u0131nda \u00f6nemli bir ad\u0131m atm\u0131\u015ft\u0131. Medcem \u00c7imento, ye\u015fil enerjiye yapt\u0131\u011f\u0131 yat\u0131r\u0131mlarla k\u00fcresel pazardaki rekabet g\u00fcc\u00fcn\u00fc art\u0131rmay\u0131 hedefliyor.<\/p>\n<h3><strong>\u201cKurumsal karbon ve su ayak izi \u00e7al\u0131\u015fmalar\u0131m\u0131z\u0131 tamamlad\u0131k\u201d<\/strong><\/h3>\n<p>2021 y\u0131l\u0131nda \u201cConcrete Sustainability Council\u201d kurulu\u015fundan Beton ve Tedarik Zinciri \u0130\u00e7in Kaynaklar\u0131n Sorumlu Kullan\u0131m Belgesi\u2019ni almaya hak kazand\u0131klar\u0131n\u0131 dile getiren <strong>Medcem \u00c7imento Genel M\u00fcd\u00fcr\u00fc Murat Kahya<\/strong>, H\u00fck\u00fcmetleraras\u0131 \u0130klim De\u011fi\u015fikli\u011fi Paneli (IPCC)\u2019nin D\u00f6rd\u00fcnc\u00fc De\u011ferlendirme Raporu\u2019nu i\u015faret ederek T\u00fcrkiye\u2019nin de dahil oldu\u011fu G\u00fcney Avrupa\u2019da k\u00fcresel iklim krizi sebebiyle daha s\u0131k ve \u015fiddetli kurakl\u0131klar, orman yang\u0131nlar\u0131, s\u0131cak hava dalgalar\u0131n\u0131n artaca\u011f\u0131n\u0131 s\u00f6yledi. Medcem \u00c7imento olarak bu bilin\u00e7 ve sorumlulukla hareket ettiklerini, 2021 y\u0131l\u0131nda kurumsal karbon ve su ayak izi \u00e7al\u0131\u015fmalar\u0131n\u0131 tamamlad\u0131klar\u0131n\u0131 ifade eden <strong>Kahya<\/strong>,<em> \u201c\u0130klim odakl\u0131 risklerimizi stratejik \u015fekilde de\u011ferlendirerek hedeflerimizi belirledi\u011fimiz ve ilgili aksiyonlar\u0131m\u0131z\u0131 ald\u0131\u011f\u0131m\u0131z bir sene ge\u00e7irdik. D\u00f6ng\u00fcsel i\u015f modelini oda\u011f\u0131m\u0131za alarak 4 k\u0131ta ve 20\u2019den fazla \u00fclkeye ger\u00e7ekle\u015ftirdi\u011fimiz ihracat\u0131m\u0131zla 2021 y\u0131l\u0131nda ba\u015far\u0131l\u0131 finansal sonu\u00e7lar elde ettik, bir \u00f6nceki y\u0131la g\u00f6re ciromuzu <strong>%46,7<\/strong> artt\u0131rd\u0131k. Ye\u015fil ekonomiye ge\u00e7i\u015f s\u00fcrecimizde yapt\u0131\u011f\u0131m\u0131z yat\u0131r\u0131mlar\u0131m\u0131zla birlikte giderlerimiz bir \u00f6nceki y\u0131la k\u0131yasla <strong>%51,3<\/strong> art\u0131\u015f g\u00f6sterdi. Bu ba\u015far\u0131l\u0131 faaliyetlerimizin sonucu olarak ge\u00e7ti\u011fimiz y\u0131la oranla 2021 y\u0131l\u0131nda net gelirimizi <strong>%30,6<\/strong> oran\u0131nda artt\u0131rmay\u0131 ba\u015fard\u0131k.\u201d<\/em> dedi.<\/p>\n<h3><strong>\u201cK\u00fcresel pazardaki rekabet g\u00fcc\u00fcm\u00fcz\u00fc art\u0131raca\u011f\u0131z\u201d <\/strong><\/h3>\n<p>\u0130klim kriziyle m\u00fccadele kapsam\u0131nda, 2053 Net S\u0131f\u0131r Emisyon ve Ye\u015fil Kalk\u0131nma hedeflerimizi ger\u00e7ekle\u015ftirmek i\u00e7in yenilenebilir enerji \u00fcretimi konusunda \u00e7al\u0131\u015fmalar\u0131na h\u0131z verdiklerini belirten Kahya, \u201cBu y\u0131l, 2022 y\u0131l\u0131nda devreye ald\u0131\u011f\u0131m\u0131z <strong>9.95 MW GES (G\u00fcne\u015f Enerjisi Sistemi)<\/strong> yat\u0131r\u0131m\u0131m\u0131z\u0131n temelini att\u0131k. Ayr\u0131ca 2022 y\u0131l\u0131nda yat\u0131r\u0131m \u00e7al\u0131\u015fmas\u0131na ba\u015flad\u0131\u011f\u0131m\u0131z <strong>40 MW<\/strong>\u2019lik<strong> RES (R\u00fczg\u00e2r Enerjisi Sistemi)<\/strong> ve 2023 y\u0131l\u0131nda \u00e7al\u0131\u015fmas\u0131na ba\u015flayaca\u011f\u0131m\u0131z <strong>ilave 30 MW GES<\/strong> (G\u00fcne\u015f Enerjisi Sistemi) projelerimiz bulunuyor. Bilindi\u011fi \u00fczere <strong>Avrupa Ye\u015fil Mutabakat\u0131<\/strong>\u2019nda 2030 y\u0131l\u0131 AB sera gaz\u0131 emisyonlar\u0131n\u0131n <strong>%55<\/strong> azalt\u0131lmas\u0131 ve 2050 y\u0131l\u0131na kadar <strong>karbon n\u00f6tr k\u0131ta hedefleri<\/strong> bulunuyor. Bununla birlikte sekt\u00f6r\u00fcm\u00fcz <strong>S\u0131n\u0131rda Karbon Mekanizmas\u0131n\u0131n<\/strong> uygulanaca\u011f\u0131 <strong>5 pilot faz sekt\u00f6rden biri i\u00e7erisinde<\/strong> yer al\u0131yor. Bunlar\u0131n etkisiyle ba\u015flad\u0131\u011f\u0131m\u0131z ye\u015fil enerjiye yapt\u0131\u011f\u0131m\u0131z yat\u0131r\u0131mlar\u0131m\u0131z sayesinde k\u00fcresel pazardaki rekabet g\u00fcc\u00fcm\u00fcz\u00fc artt\u0131rmay\u0131 hedefliyoruz. Uluslararas\u0131 alandaki ba\u015far\u0131m\u0131z\u0131 s\u00fcrd\u00fcr\u00fclebilir k\u0131lmay\u0131 hedefleyerek \u00e7\u0131kt\u0131\u011f\u0131m\u0131z yolculu\u011fumuzda, titizlikle y\u00f6netti\u011fimiz <strong>\u00e7evresel, sosyal ve ekonomik performans\u0131m\u0131z\u0131n<\/strong> \u00f6zeti olan ilk s\u00fcrd\u00fcr\u00fclebilirlik raporumuzu sizlerle payla\u015fmaktan mutluluk duyuyoruz.\u201d ifadelerini kulland\u0131.<\/p>","protected":false},"excerpt":{"rendered":"<p>Sorry, this entry is only available in Turkish. For the sake of viewer convenience, the content is shown below in the alternative language. You may click the link to switch the active language. Eren Holding\u2019in i\u015ftiraki olan ve T\u00fcrkiye ve Avrupa\u2019n\u0131n en b\u00fcy\u00fck \u00e7imento fabrikas\u0131na sahip Medcem \u00c7imento, s\u00fcrd\u00fcr\u00fclebilir bir gelecek ve ye\u015fil bir d\u00fcnya [&hellip;]<\/p>\n","protected":false},"author":1,"featured_media":168270,"comment_status":"open","ping_status":"open","sticky":false,"template":"","format":"standard","meta":[],"categories":[53,52,49,50],"tags":[431,52510,1247,105618,430,4033,1296,2482,428],"views":75,"_links":{"self":[{"href":"https:\/\/www.enerjigazetesi.ist\/en\/wp-json\/wp\/v2\/posts\/168268"}],"collection":[{"href":"https:\/\/www.enerjigazetesi.ist\/en\/wp-json\/wp\/v2\/posts"}],"about":[{"href":"https:\/\/www.enerjigazetesi.ist\/en\/wp-json\/wp\/v2\/types\/post"}],"author":[{"embeddable":true,"href":"https:\/\/www.enerjigazetesi.ist\/en\/wp-json\/wp\/v2\/users\/1"}],"replies":[{"embeddable":true,"href":"https:\/\/www.enerjigazetesi.ist\/en\/wp-json\/wp\/v2\/comments?post=168268"}],"version-history":[{"count":0,"href":"https:\/\/www.enerjigazetesi.ist\/en\/wp-json\/wp\/v2\/posts\/168268\/revisions"}],"wp:featuredmedia":[{"embeddable":true,"href":"https:\/\/www.enerjigazetesi.ist\/en\/wp-json\/wp\/v2\/media\/168270"}],"wp:attachment":[{"href":"https:\/\/www.enerjigazetesi.ist\/en\/wp-json\/wp\/v2\/media?parent=168268"}],"wp:term":[{"taxonomy":"category","embeddable":true,"href":"https:\/\/www.enerjigazetesi.ist\/en\/wp-json\/wp\/v2\/categories?post=168268"},{"taxonomy":"post_tag","embeddable":true,"href":"https:\/\/www.enerjigazetesi.ist\/en\/wp-json\/wp\/v2\/tags?post=168268"}],"curies":[{"name":"wp","href":"https:\/\/api.w.org\/{rel}","templated":true}]}}