{"id":168257,"date":"2023-01-31T10:29:02","date_gmt":"2023-01-31T07:29:02","guid":{"rendered":"https:\/\/www.enerjigazetesi.ist\/?p=168257"},"modified":"2023-01-31T10:29:02","modified_gmt":"2023-01-31T07:29:02","slug":"oedas-2inci-surdurulebilirlik-raporunu-yayimladi","status":"publish","type":"post","link":"https:\/\/www.enerjigazetesi.ist\/en\/oedas-2inci-surdurulebilirlik-raporunu-yayimladi\/","title":{"rendered":"(Turkish) Oeda\u015f 2&#8217;inci S\u00fcrd\u00fcr\u00fclebilirlik Raporunu Yay\u0131mlad\u0131"},"content":{"rendered":"<p class=\"qtranxs-available-languages-message qtranxs-available-languages-message-en\">Sorry, this entry is only available in <a href=\"https:\/\/www.enerjigazetesi.ist\/tr\/wp-json\/wp\/v2\/posts\/168257\" class=\"qtranxs-available-language-link qtranxs-available-language-link-tr\" title=\"Turkish\">Turkish<\/a>. For the sake of viewer convenience, the content is shown below in the alternative language. You may click the link to switch the active language.<\/p><p><\/p>\n<h2><strong>OEDA\u015e<\/strong><strong>, ekonomik, \u00e7evresel ve sosyal performans\u0131n\u0131 payla\u015ft\u0131\u011f\u0131 2. S\u00fcrd\u00fcr\u00fclebilirlik Raporunu yay\u0131mlad\u0131. \u015eirket bu raporla birlikte elektrik da\u011f\u0131t\u0131m sekt\u00f6r\u00fcnde s\u00fcrd\u00fcr\u00fclebilirlik raporu yay\u0131mlayan ilk ve tek \u015firket olma unvan\u0131n\u0131 korudu.<\/strong><\/h2>\n<p><em>Afyonkarahisar, Bilecik, Eski\u015fehir, K\u00fctahya ve U\u015fak<\/em> illerinin <strong>elektrik da\u011f\u0131t\u0131m hizmetini<\/strong> sa\u011flayan <strong>Osmangazi Elektrik Da\u011f\u0131t\u0131m A.\u015e (OEDA\u015e)<\/strong>, 2. S\u00fcrd\u00fcr\u00fclebilirlik Raporunu yay\u0131mlad\u0131. Rapor ile OEDA\u015e\u2019\u0131n 2021 y\u0131l\u0131ndaki ekonomik, \u00e7evresel ve sosyal performans\u0131 payda\u015flar ve kamuoyuna sunuldu. OEDA\u015e bu rapor ile T\u00fcrkiye genelinde faaliyet g\u00f6steren 21 elektrik da\u011f\u0131t\u0131m \u015firketi aras\u0131nda <img loading=\"lazy\" class=\"alignright wp-image-168261\" src=\"https:\/\/www.enerjigazetesi.ist\/wp-content\/uploads\/2023\/01\/oedas-2inci-surdurulebilirlik-raporunu-yayimladi-2.jpg\" alt=\"\" width=\"300\" height=\"301\" srcset=\"https:\/\/www.enerjigazetesi.ist\/wp-content\/uploads\/2023\/01\/oedas-2inci-surdurulebilirlik-raporunu-yayimladi-2.jpg 478w, https:\/\/www.enerjigazetesi.ist\/wp-content\/uploads\/2023\/01\/oedas-2inci-surdurulebilirlik-raporunu-yayimladi-2-300x300.jpg 300w, https:\/\/www.enerjigazetesi.ist\/wp-content\/uploads\/2023\/01\/oedas-2inci-surdurulebilirlik-raporunu-yayimladi-2-150x150.jpg 150w, https:\/\/www.enerjigazetesi.ist\/wp-content\/uploads\/2023\/01\/oedas-2inci-surdurulebilirlik-raporunu-yayimladi-2-398x400.jpg 398w, https:\/\/www.enerjigazetesi.ist\/wp-content\/uploads\/2023\/01\/oedas-2inci-surdurulebilirlik-raporunu-yayimladi-2-50x50.jpg 50w, https:\/\/www.enerjigazetesi.ist\/wp-content\/uploads\/2023\/01\/oedas-2inci-surdurulebilirlik-raporunu-yayimladi-2-100x100.jpg 100w\" sizes=\"(max-width: 300px) 100vw, 300px\" \/>s\u00fcrd\u00fcr\u00fclebilirlik raporu yay\u0131mlayan ilk ve tek \u015firket olma unvan\u0131n\u0131 da korudu.<\/p>\n<h3><strong>Fuat Celepci: \u201cGelece\u011fin enerji sistemleri i\u00e7in \u00e7al\u0131\u015f\u0131yoruz\u201d<\/strong><\/h3>\n<p>Raporun kapsad\u0131\u011f\u0131 2021 y\u0131l\u0131nda pandeminin etkilerinin azalmas\u0131yla birlikte d\u00fcnya genelinde imalat sanayi ve hizmet sekt\u00f6r\u00fcnde operasyonlar\u0131n yeniden canland\u0131\u011f\u0131n\u0131 hat\u0131rlatan <strong>OEDA\u015e Genel M\u00fcd\u00fcr\u00fc Fuat Celepci, <\/strong><em>\u201cBunun neticesinde artan elektrik talebini, g\u00fcvenli ve s\u00fcrd\u00fcr\u00fclebilir bir \u015fekilde kar\u015f\u0131lamak i\u00e7in \u015febeke yat\u0131r\u0131mlar\u0131m\u0131za aral\u0131ks\u0131z olarak devam ettik. <strong>Ar-Ge, dijitalle\u015fme, inovasyon<\/strong> oda\u011f\u0131nda, gelece\u011fin enerji sistemlerine y\u00f6nelik \u00e7al\u0131\u015fmalar\u0131m\u0131z\u0131 da s\u00fcrd\u00fcrd\u00fck. T\u00fcm bunlar\u0131n yan\u0131 s\u0131ra d\u00f6ng\u00fcsel ekonomiyi destekleyen uygulamalar\u0131m\u0131z\u0131, <strong>d\u00fc\u015f\u00fck karbon ekonomisine<\/strong> <strong>ge\u00e7i\u015f<\/strong> ve <strong>iklim de\u011fi\u015fikli\u011fi<\/strong> ile m\u00fccadele kapsam\u0131ndaki \u00e7al\u0131\u015fmalar\u0131m\u0131z\u0131, olu\u015fturdu\u011fumuz g\u00fcvenli, sa\u011fl\u0131kl\u0131 ve \u00e7al\u0131\u015fma ortam\u0131n\u0131 \u015feffaf bir \u015fekilde payda\u015flar\u0131m\u0131za sunarak, performans\u0131m\u0131z\u0131 daha ileriye g\u00f6t\u00fcrmeye odakland\u0131k\u201d<\/em> dedi.<\/p>\n<h3><strong>\u201cS\u00fcrd\u00fcr\u00fclebilir de\u011fer \u00fcretmeyi hedefliyoruz\u201d<\/strong><\/h3>\n<p>Elektrik da\u011f\u0131t\u0131m sekt\u00f6r\u00fcnde \u00fcst d\u00fczey bir i\u015f modeli \u00f6rne\u011fi sergileyerek s\u00fcrd\u00fcr\u00fclebilir de\u011fer \u00fcretmeyi hedeflediklerini s\u00f6yleyen <strong>Celepci <\/strong>\u015f\u00f6yle devam etti; <em>\u201cS\u00fcrd\u00fcr\u00fclebilirlik raporumuz ile de\u011ferlerimizi ve s\u00fcrd\u00fcr\u00fclebilirlik vizyonumuzu yans\u0131t\u0131rken bu konulara dair hedef, strateji ve ilerlemelerimizi \u015feffaf ve sorumlu bir perspektifle sunuyoruz. Her y\u0131l d\u00fczenli olarak yay\u0131mlamaya devam edece\u011fimiz bu \u00e7al\u0131\u015fma ile sekt\u00f6r\u00fcm\u00fcze \u00f6rnek te\u015fkil etmekten mutluluk duyuyoruz.\u201d<\/em><\/p>\n<h3><strong>50 bin kilometrekarede 51 bin kilometrenin \u00fczerinde faal da\u011f\u0131t\u0131m hatt\u0131<\/strong><\/h3>\n<p>2. S\u00fcrd\u00fcr\u00fclebilirlik Raporuna g\u00f6re; OEDA\u015e 2021 y\u0131l\u0131 sonu itibar\u0131yla hizmet verdi\u011fi be\u015f ildeki yakla\u015f\u0131k 50 bin kilometrekarelik alanda<strong> 51 bin 383 km<\/strong> faal da\u011f\u0131t\u0131m hatt\u0131na ula\u015ft\u0131. Bu hatlardan da\u011f\u0131t\u0131lan enerji miktar\u0131 <strong>7 bin 441 TWh (terawatt saat)<\/strong> oldu. Tedarik arz\u0131nda iyile\u015ftirme yapmak amac\u0131yla yap\u0131lan yat\u0131r\u0131mlar kapsam\u0131nda 2021 y\u0131l\u0131nda 88 proje ile 200 km\u2019si yer alt\u0131, 210 km\u2019si ise k\u00f6y \u015febekesi olmak \u00fczere toplamda 616 km hatt\u0131n tesis yap\u0131m ve enerjilendirilme \u00e7al\u0131\u015fmas\u0131 ger\u00e7ekle\u015ftirildi.<\/p>\n<h3><strong>Uzaktan m\u00fcdahale ile sera gaz\u0131 sal\u0131m\u0131 azalt\u0131ld\u0131, at\u0131klar ekonomiye kazand\u0131r\u0131ld\u0131<\/strong><\/h3>\n<p>OEDA\u015e karbonsuzla\u015fma hedeflerine ula\u015fmak i\u00e7in 2021 y\u0131l\u0131nda da dijitalle\u015fme ve ak\u0131ll\u0131 teknoloji \u00e7\u00f6z\u00fcmlerini hayata ge\u00e7irmeye devam etti. <strong>SCADA sisteminin<\/strong> ar\u0131zalara uzaktan m\u00fcdahale imkan\u0131 sa\u011flamas\u0131 sayesinde 2021 y\u0131l\u0131nda ekip ara\u00e7lar\u0131n\u0131n kat etmesi gereken 13 bin 468 km yolun ve 2.080 ton karbon e\u015fde\u011feri sera gaz\u0131 sal\u0131m\u0131n\u0131n \u00f6n\u00fcne ge\u00e7ildi. \u015eirket ayr\u0131ca 2021 y\u0131l\u0131nda, toplam elektrik da\u011f\u0131t\u0131m\u0131 <strong>y\u00fczde 9,8<\/strong> artmas\u0131na ra\u011fmen emisyon yo\u011funlu\u011funu <strong>y\u00fczde 2,4 azaltma<\/strong> ba\u015far\u0131s\u0131 g\u00f6sterdi. \u00c7al\u0131\u015fanlar\u0131n\u0131n g\u00f6n\u00fcll\u00fc kat\u0131l\u0131m\u0131yla kent ormanlar\u0131 ve mesire alanlar\u0131nda <strong>\u00e7\u00f6p toplama etkinlikleri<\/strong> d\u00fczenleyen OEDA\u015e, <strong>dikti\u011fi fidanlarla da<\/strong> do\u011faya katk\u0131 sunmay\u0131 s\u00fcrd\u00fcrd\u00fc.<\/p>\n<p>\u00d6te yandan at\u0131k y\u00f6netimi ile 2021 y\u0131l\u0131nda bir \u00f6nceki y\u0131la k\u0131yasla tehlikeli at\u0131klarda y\u00fczde 27,4, tehlikesiz at\u0131klarda y\u00fczde 48 azalt\u0131m sa\u011fland\u0131. 2020 y\u0131l\u0131ndan itibaren <strong>&#8216;Temel Seviye S\u0131f\u0131r At\u0131k Belgesi<\/strong>\u2019ne sahip olan OEDA\u015e, 2021 y\u0131l\u0131 i\u00e7erisinde toplam <strong>18 bin 278 kg<\/strong> <strong>k\u00e2\u011f\u0131t, plastik, cam, metal, kar\u0131\u015f\u0131k at\u0131k ve evsel at\u0131\u011f\u0131 da<\/strong> ekonomiye kazand\u0131rd\u0131.<\/p>\n<h3><strong>Toplumsal Cinsiyet E\u015fitli\u011fi Program\u0131\u2019na uluslararas\u0131 \u00f6d\u00fcl<\/strong><\/h3>\n<p>Kad\u0131n istihdam\u0131n\u0131n az oldu\u011fu enerji sekt\u00f6r\u00fcnde toplumsal cinsiyet e\u015fitli\u011fi alan\u0131nda fark\u0131ndal\u0131k yaratmak amac\u0131yla 2019 y\u0131l\u0131nda hayata ge\u00e7irilen <strong>Toplumsal Cinsiyet E\u015fitli\u011fi Program\u0131<\/strong>, 2021 y\u0131l\u0131nda uluslararas\u0131 bir \u00f6d\u00fcle lay\u0131k g\u00f6r\u00fcld\u00fc. OEDA\u015e bu program ile Avrupa \u0130mar ve Kalk\u0131nma Bankas\u0131 (EBRD) S\u00fcrd\u00fcr\u00fclebilirlik \u00d6d\u00fclleri\u2019nde g\u00fcm\u00fc\u015f madalya kazand\u0131. 2021 y\u0131l\u0131 itibar\u0131yla OEDA\u015e\u2019\u0131n beyaz yaka kad\u0131n \u00e7al\u0131\u015fan oran\u0131 da y\u00fczde 30\u2019a y\u00fckseldi.<\/p>\n<p>2021 y\u0131l\u0131nda <strong>ilk\u00f6\u011fretim, meslek lisesi ve \u00fcniversitelerde<\/strong> toplumsal cinsiyet e\u015fitli\u011fine dair fark\u0131ndal\u0131k yaratmak amac\u0131yla \u00e7e\u015fitli \u00e7al\u0131\u015fmalar yapan, lise ve \u00fcniversite \u00f6\u011frencileri i\u00e7in ise <strong>staj<\/strong> ve <strong>mentorluk programlar\u0131<\/strong> ba\u015flatan OEDA\u015e, bu y\u0131l da<strong> EBRD<\/strong> i\u015f birli\u011fiyle <strong>meslek liselerinde<\/strong> ba\u015flataca\u011f\u0131 <strong>yeni program\u0131<\/strong> \u00f6n\u00fcm\u00fczdeki g\u00fcnlerde ba\u015fl\u0131yor.<\/p>\n<p><strong>OEDA\u015e\u2019\u0131n 2. S\u00fcrd\u00fcr\u00fclebilirlik Raporunun tamam\u0131na a\u015fa\u011f\u0131daki link \u00fczerinden eri\u015filebilir:<\/strong><\/p>\n<p><a href=\"https:\/\/www.osmangaziedas.com.tr\/CMSFiles\/file\/oedas-surdurulebilirlik-raporu-2021.pdf\" target=\"_blank\" rel=\"noopener\">https:\/\/www.osmangaziedas.com.tr\/CMSFiles\/file\/oedas-surdurulebilirlik-raporu-2021.pdf<\/a><\/p>","protected":false},"excerpt":{"rendered":"<p>Sorry, this entry is only available in Turkish. For the sake of viewer convenience, the content is shown below in the alternative language. You may click the link to switch the active language. OEDA\u015e, ekonomik, \u00e7evresel ve sosyal performans\u0131n\u0131 payla\u015ft\u0131\u011f\u0131 2. S\u00fcrd\u00fcr\u00fclebilirlik Raporunu yay\u0131mlad\u0131. \u015eirket bu raporla birlikte elektrik da\u011f\u0131t\u0131m sekt\u00f6r\u00fcnde s\u00fcrd\u00fcr\u00fclebilirlik raporu yay\u0131mlayan ilk [&hellip;]<\/p>\n","protected":false},"author":1,"featured_media":168260,"comment_status":"open","ping_status":"open","sticky":false,"template":"","format":"standard","meta":[],"categories":[51,53],"tags":[107489,15016,7471,872],"views":38,"_links":{"self":[{"href":"https:\/\/www.enerjigazetesi.ist\/en\/wp-json\/wp\/v2\/posts\/168257"}],"collection":[{"href":"https:\/\/www.enerjigazetesi.ist\/en\/wp-json\/wp\/v2\/posts"}],"about":[{"href":"https:\/\/www.enerjigazetesi.ist\/en\/wp-json\/wp\/v2\/types\/post"}],"author":[{"embeddable":true,"href":"https:\/\/www.enerjigazetesi.ist\/en\/wp-json\/wp\/v2\/users\/1"}],"replies":[{"embeddable":true,"href":"https:\/\/www.enerjigazetesi.ist\/en\/wp-json\/wp\/v2\/comments?post=168257"}],"version-history":[{"count":0,"href":"https:\/\/www.enerjigazetesi.ist\/en\/wp-json\/wp\/v2\/posts\/168257\/revisions"}],"wp:featuredmedia":[{"embeddable":true,"href":"https:\/\/www.enerjigazetesi.ist\/en\/wp-json\/wp\/v2\/media\/168260"}],"wp:attachment":[{"href":"https:\/\/www.enerjigazetesi.ist\/en\/wp-json\/wp\/v2\/media?parent=168257"}],"wp:term":[{"taxonomy":"category","embeddable":true,"href":"https:\/\/www.enerjigazetesi.ist\/en\/wp-json\/wp\/v2\/categories?post=168257"},{"taxonomy":"post_tag","embeddable":true,"href":"https:\/\/www.enerjigazetesi.ist\/en\/wp-json\/wp\/v2\/tags?post=168257"}],"curies":[{"name":"wp","href":"https:\/\/api.w.org\/{rel}","templated":true}]}}