{"id":168250,"date":"2023-01-31T10:07:59","date_gmt":"2023-01-31T07:07:59","guid":{"rendered":"https:\/\/www.enerjigazetesi.ist\/?p=168250"},"modified":"2023-01-31T10:08:14","modified_gmt":"2023-01-31T07:08:14","slug":"arta-tekstil-surdurulebilirlik-ilkesi-dogrultusunda-ges-kuruyor","status":"publish","type":"post","link":"https:\/\/www.enerjigazetesi.ist\/en\/arta-tekstil-surdurulebilirlik-ilkesi-dogrultusunda-ges-kuruyor\/","title":{"rendered":"ARTA Tekstil s\u00fcrd\u00fcr\u00fclebilirlik ilkesi do\u011frultusunda GES kuruyor"},"content":{"rendered":"<p class=\"qtranxs-available-languages-message qtranxs-available-languages-message-en\">Sorry, this entry is only available in <a href=\"https:\/\/www.enerjigazetesi.ist\/tr\/wp-json\/wp\/v2\/posts\/168250\" class=\"qtranxs-available-language-link qtranxs-available-language-link-tr\" title=\"Turkish\">Turkish<\/a>. For the sake of viewer convenience, the content is shown below in the alternative language. You may click the link to switch the active language.<\/p><p><\/p>\n<h2><strong>\u00c7evreye ve do\u011faya sayg\u0131l\u0131, s\u00fcrd\u00fcr\u00fclebilir \u00fcretim anlay\u0131\u015f\u0131 \u00e7er\u00e7evesinde hizmet veren ARTA Tekstil; \u00c7orlu Velime\u015fe Organize Sanayi B\u00f6lgesi\u2019ndeki fabrikas\u0131n\u0131n elektrik ihtiyac\u0131n\u0131 yenilenebilir g\u00fcne\u015f enerjisi ile kar\u015f\u0131lamak amac\u0131yla G\u00fcne\u015f Enerji Santrali kuruyor. \u015eubat ay\u0131nda ba\u015flayacak \u00e7al\u0131\u015fmalar\u0131n A\u011fustos 2023\u2019te tamamlanmas\u0131 planlan\u0131yor.<\/strong><\/h2>\n<p>&nbsp;<\/p>\n<h3><strong>ARTA Tekstil elektri\u011fini g\u00fcne\u015ften kar\u015f\u0131layacak<\/strong><\/h3>\n<p>Temiz ve sa\u011fl\u0131kl\u0131 bir \u00e7evrenin gelecek nesillere aktar\u0131labilmesi ve s\u00fcrd\u00fcr\u00fclebilirli\u011fin sa\u011flanmas\u0131 i\u00e7in t\u00fcm \u00fcretim s\u00fcre\u00e7lerinde kapsaml\u0131 bir \u00e7evre y\u00f6netimi uygulayan ARTA Tekstil, kuraca\u011f\u0131 G\u00fcne\u015f Enerji Santrali (GES) ile de do\u011faya katk\u0131 sunmaya devam ediyor. Yakla\u015f\u0131k 9 milyon dolarl\u0131k yat\u0131r\u0131mla Yozgat\u2019\u0131n Yerk\u00f6y il\u00e7esinde 110 bin metrekare alan \u00fczerine konu\u015flanan projenin A\u011fustos 2023\u2019te tamamlanmas\u0131 <img loading=\"lazy\" class=\"alignright wp-image-168254\" src=\"https:\/\/www.enerjigazetesi.ist\/wp-content\/uploads\/2023\/01\/ArtaTekstil_KurucuOrtagi_ArifNalbant_Gorsel.jpg\" alt=\"\" width=\"300\" height=\"416\" srcset=\"https:\/\/www.enerjigazetesi.ist\/wp-content\/uploads\/2023\/01\/ArtaTekstil_KurucuOrtagi_ArifNalbant_Gorsel.jpg 346w, https:\/\/www.enerjigazetesi.ist\/wp-content\/uploads\/2023\/01\/ArtaTekstil_KurucuOrtagi_ArifNalbant_Gorsel-216x300.jpg 216w, https:\/\/www.enerjigazetesi.ist\/wp-content\/uploads\/2023\/01\/ArtaTekstil_KurucuOrtagi_ArifNalbant_Gorsel-288x400.jpg 288w, https:\/\/www.enerjigazetesi.ist\/wp-content\/uploads\/2023\/01\/ArtaTekstil_KurucuOrtagi_ArifNalbant_Gorsel-36x50.jpg 36w\" sizes=\"(max-width: 300px) 100vw, 300px\" \/>planlan\u0131yor. Yeni GES yat\u0131r\u0131mlar\u0131 ile ilgili a\u00e7\u0131klamada bulunan <strong>ARTA Tekstil kurucu orta\u011f\u0131 <\/strong><strong>Arif Nalbant<\/strong>, <em>\u201cKuruldu\u011fumuz g\u00fcnden bu yana \u00e7evreye duyarl\u0131 bir anlay\u0131\u015fla hareket ediyoruz. Kurmakta oldu\u011fumuz <strong>G\u00fcne\u015f Enerji Santrali (GES)<\/strong> de karbon ayak izimizi azaltarak, gelecek nesillere daha ya\u015fan\u0131labilir bir d\u00fcnya b\u0131rakma hedefimize \u00f6nemli bir katk\u0131 sunacak\u201d<\/em> dedi.<\/p>\n<h3><strong>S\u00fcrd\u00fcr\u00fclebilir bir d\u00fcnya i\u00e7in<\/strong><\/h3>\n<p>Ger\u00e7ekle\u015ftirdikleri G\u00fcne\u015f Enerji Santrali (GES) yat\u0131r\u0131m\u0131 ile \u00c7orlu <strong>Velime\u015fe Organize Sanayi B\u00f6lgesi\u2019nde (OSB)<\/strong> bulunan fabrikalar\u0131n\u0131n elektrik t\u00fcketiminin tamam\u0131n\u0131 s\u0131f\u0131r karbon sal\u0131n\u0131m\u0131 ile yenilenebilir g\u00fcne\u015f enerji santrali \u00fczerinden kar\u015f\u0131lamay\u0131 planlad\u0131klar\u0131n\u0131 s\u00f6yleyen <strong>Arif Nalbant<\/strong>, <em>\u201c\u00c7orlu Velime\u015fe OSB\u2019de bulunan fabrikam\u0131z\u0131n elektrik ihtiyac\u0131n\u0131 kar\u015f\u0131lamak amac\u0131yla <strong>9 milyon dolarl\u0131k yat\u0131r\u0131mla<\/strong> <strong>YEO Teknoloji Enerji ve End\u00fcstri A.\u015e.<\/strong> ile i\u015f birli\u011fi yaparak G\u00fcne\u015f Enerji Santrali (GES) kuruyoruz. \u0130lgili belge ve izin i\u015flemlerimizi b\u00fcy\u00fck oranda tamamlad\u0131k. \u00dclkemizin enerjide d\u0131\u015fa ba\u011f\u0131ml\u0131l\u0131\u011f\u0131n\u0131n azalt\u0131lmas\u0131na katk\u0131da bulunacak santralimizde yerli \u00fcretim g\u00fcne\u015f panelleri kullanaca\u011f\u0131z. Bug\u00fcne kadar \u00fcretim s\u00fcre\u00e7lerimizde hep s\u00fcrd\u00fcr\u00fclebilirlik odakl\u0131 \u00e7al\u0131\u015fm\u0131\u015ft\u0131k, art\u0131k kulland\u0131\u011f\u0131m\u0131z enerjinin de d\u00fc\u015f\u00fck karbon sal\u0131n\u0131ml\u0131, yenilenebilir, \u00e7evreye sayg\u0131l\u0131 y\u00f6ntemlerle \u00fcretilmesini ama\u00e7l\u0131yoruz. <strong>Is\u0131l enerjimizin y\u00fczde 40<\/strong>\u2019\u0131n\u0131 <strong>yenilenebilir biyok\u00fctle<\/strong> ile sa\u011fl\u0131yorduk. GES\u2019i devreye al\u0131nca elektrik t\u00fcketimimizi y\u00fczde 100 oran\u0131nda yenilenebilir, s\u0131f\u0131r karbon sal\u0131ml\u0131 g\u00fcne\u015f enerjisinden sa\u011flayaca\u011f\u0131z. Enerji ve su t\u00fcketimi y\u00fcksek bir sekt\u00f6rde faaliyet g\u00f6steren ve d\u00fcnyan\u0131n gelece\u011fini \u00f6nemseyen bir firmay\u0131z. \u00c7evresel etkimizi en aza indirme karar\u0131m\u0131z do\u011frultusunda, <strong>su ve enerji tasarrufu<\/strong> sa\u011flayan <strong>kontrol teknolojileri, baca gaz\u0131<\/strong> ve<strong> at\u0131k sudan \u0131s\u0131 geri kazan\u0131m sistemleri<\/strong> kurmaya ve operasyonel verimlili\u011fimizi art\u0131rmak i\u00e7in yat\u0131r\u0131mlar yapmaya devam edece\u011fiz\u201d<\/em> dedi.<\/p>\n<h3><strong>A\u011fustos 2023\u2019te tamamlanacak<\/strong><\/h3>\n<p>Yerli g\u00fcne\u015f panelleri kullan\u0131larak olu\u015fturulacak G\u00fcne\u015f Enerji Santrali (GES) yat\u0131r\u0131m\u0131nda ilk panel<strong> Mart 2023\u2019te<\/strong> yerle\u015ftirilecek. Y\u0131lda <strong>16 milyon kWh<\/strong>\u2019\u0131n \u00fczerinde temiz enerji \u00fcretmesi beklenen tesisin <strong>A\u011fustos 2023\u2019te<\/strong> tamamlanmas\u0131 planlan\u0131yor. ARTA Tekstil yapt\u0131\u011f\u0131 bu yat\u0131r\u0131mla \u00c7orlu Velime\u015fe Organize Sanayi B\u00f6lgesi\u2019nde (OSB) bulunan <strong>fabrikas\u0131n\u0131n t\u00fcm elektrik ihtiyac\u0131n\u0131 GES \u00fczerinden kar\u015f\u0131lamay\u0131<\/strong> planl\u0131yor. Firma, yaz aylar\u0131nda santralde olu\u015fan \u00fcretim fazlas\u0131 elektri\u011fi ise \u015febekeye verecek.<\/p>","protected":false},"excerpt":{"rendered":"<p>Sorry, this entry is only available in Turkish. For the sake of viewer convenience, the content is shown below in the alternative language. You may click the link to switch the active language. \u00c7evreye ve do\u011faya sayg\u0131l\u0131, s\u00fcrd\u00fcr\u00fclebilir \u00fcretim anlay\u0131\u015f\u0131 \u00e7er\u00e7evesinde hizmet veren ARTA Tekstil; \u00c7orlu Velime\u015fe Organize Sanayi B\u00f6lgesi\u2019ndeki fabrikas\u0131n\u0131n elektrik ihtiyac\u0131n\u0131 yenilenebilir g\u00fcne\u015f [&hellip;]<\/p>\n","protected":false},"author":1,"featured_media":168255,"comment_status":"open","ping_status":"open","sticky":false,"template":"","format":"standard","meta":[],"categories":[51,53,49],"tags":[107366,107488,47770],"views":63,"_links":{"self":[{"href":"https:\/\/www.enerjigazetesi.ist\/en\/wp-json\/wp\/v2\/posts\/168250"}],"collection":[{"href":"https:\/\/www.enerjigazetesi.ist\/en\/wp-json\/wp\/v2\/posts"}],"about":[{"href":"https:\/\/www.enerjigazetesi.ist\/en\/wp-json\/wp\/v2\/types\/post"}],"author":[{"embeddable":true,"href":"https:\/\/www.enerjigazetesi.ist\/en\/wp-json\/wp\/v2\/users\/1"}],"replies":[{"embeddable":true,"href":"https:\/\/www.enerjigazetesi.ist\/en\/wp-json\/wp\/v2\/comments?post=168250"}],"version-history":[{"count":0,"href":"https:\/\/www.enerjigazetesi.ist\/en\/wp-json\/wp\/v2\/posts\/168250\/revisions"}],"wp:featuredmedia":[{"embeddable":true,"href":"https:\/\/www.enerjigazetesi.ist\/en\/wp-json\/wp\/v2\/media\/168255"}],"wp:attachment":[{"href":"https:\/\/www.enerjigazetesi.ist\/en\/wp-json\/wp\/v2\/media?parent=168250"}],"wp:term":[{"taxonomy":"category","embeddable":true,"href":"https:\/\/www.enerjigazetesi.ist\/en\/wp-json\/wp\/v2\/categories?post=168250"},{"taxonomy":"post_tag","embeddable":true,"href":"https:\/\/www.enerjigazetesi.ist\/en\/wp-json\/wp\/v2\/tags?post=168250"}],"curies":[{"name":"wp","href":"https:\/\/api.w.org\/{rel}","templated":true}]}}