{"id":168232,"date":"2023-01-30T16:38:24","date_gmt":"2023-01-30T13:38:24","guid":{"rendered":"https:\/\/www.enerjigazetesi.ist\/?p=168232"},"modified":"2023-01-30T16:38:48","modified_gmt":"2023-01-30T13:38:48","slug":"kismet-tekstilden-yenilenebilir-enerjiye-yatirim","status":"publish","type":"post","link":"https:\/\/www.enerjigazetesi.ist\/en\/kismet-tekstilden-yenilenebilir-enerjiye-yatirim\/","title":{"rendered":"(Turkish) Kismet Tekstil&#8217;den Yenilenebilir Enerjiye Yat\u0131r\u0131m"},"content":{"rendered":"<p class=\"qtranxs-available-languages-message qtranxs-available-languages-message-en\">Sorry, this entry is only available in <a href=\"https:\/\/www.enerjigazetesi.ist\/tr\/wp-json\/wp\/v2\/posts\/168232\" class=\"qtranxs-available-language-link qtranxs-available-language-link-tr\" title=\"Turkish\">Turkish<\/a>. For the sake of viewer convenience, the content is shown below in the alternative language. You may click the link to switch the active language.<\/p><p><\/p>\n<h2><strong>20 y\u0131ll\u0131k deneyimiyle Denizli\u2019nin d\u00fcnyaya a\u00e7\u0131lan markalar\u0131ndan biri haline gelen K\u0131smet Tekstil, enerji ihtiyac\u0131n\u0131 \u00e7evreci bir \u00e7\u00f6z\u00fcmle kar\u015f\u0131lamak i\u00e7in yenilenebilir enerjiye yat\u0131r\u0131m yapma karar\u0131 ald\u0131. Bu kapsamda Fokus Enerji ile fabrika \u00e7at\u0131s\u0131na anahtar teslim g\u00fcne\u015f enerji santrali kurulumu anla\u015fmas\u0131 imzalayan firman\u0131n \u00e7at\u0131s\u0131na 110,1 kWp g\u00fcc\u00fcnde g\u00fcne\u015f enerji santralinin kurulumu yap\u0131lacak. <\/strong><\/h2>\n<p>\u0130plikten son \u00fcr\u00fcne kadar t\u00fcm i\u015flemleri tek \u00e7at\u0131 alt\u0131nda toplayabilen, b\u00fcy\u00fck hacimlerde \u00fcretim ger\u00e7ekle\u015ftirmesine olanak sa\u011flayan modern makine parkurlar\u0131yla donat\u0131lm\u0131\u015f \u00fcretim tesisine sahip K\u0131smet Tekstil, bu yat\u0131r\u0131mla birlikte \u00fcretim tesisini ayn\u0131 zamanda do\u011fal kaynaklardan elektrik enerjisi <img loading=\"lazy\" class=\"alignright wp-image-168234\" src=\"https:\/\/www.enerjigazetesi.ist\/wp-content\/uploads\/2023\/01\/kismet-tekstilden-yenilenebilir-enerjiye-yatirim.jpeg\" alt=\"\" width=\"320\" height=\"213\" srcset=\"https:\/\/www.enerjigazetesi.ist\/wp-content\/uploads\/2023\/01\/kismet-tekstilden-yenilenebilir-enerjiye-yatirim.jpeg 1024w, https:\/\/www.enerjigazetesi.ist\/wp-content\/uploads\/2023\/01\/kismet-tekstilden-yenilenebilir-enerjiye-yatirim-300x200.jpeg 300w, https:\/\/www.enerjigazetesi.ist\/wp-content\/uploads\/2023\/01\/kismet-tekstilden-yenilenebilir-enerjiye-yatirim-768x512.jpeg 768w, https:\/\/www.enerjigazetesi.ist\/wp-content\/uploads\/2023\/01\/kismet-tekstilden-yenilenebilir-enerjiye-yatirim-500x333.jpeg 500w, https:\/\/www.enerjigazetesi.ist\/wp-content\/uploads\/2023\/01\/kismet-tekstilden-yenilenebilir-enerjiye-yatirim-75x50.jpeg 75w, https:\/\/www.enerjigazetesi.ist\/wp-content\/uploads\/2023\/01\/kismet-tekstilden-yenilenebilir-enerjiye-yatirim-450x300.jpeg 450w\" sizes=\"(max-width: 320px) 100vw, 320px\" \/>yapabilen bir enerji santraline de \u00e7evirmi\u015f olacak.<\/p>\n<p>\u0130mzalanan anla\u015fman\u0131n ard\u0131ndan, insan sa\u011fl\u0131\u011f\u0131n\u0131 \u00f6n planda tutarak \u00fcretim yapt\u0131klar\u0131n\u0131 ve do\u011faya katk\u0131da bulunma imkan\u0131 yakalad\u0131klar\u0131 i\u00e7in mutluluk duydu\u011funu dile getiren K\u0131smet Tekstil Y\u00f6netim Kurulu Ba\u015fkan\u0131 <strong>Murat Demirer<\/strong>\u2019in konu hakk\u0131ndaki a\u00e7\u0131klamas\u0131 \u015f\u00f6yle oldu: <em>\u201cDenizli\u2019de faaliyet g\u00f6steren fabrikam\u0131z\u0131n \u00e7at\u0131s\u0131na <strong>110,1 kWp<\/strong> g\u00fcc\u00fcnde g\u00fcne\u015f enerjisi santrali kurulumuna <strong>Fokus Enerji<\/strong> ile ba\u015flad\u0131k. T\u00fcketimimizin yakla\u015f\u0131k <strong>%32<\/strong>\u2019sine denk gelecek elektrik enerjisi ihtiyac\u0131m\u0131z\u0131 bu santral ile kar\u015f\u0131lamay\u0131 hedefliyoruz. S\u00fcrd\u00fcr\u00fclebilir bir d\u00fcnyan\u0131n hem toplum hem de \u015firketler i\u00e7in \u00f6nemi g\u00fcn ge\u00e7tikce art\u0131yor. Bu ortak sorunun \u00e7\u00f6z\u00fcm\u00fc i\u00e7in birlikte hareket etmeli ve ta\u015f\u0131n alt\u0131na elimizi koymal\u0131y\u0131z. Bir \u015firket olarak enerji ihtiyac\u0131m\u0131z\u0131 \u00e7evreye duyarl\u0131 ve temiz bir enerji kayna\u011f\u0131 olan g\u00fcne\u015ften sa\u011flamak \u00fczere ad\u0131mlar\u0131m\u0131z\u0131 at\u0131yoruz. Di\u011fer \u015eirketleri de bu s\u00fcrd\u00fcr\u00fclebilirli\u011fe katk\u0131ya davet ediyorum.\u201d<\/em><\/p>\n<p>Anla\u015fma ile ilgili d\u00fc\u015f\u00fcncelerini payla\u015fan<strong> Fokus Enerji GES Projeleri Y\u00f6neticisi \u00d6mer F\u0131nd\u0131k<\/strong>, gelecek nesillere kar\u015f\u0131 sorumlu\u011fumuzu yerine getirmek i\u00e7in do\u011fal kaynaklar\u0131 verimli kullanmam\u0131z\u0131n \u00f6nemine de\u011findi. Yat\u0131r\u0131mlarda <strong>g\u00fcne\u015f kaynakl\u0131 bir \u00fcretimin<\/strong> tercih edilmesi ile <strong>hem do\u011fan\u0131n korundu\u011fu<\/strong> hem de \u00fclke olarak <strong>yerli kaynaklar\u0131m\u0131zdan fayda sa\u011flayabildi\u011fimizi<\/strong> dile getirdi.<\/p>\n<p>Anahtar teslim projeden <strong>137.700,00 kWh<\/strong> olarak hedeflenen <strong>elektrik \u00fcretimi<\/strong> sayesinde y\u0131lda <strong>3.9433 adet a\u011fac\u0131n<\/strong> \u00e7evreye sa\u011flad\u0131\u011f\u0131 faydaya denk <strong>82.595 kg<\/strong> karbon emisyon azalt\u0131m\u0131 sa\u011flanacak.<\/p>","protected":false},"excerpt":{"rendered":"<p>Sorry, this entry is only available in Turkish. For the sake of viewer convenience, the content is shown below in the alternative language. You may click the link to switch the active language. 20 y\u0131ll\u0131k deneyimiyle Denizli\u2019nin d\u00fcnyaya a\u00e7\u0131lan markalar\u0131ndan biri haline gelen K\u0131smet Tekstil, enerji ihtiyac\u0131n\u0131 \u00e7evreci bir \u00e7\u00f6z\u00fcmle kar\u015f\u0131lamak i\u00e7in yenilenebilir enerjiye yat\u0131r\u0131m [&hellip;]<\/p>\n","protected":false},"author":1,"featured_media":168236,"comment_status":"open","ping_status":"open","sticky":false,"template":"","format":"standard","meta":[],"categories":[51,53,49],"tags":[36606,31079,107395,2206,107482],"views":70,"_links":{"self":[{"href":"https:\/\/www.enerjigazetesi.ist\/en\/wp-json\/wp\/v2\/posts\/168232"}],"collection":[{"href":"https:\/\/www.enerjigazetesi.ist\/en\/wp-json\/wp\/v2\/posts"}],"about":[{"href":"https:\/\/www.enerjigazetesi.ist\/en\/wp-json\/wp\/v2\/types\/post"}],"author":[{"embeddable":true,"href":"https:\/\/www.enerjigazetesi.ist\/en\/wp-json\/wp\/v2\/users\/1"}],"replies":[{"embeddable":true,"href":"https:\/\/www.enerjigazetesi.ist\/en\/wp-json\/wp\/v2\/comments?post=168232"}],"version-history":[{"count":0,"href":"https:\/\/www.enerjigazetesi.ist\/en\/wp-json\/wp\/v2\/posts\/168232\/revisions"}],"wp:featuredmedia":[{"embeddable":true,"href":"https:\/\/www.enerjigazetesi.ist\/en\/wp-json\/wp\/v2\/media\/168236"}],"wp:attachment":[{"href":"https:\/\/www.enerjigazetesi.ist\/en\/wp-json\/wp\/v2\/media?parent=168232"}],"wp:term":[{"taxonomy":"category","embeddable":true,"href":"https:\/\/www.enerjigazetesi.ist\/en\/wp-json\/wp\/v2\/categories?post=168232"},{"taxonomy":"post_tag","embeddable":true,"href":"https:\/\/www.enerjigazetesi.ist\/en\/wp-json\/wp\/v2\/tags?post=168232"}],"curies":[{"name":"wp","href":"https:\/\/api.w.org\/{rel}","templated":true}]}}