{"id":167972,"date":"2023-01-26T14:20:58","date_gmt":"2023-01-26T11:20:58","guid":{"rendered":"https:\/\/www.enerjigazetesi.ist\/?p=167972"},"modified":"2023-01-26T14:41:47","modified_gmt":"2023-01-26T11:41:47","slug":"14-uncu-kurumsal-sorumluluk-zirvesi-02-subat-ta-duzenleniyor","status":"publish","type":"post","link":"https:\/\/www.enerjigazetesi.ist\/en\/14-uncu-kurumsal-sorumluluk-zirvesi-02-subat-ta-duzenleniyor\/","title":{"rendered":"(Turkish) &#8217;14. Kurumsal Sorumluluk Zirvesi&#8217; 02 \u015eubat&#8217;ta D\u00fczenleniyor"},"content":{"rendered":"<p class=\"qtranxs-available-languages-message qtranxs-available-languages-message-en\">Sorry, this entry is only available in <a href=\"https:\/\/www.enerjigazetesi.ist\/tr\/wp-json\/wp\/v2\/posts\/167972\" class=\"qtranxs-available-language-link qtranxs-available-language-link-tr\" title=\"Turkish\">Turkish<\/a>. For the sake of viewer convenience, the content is shown below in the alternative language. You may click the link to switch the active language.<\/p><p><\/p>\n<h2><strong>\u015eirketlerin \u00e7evresel, sosyal ve y\u00f6neti\u015fim alanlar\u0131nda etkin rol almalar\u0131n\u0131 sa\u011flayarak, T\u00fcrkiye\u2019de S\u00fcrd\u00fcr\u00fclebilir Kalk\u0131nma Ama\u00e7lar\u0131n\u0131n ger\u00e7ekle\u015fmesi hedefine destek olmak misyonu ile 2005 y\u0131l\u0131ndan bu yana faaliyet g\u00f6steren T\u00fcrkiye Kurumsal Sorumluluk Derne\u011fi \u00f6nemli bir zirveye daha imza at\u0131yor. <\/strong><\/h2>\n<p><strong>2 \u015eubat 2023\u2019te<\/strong>, mekan sponsoru<strong> Zorlu PSM<\/strong>\u2019nin destekleriyle ve <strong>Zorlu Holding\u2019in katk\u0131lar\u0131yla<\/strong> ger\u00e7ekle\u015fecek 14. Kurumsal Sorumluluk Zirvesi\u2019nde birbirinden de\u011ferli konu\u015fmac\u0131lar; <strong>\u201cD\u00f6n\u00fc\u015f\u00fcm\u00fcn \u015eifreleri\u201d<\/strong> ni konu\u015facak. Ayr\u0131ca <strong>S\u00fcrd\u00fcr\u00fclebilir Kalk\u0131nma Ama\u00e7lar\u0131na<\/strong> de\u011fer katan \u00fclkemizin ba\u015far\u0131l\u0131 kurulu\u015flar\u0131 \u00f6d\u00fcllendirilecek.<\/p>\n<h3><strong>BM S\u00fcrd\u00fcr\u00fclebilir Kalk\u0131nma Ama\u00e7lar\u0131na De\u011fer Katan Ba\u015far\u0131l\u0131 Kurulu\u015flar \u00d6d\u00fcllendirilecek<\/strong><\/h3>\n<p><img loading=\"lazy\" class=\"alignright wp-image-167975\" src=\"https:\/\/www.enerjigazetesi.ist\/wp-content\/uploads\/2023\/01\/14-uncu-kurumsal-sorumluluk-zirvesi-02-subat-ta-duzenleniyor-01.png\" alt=\"\" width=\"320\" height=\"229\" srcset=\"https:\/\/www.enerjigazetesi.ist\/wp-content\/uploads\/2023\/01\/14-uncu-kurumsal-sorumluluk-zirvesi-02-subat-ta-duzenleniyor-01.png 344w, https:\/\/www.enerjigazetesi.ist\/wp-content\/uploads\/2023\/01\/14-uncu-kurumsal-sorumluluk-zirvesi-02-subat-ta-duzenleniyor-01-300x215.png 300w, https:\/\/www.enerjigazetesi.ist\/wp-content\/uploads\/2023\/01\/14-uncu-kurumsal-sorumluluk-zirvesi-02-subat-ta-duzenleniyor-01-70x50.png 70w\" sizes=\"(max-width: 320px) 100vw, 320px\" \/>2005 y\u0131l\u0131nda kurulan ve \u015firketlerin <strong>\u00e7evresel, sosyal ve y\u00f6neti\u015fim<\/strong> alanlar\u0131nda etkin rol almalar\u0131n\u0131 sa\u011flayarak, T\u00fcrkiye\u2019de S\u00fcrd\u00fcr\u00fclebilir Kalk\u0131nma Ama\u00e7lar\u0131n\u0131n ger\u00e7ekle\u015fmesi hedefine destek olma misyonu ile faaliyet g\u00f6steren <strong>T\u00fcrkiye Kurumsal Sorumluluk Derne\u011fi<\/strong>&#8216;nin Y\u00f6netim Kurulu Ba\u015fkan\u0131 Nuran Aksu konuyla ilgili olarak;<em> \u201cBirlikte de\u011fer yaratt\u0131\u011f\u0131m\u0131z payda\u015flar\u0131m\u0131z\u0131n g\u00fc\u00e7l\u00fc deste\u011fi \u201cD\u00f6n\u00fc\u015f\u00fcm\u00fcn \u015eifrelerini\u201d konu\u015fmak \u00fczere ger\u00e7ekle\u015ftirece\u011fimiz 14.Kurumsal Sorumluluk Zirvesi\u2019nde ekosistemimizin en de\u011ferli akt\u00f6rleri olan sivil toplum kurulu\u015flar\u0131n\u0131,<strong> \u201csorumlu\u201d \u015firketleri, akademisyenleri, ekonominin inovatif g\u00fcc\u00fc start-up\u2019lar\u0131<\/strong> bir araya getiriyoruz. Zirvede ayr\u0131ca BM S\u00fcrd\u00fcr\u00fclebilir Kalk\u0131nma Ama\u00e7lar\u0131na de\u011fer katan ve ba\u011f\u0131ms\u0131z J\u00fcri \u00fcyelerinin de\u011ferlendirmesi sonucunda belirlenecek olan ba\u015far\u0131l\u0131 kurulu\u015flar\u0131 \u00f6d\u00fcllendirece\u011fiz. Bu vesile ile 14. Kurumsal Sorumluluk Zirvesi\u2019nin ger\u00e7ekle\u015fmesine katk\u0131 sunan Mekan Sponsorumuz Zorlu PSM\u2019ye, katk\u0131lar\u0131 i\u00e7in Zorlu Holding\u2019e ve di\u011fer t\u00fcm destek\u00e7ilerimize te\u015fekk\u00fcr ederim\u201d<\/em> ifadelerine yer verdi.<\/p>\n<p><strong>2 \u015eubat 2023<\/strong> Tarihinde, <strong>\u201cD\u00f6n\u00fc\u015f\u00fcm\u00fcn \u015eifreleri\u201d<\/strong> temas\u0131yla ger\u00e7ekle\u015fecek<strong> 14. Kurumsal Sorumluluk Zirvesi\u2019nde<\/strong> yer alacak baz\u0131 panel ve panelistler ise<span style=\"text-decoration: underline;\"> \u015fu \u015fekilde;<\/span><\/p>\n<p>&#8211; T\u00dcH\u0130D Y\u00f6netim Kurulu Ba\u015fkan\u0131 \u0130pek \u00d6zg\u00fcden \u00d6zen Moderat\u00f6rl\u00fc\u011f\u00fcndeki S\u00fcrd\u00fcr\u00fclebilirlik \u0130leti\u015fimi ve Medya Panelinde; Nas\u0131l Bir Ekonomi Gazetesi\u2019nden Hakan G\u00fclda\u011f, \u015eeref O\u011fuz, Handan Sema Ceylan, Didem Eryar \u00dcnl\u00fc<\/p>\n<p>&#8211; WE.Q. Consulting Y\u00f6netici Orta\u011f\u0131 Do\u00e7 Dr. Dicle Yurdakul Moderat\u00f6rl\u00fc\u011f\u00fcndeki Sanat ve S\u00fcrd\u00fcr\u00fclebilirlik Panelinde; Zorlu PSM Genel M\u00fcd\u00fcr\u00fc Filiz Ova ve \u0130KSV Genel M\u00fcd\u00fcr\u00fc<br \/>\nG\u00f6rg\u00fcn Taner<\/p>\n<p>&#8211; Akbank S\u00fcrd\u00fcr\u00fclebilirlik M\u00fcd\u00fcr\u00fc M.Feride Do\u011fan K\u0131zar Moderat\u00f6rl\u00fc\u011f\u00fcndeki Ye\u015fil D\u00f6n\u00fc\u015f\u00fcm Panelinde; imeceLAB Direkt\u00f6r\u00fc Zeynep \u00c7elik, Onar\u0131m At\u00f6lyesi Kurucusu Ekin Al, Village Capital Ekosistem Geli\u015ftirme Program\u0131 Sorumlusu Alper G\u00fcven, Toyi Kurucu Orta\u011f\u0131 Gizem Kendik<\/p>\n<p>&#8211; Bah\u00e7e\u015fehir \u00dcniversitesi\u2019nden Prof. Dr. Haluk G\u00fcrgen Moderat\u00f6rl\u00fc\u011f\u00fcndeki Cinsiyet E\u015fitli\u011fi Panelinde; Egon Zehnder K\u0131demli Orta\u011f\u0131 Murat Ye\u015fildere, Zorlu Holding \u0130nsan Kaynaklar\u0131 Direkt\u00f6r\u00fc Z\u00fclal \u00d6zt\u00fcrk Kaya, Kagider Y\u00f6netim Kurulu Ba\u015fkan\u0131 Emine Erdem<\/p>\n<p>&#8211; Dr. Serta\u00e7 Do\u011fanay Moderat\u00f6rl\u00fc\u011f\u00fcndeki Tech4Good Panelinde ise; Logo Yaz\u0131l\u0131m CMO\u2019u Beg\u00fcm Ar\u015f T\u00fcrk, IBM TCL\u2019i Serdar Gere, Akbank Dijital Tasar\u0131m ve \u0130novasyon Ba\u015fkan Yard\u0131mc\u0131s\u0131 Burcu K\u00fc\u00e7\u00fck\u00fcnal ve Trendyol S\u00fcrd\u00fcr\u00fclebilirlik ve KSS Tak\u0131m Lideri Simge Abay yer alacak. Zirvede ayr\u0131ca, ZENNA Ara\u015ft\u0131rma Genel M\u00fcd\u00fcr\u00fc Nuray Ko\u00e7ik, S\u00fcrd\u00fcr\u00fclebilirlik ve \u0130tibar Ara\u015ft\u0131rma Sunumu, Prof. Dr. Bilge Uzun ise S\u00fcrd\u00fcr\u00fclebilirlik ve Psikoloji ba\u015fl\u0131kl\u0131 bir konu\u015fma ger\u00e7ekle\u015ftirecek.<\/p>","protected":false},"excerpt":{"rendered":"<p>Sorry, this entry is only available in Turkish. For the sake of viewer convenience, the content is shown below in the alternative language. You may click the link to switch the active language. \u015eirketlerin \u00e7evresel, sosyal ve y\u00f6neti\u015fim alanlar\u0131nda etkin rol almalar\u0131n\u0131 sa\u011flayarak, T\u00fcrkiye\u2019de S\u00fcrd\u00fcr\u00fclebilir Kalk\u0131nma Ama\u00e7lar\u0131n\u0131n ger\u00e7ekle\u015fmesi hedefine destek olmak misyonu ile 2005 y\u0131l\u0131ndan [&hellip;]<\/p>\n","protected":false},"author":1,"featured_media":167975,"comment_status":"open","ping_status":"open","sticky":false,"template":"","format":"standard","meta":[],"categories":[53],"tags":[107410,107411,107409],"views":170,"_links":{"self":[{"href":"https:\/\/www.enerjigazetesi.ist\/en\/wp-json\/wp\/v2\/posts\/167972"}],"collection":[{"href":"https:\/\/www.enerjigazetesi.ist\/en\/wp-json\/wp\/v2\/posts"}],"about":[{"href":"https:\/\/www.enerjigazetesi.ist\/en\/wp-json\/wp\/v2\/types\/post"}],"author":[{"embeddable":true,"href":"https:\/\/www.enerjigazetesi.ist\/en\/wp-json\/wp\/v2\/users\/1"}],"replies":[{"embeddable":true,"href":"https:\/\/www.enerjigazetesi.ist\/en\/wp-json\/wp\/v2\/comments?post=167972"}],"version-history":[{"count":1,"href":"https:\/\/www.enerjigazetesi.ist\/en\/wp-json\/wp\/v2\/posts\/167972\/revisions"}],"predecessor-version":[{"id":167973,"href":"https:\/\/www.enerjigazetesi.ist\/en\/wp-json\/wp\/v2\/posts\/167972\/revisions\/167973"}],"wp:featuredmedia":[{"embeddable":true,"href":"https:\/\/www.enerjigazetesi.ist\/en\/wp-json\/wp\/v2\/media\/167975"}],"wp:attachment":[{"href":"https:\/\/www.enerjigazetesi.ist\/en\/wp-json\/wp\/v2\/media?parent=167972"}],"wp:term":[{"taxonomy":"category","embeddable":true,"href":"https:\/\/www.enerjigazetesi.ist\/en\/wp-json\/wp\/v2\/categories?post=167972"},{"taxonomy":"post_tag","embeddable":true,"href":"https:\/\/www.enerjigazetesi.ist\/en\/wp-json\/wp\/v2\/tags?post=167972"}],"curies":[{"name":"wp","href":"https:\/\/api.w.org\/{rel}","templated":true}]}}