{"id":167964,"date":"2023-01-26T13:59:07","date_gmt":"2023-01-26T10:59:07","guid":{"rendered":"https:\/\/www.enerjigazetesi.ist\/?p=167964"},"modified":"2023-01-26T14:12:27","modified_gmt":"2023-01-26T11:12:27","slug":"asas-in-yeni-yatirimi-45-mn-hybrex-yuzde-50-enerji-verimliligine-sahip","status":"publish","type":"post","link":"https:\/\/www.enerjigazetesi.ist\/en\/asas-in-yeni-yatirimi-45-mn-hybrex-yuzde-50-enerji-verimliligine-sahip\/","title":{"rendered":"(Turkish) ASA\u015e\u2019\u0131n Yeni Yat\u0131r\u0131m\u0131 45 MN Hybrex % 50 Enerji Verimlili\u011fine Sahip"},"content":{"rendered":"<p class=\"qtranxs-available-languages-message qtranxs-available-languages-message-en\">Sorry, this entry is only available in <a href=\"https:\/\/www.enerjigazetesi.ist\/tr\/wp-json\/wp\/v2\/posts\/167964\" class=\"qtranxs-available-language-link qtranxs-available-language-link-tr\" title=\"Turkish\">Turkish<\/a>. For the sake of viewer convenience, the content is shown below in the alternative language. You may click the link to switch the active language.<\/p><p><\/p>\n<h2><strong>T\u00fcrkiye\u2019nin en b\u00fcy\u00fck 54\u2019\u00fcnc\u00fc sanayi kurulu\u015fu olan ASA\u015e, s\u00fcrd\u00fcr\u00fclebilirlik alan\u0131ndaki \u00e7al\u0131\u015fmalar\u0131n\u0131 ASI Sertifikas\u0131 ile tescilledi. ASA\u015e, sertifikas\u0131n\u0131 y\u00f6netim, \u00e7evre ve sosyal ba\u015fl\u0131kl\u0131 kategorilerde toplam <\/strong><strong>11 s\u00fcrd\u00fcr\u00fclebilirlik ilkesinden sorumlu olarak ald\u0131.<\/strong><\/h2>\n<p>T\u00fcrkiye\u2019nin lider sanayi kurulu\u015flar\u0131ndan ASA\u015e, al\u00fcminyumun sorumlu \u00fcretimini, tedarikini ve y\u00f6netimini i\u015fbirli\u011fi i\u00e7inde te\u015fvik etmek i\u00e7in \u00e7al\u0131\u015fan <strong>Aluminium Stewardship Initiative (ASI &#8211; Al\u00fcminyum Y\u00f6netim Giri\u015fimi)<\/strong> taraf\u0131ndan verilen ASI Sertifikas\u0131\u2019n\u0131 almaya hak kazand\u0131. ASA\u015e, bu sertifikayla uluslararas\u0131 ye\u015fil \u00fcretimi destekledi\u011fini ve s\u00fcrd\u00fcr\u00fclebilir al\u00fcminyum \u00fcretimine katk\u0131 sa\u011flad\u0131\u011f\u0131n\u0131 bir kez daha kan\u0131tlad\u0131.<\/p>\n<p>ASA\u015e, sertifikas\u0131n\u0131 ASI taraf\u0131ndan belirlenen y\u00f6netim, \u00e7evre ve sosyal ba\u015fl\u0131kl\u0131 3 ana kategorideki toplam 11 ilkeyi sa\u011flayarak almaya hak kazand\u0131. Bu standartlar aras\u0131nda <strong>\u00e7evresel sorumluluklar\u0131<\/strong> kapsayan <strong>sera gaz\u0131 emisyonlar\u0131, su kullan\u0131m\u0131 biyo\u00e7e\u015fitlilik<\/strong> gibi konular yer al\u0131rken, y\u00f6netim alan\u0131 alt\u0131nda i\u015f b\u00fct\u00fcnl\u00fc\u011f\u00fc, malzeme y\u00f6netimi, \u015feffafl\u0131k, sosyal alanda ise insan haklar\u0131, \u00e7al\u0131\u015fan haklar\u0131 ve i\u015f sa\u011fl\u0131\u011f\u0131 ve g\u00fcvenli\u011fi gibi maddeler yer al\u0131yor.<img loading=\"lazy\" class=\"wp-image-167966 alignright\" src=\"https:\/\/www.enerjigazetesi.ist\/wp-content\/uploads\/2023\/01\/1674714237_1208_ASAS_GenelMuduru_DeryaHatiboglu.jpg\" alt=\"\" width=\"320\" height=\"212\" srcset=\"https:\/\/www.enerjigazetesi.ist\/wp-content\/uploads\/2023\/01\/1674714237_1208_ASAS_GenelMuduru_DeryaHatiboglu.jpg 466w, https:\/\/www.enerjigazetesi.ist\/wp-content\/uploads\/2023\/01\/1674714237_1208_ASAS_GenelMuduru_DeryaHatiboglu-300x199.jpg 300w, https:\/\/www.enerjigazetesi.ist\/wp-content\/uploads\/2023\/01\/1674714237_1208_ASAS_GenelMuduru_DeryaHatiboglu-75x50.jpg 75w, https:\/\/www.enerjigazetesi.ist\/wp-content\/uploads\/2023\/01\/1674714237_1208_ASAS_GenelMuduru_DeryaHatiboglu-450x300.jpg 450w\" sizes=\"(max-width: 320px) 100vw, 320px\" \/><\/p>\n<p>T\u00fcm faaliyetlerinde s\u00fcrd\u00fcr\u00fclebilirli\u011fi merkez alan ASA\u015e\u2019\u0131n kaynaklar\u0131 verimli kullanmak, \u00e7evresel etkilerini en aza indirmek ve \u00e7evreye duyarl\u0131 \u00fcretim yapmak i\u00e7in \u00e7al\u0131\u015ft\u0131\u011f\u0131n\u0131n alt\u0131n\u0131 \u00e7izen ASA\u015e Genel M\u00fcd\u00fcr\u00fc Derya Hatibo\u011flu,<em> \u201cS\u00fcrd\u00fcr\u00fclebilirli\u011fin karbon ayak izimizi azaltmaktan fazlas\u0131 oldu\u011fu inanc\u0131yla, iklim de\u011fi\u015fikli\u011finin beraberinde getirdi\u011fi \u00e7evresel, sosyal ve ekonomik zorluklar\u0131 birlikte de\u011ferlendiriyoruz. Hammadde temininden ba\u015flayarak \u00fcretimin son a\u015famas\u0131na kadar her noktaya temas eden s\u00fcrd\u00fcr\u00fclebilir i\u015f anlay\u0131\u015f\u0131m\u0131zla yenilik\u00e7i \u00e7\u00f6z\u00fcmler yaratarak payda\u015flar\u0131m\u0131za de\u011fer katmak ve hedef pazarlara \u00f6nc\u00fcl\u00fck etmeyi ama\u00e7l\u0131yoruz. ASI\u2019a kat\u0131lman\u0131n hem hedeflerimize hem de s\u00fcrd\u00fcr\u00fclebilir bir gelece\u011fe sahip olmak i\u00e7in verdi\u011fimiz \u00e7abaya \u00f6nemli bir katk\u0131 sa\u011flayaca\u011f\u0131na inan\u0131yoruz\u201d<\/em> dedi.<\/p>\n<h3><strong>ASA\u015e\u2019\u0131n Yeni Yat\u0131r\u0131m\u0131 45 MN Hybrex %50 Enerji Verimlili\u011fine Sahip<\/strong><\/h3>\n<p>Kuruldu\u011fu 1990 y\u0131l\u0131ndan bu yana istikrarl\u0131 b\u00fcy\u00fcmesini s\u00fcrd\u00fcren ASA\u015e, s\u00fcrd\u00fcr\u00fclebilirlik bak\u0131\u015f a\u00e7\u0131s\u0131 \u00e7er\u00e7evesinde yat\u0131r\u0131mlar\u0131n\u0131 \u015fekillendiriyor. ASA\u015e\u2019\u0131n 2021 y\u0131l\u0131nda kontrat\u0131n\u0131 yapt\u0131\u011f\u0131 45MN Hybrex Pres \u00dcretim Hatt\u0131, d\u00fcnyada 4500 ton g\u00fcc\u00fcnde hybrex \u00f6zelli\u011fi olan ilk pres olmas\u0131n\u0131n yan\u0131nda Avrupa\u2019n\u0131n en modern profil \u00fcretim hatt\u0131 olarak \u00f6zellikle elektrikli ara\u00e7lar\u0131n g\u00f6vde ve batarya kasas\u0131 profilleri gibi yap\u0131sal profilleri \u00fcretecek. <strong>45 MN Hybrex yat\u0131r\u0131m\u0131<\/strong> ayr\u0131ca d\u00fc\u015f\u00fck <strong>CO2 emisyonu<\/strong> ve sa\u011flad\u0131\u011f\u0131<strong> %50\u2019<\/strong>ye kadar <strong>enerji verimlili\u011fi<\/strong> ile \u00f6ne \u00e7\u0131k\u0131yor.<\/p>\n<h3><strong>Her Alanda Verimlilik Hedefleniyor<\/strong><\/h3>\n<p>ASA\u015e <span style=\"text-decoration: underline;\">2021 y\u0131l\u0131nda;<\/span><\/p>\n<p>&#8211; Toplam 1.367.716 kWh enerji tasarrufu sa\u011flayarak ayl\u0131k elektrik t\u00fcketiminin yakla\u015f\u0131k %10\u2019u kadar tasarruf sa\u011flad\u0131.<\/p>\n<p>&#8211; \u00dcr\u00fcn ba\u015f\u0131na atmosfere sal\u0131nan sera gaz\u0131n\u0131 %16 azaltt\u0131.<\/p>\n<p>&#8211; Y\u0131lda 200.000 m3 su tasarrufuyla, \u00fcr\u00fcn ba\u015f\u0131na t\u00fcketti\u011fi su miktar\u0131n\u0131 %19 azaltt\u0131.<\/p>\n<p>&#8211; T\u00fcketmi\u015f oldu\u011fu elektrik enerjisinin tamam\u0131n\u0131 yenilenebilir enerji kaynaklardan sa\u011flad\u0131\u011f\u0131n\u0131 g\u00f6steren IREC (Yenilebilir Enerjisi Sertifikas\u0131) Sertifikas\u0131n\u0131 da ald\u0131.<\/p>\n<p>&#8211; \u00dcr\u00fcn ba\u015f\u0131na olu\u015fan c\u00fcruf at\u0131\u011f\u0131n\u0131 %35 azaltt\u0131.<\/p>\n<p>&#8211; Olu\u015fan at\u0131klar\u0131n\u0131n %98\u2019ini geri kazand\u0131.<\/p>\n<p>2015 y\u0131l\u0131nda sekt\u00f6r\u00fcn\u00fcn ilk Ar-Ge merkezi olarak tescillenen ASA\u015e, \u00fcr\u00fcn geli\u015ftirmelerinin yan\u0131 s\u0131ra haz\u0131rlad\u0131\u011f\u0131 verimlilik odakl\u0131 projelerle dikkat \u00e7ekiyor. ASA\u015e, 2021 y\u0131l\u0131nda 8 adet Avrupa Birli\u011fi ve 11 TEYDEB projesine imza att\u0131.<\/p>","protected":false},"excerpt":{"rendered":"<p>Sorry, this entry is only available in Turkish. For the sake of viewer convenience, the content is shown below in the alternative language. You may click the link to switch the active language. T\u00fcrkiye\u2019nin en b\u00fcy\u00fck 54\u2019\u00fcnc\u00fc sanayi kurulu\u015fu olan ASA\u015e, s\u00fcrd\u00fcr\u00fclebilirlik alan\u0131ndaki \u00e7al\u0131\u015fmalar\u0131n\u0131 ASI Sertifikas\u0131 ile tescilledi. ASA\u015e, sertifikas\u0131n\u0131 y\u00f6netim, \u00e7evre ve sosyal ba\u015fl\u0131kl\u0131 [&hellip;]<\/p>\n","protected":false},"author":1,"featured_media":167968,"comment_status":"open","ping_status":"open","sticky":false,"template":"","format":"standard","meta":[],"categories":[53,52],"tags":[98376,78367,107407,107408,98719],"views":107,"_links":{"self":[{"href":"https:\/\/www.enerjigazetesi.ist\/en\/wp-json\/wp\/v2\/posts\/167964"}],"collection":[{"href":"https:\/\/www.enerjigazetesi.ist\/en\/wp-json\/wp\/v2\/posts"}],"about":[{"href":"https:\/\/www.enerjigazetesi.ist\/en\/wp-json\/wp\/v2\/types\/post"}],"author":[{"embeddable":true,"href":"https:\/\/www.enerjigazetesi.ist\/en\/wp-json\/wp\/v2\/users\/1"}],"replies":[{"embeddable":true,"href":"https:\/\/www.enerjigazetesi.ist\/en\/wp-json\/wp\/v2\/comments?post=167964"}],"version-history":[{"count":0,"href":"https:\/\/www.enerjigazetesi.ist\/en\/wp-json\/wp\/v2\/posts\/167964\/revisions"}],"wp:featuredmedia":[{"embeddable":true,"href":"https:\/\/www.enerjigazetesi.ist\/en\/wp-json\/wp\/v2\/media\/167968"}],"wp:attachment":[{"href":"https:\/\/www.enerjigazetesi.ist\/en\/wp-json\/wp\/v2\/media?parent=167964"}],"wp:term":[{"taxonomy":"category","embeddable":true,"href":"https:\/\/www.enerjigazetesi.ist\/en\/wp-json\/wp\/v2\/categories?post=167964"},{"taxonomy":"post_tag","embeddable":true,"href":"https:\/\/www.enerjigazetesi.ist\/en\/wp-json\/wp\/v2\/tags?post=167964"}],"curies":[{"name":"wp","href":"https:\/\/api.w.org\/{rel}","templated":true}]}}