{"id":167954,"date":"2023-01-26T13:20:49","date_gmt":"2023-01-26T10:20:49","guid":{"rendered":"https:\/\/www.enerjigazetesi.ist\/?p=167954"},"modified":"2023-01-26T13:35:52","modified_gmt":"2023-01-26T10:35:52","slug":"yenilenebilir-enerji-urunlerinde-de-sektorde-trendleri-belirleyecegiz","status":"publish","type":"post","link":"https:\/\/www.enerjigazetesi.ist\/en\/yenilenebilir-enerji-urunlerinde-de-sektorde-trendleri-belirleyecegiz\/","title":{"rendered":"(Turkish) &#8221;Yenilenebilir Enerji \u00dcr\u00fcnlerinde de Sekt\u00f6rde Trendleri Belirleyece\u011fiz&#8221;"},"content":{"rendered":"<p class=\"qtranxs-available-languages-message qtranxs-available-languages-message-en\">Sorry, this entry is only available in <a href=\"https:\/\/www.enerjigazetesi.ist\/tr\/wp-json\/wp\/v2\/posts\/167954\" class=\"qtranxs-available-language-link qtranxs-available-language-link-tr\" title=\"Turkish\">Turkish<\/a>. For the sake of viewer convenience, the content is shown below in the alternative language. You may click the link to switch the active language.<\/p><p><\/p>\n<h2><strong>DemirD\u00f6k\u00fcm&#8217;\u00fcn geleneksel olarak d\u00fczenledi\u011fi Liderler Zirvesi, iki y\u0131ll\u0131k aran\u0131n ard\u0131ndan fiziki olarak \u0130stanbul&#8217;da ger\u00e7ekle\u015fti. Bu y\u0131l &#8220;Konu Rekor Olunca DemirD\u00f6k\u00fcm&#8221; temas\u0131yla Hilton \u0130stanbul Bomonti Otel&#8217;de d\u00fczenlenen zirveye 300\u2019\u00fcn \u00fczerinde i\u015f orta\u011f\u0131 kat\u0131l\u0131rken, t\u00fcm g\u00fcn s\u00fcren etkinlikte 2022 y\u0131l\u0131 i\u015f sonu\u00e7lar\u0131, 2023 y\u0131l\u0131 hedefleri, k\u00fcresel \u00f6l\u00e7ekteki geli\u015fmeler kat\u0131l\u0131mc\u0131larla payla\u015f\u0131ld\u0131.<\/strong><\/h2>\n<p>T\u00fcrkiye<strong> iklimlendirme sekt\u00f6r\u00fcn\u00fcn<\/strong> en k\u00f6kl\u00fc markalar\u0131ndan <strong>DemirD\u00f6k\u00fcm<\/strong>\u2019\u00fcn, i\u015f ortaklar\u0131yla ili\u015fkilerini g\u00fc\u00e7lendirmek amac\u0131yla geleneksel olarak d\u00fczenledi\u011fi<strong> Liderler Zirvesi<\/strong>, bu y\u0131l fiziki ortamda ger\u00e7ekle\u015fti. DemirD\u00f6k\u00fcm, T\u00fcrkiye&#8217;nin d\u00f6rt bir yan\u0131ndan 300\u2019\u00fcn \u00fczerinde yetkili sat\u0131c\u0131s\u0131yla \u0130stanbul&#8217;da bulu\u015ftu. DemirD\u00f6k\u00fcm CEO&#8217;su <strong>Alper Avdel<\/strong>, Sat\u0131\u015ftan Sorumlu Genel M\u00fcd\u00fcr Yard\u0131mc\u0131s\u0131 <strong>Erol Kayao\u011flu<\/strong>, Pazarlamadan Sorumlu Genel M\u00fcd\u00fcr Yard\u0131mc\u0131s\u0131 <strong>Ufuk Atan<\/strong> ve DemirD\u00f6k\u00fcm \u00fcst d\u00fczey y\u00f6neticilerinin kat\u0131ld\u0131\u011f\u0131 toplant\u0131da yenilikler y\u0131l\u0131 olarak ilan edilen 2022&#8217;nin i\u015f sonu\u00e7lar\u0131 ile 2023 y\u0131l\u0131 hedefleri payla\u015f\u0131ld\u0131. <strong>&#8220;Konu Rekor Olunca DemirD\u00f6k\u00fcm&#8221;<\/strong> temas\u0131yla Hilton \u0130stanbul Bomonti Otel&#8217;de ger\u00e7ekle\u015ftirilen Liderler Zirvesi&#8217;nin sunuculu\u011funu <strong>Simge F\u0131st\u0131ko\u011flu<\/strong> \u00fcstlenirken, t\u00fcm g\u00fcn s\u00fcren etkinlik sonunda T\u00fcrkiye genelinde dereceye giren yetkili sat\u0131c\u0131lara ba\u015far\u0131 \u00f6d\u00fclleri takdim edildi.<\/p>\n<h3><strong>\u201c2022 YILINDA DA YATIRIMA VE PAZARA YEN\u0130 \u00dcR\u00dcNLER\u0130M\u0130Z\u0130 SUNMAYA DEVAM ETT\u0130K\u201d<\/strong><\/h3>\n<p>Liderler Zirvesi&#8217;nin a\u00e7\u0131l\u0131\u015f konu\u015fmas\u0131n\u0131 ger\u00e7ekle\u015ftiren DemirD\u00f6k\u00fcm CEO&#8217;su <strong>Alper Avdel<\/strong>, koronavir\u00fcs pandemisi kaynakl\u0131 iki y\u0131ll\u0131k aran\u0131n ard\u0131ndan tekrar fiziki bir ortamda t\u00fcm DemirD\u00f6k\u00fcm ailesiyle<img loading=\"lazy\" class=\"alignright wp-image-167958\" src=\"https:\/\/www.enerjigazetesi.ist\/wp-content\/uploads\/2023\/01\/2023-01-26_131600.jpg\" alt=\"\" width=\"320\" height=\"204\" srcset=\"https:\/\/www.enerjigazetesi.ist\/wp-content\/uploads\/2023\/01\/2023-01-26_131600.jpg 550w, https:\/\/www.enerjigazetesi.ist\/wp-content\/uploads\/2023\/01\/2023-01-26_131600-300x191.jpg 300w, https:\/\/www.enerjigazetesi.ist\/wp-content\/uploads\/2023\/01\/2023-01-26_131600-500x318.jpg 500w, https:\/\/www.enerjigazetesi.ist\/wp-content\/uploads\/2023\/01\/2023-01-26_131600-80x50.jpg 80w\" sizes=\"(max-width: 320px) 100vw, 320px\" \/> birlikte olmaktan mutlu ve heyecanl\u0131 olduklar\u0131n\u0131 belirterek; 2022 y\u0131l\u0131 i\u015f sonu\u00e7lar\u0131 ile 2023 y\u0131l\u0131 hedeflerini payla\u015ft\u0131. 2022 y\u0131l\u0131na h\u0131zl\u0131 bir ba\u015flang\u0131\u00e7 yapt\u0131klar\u0131n\u0131 ve sat\u0131\u015fa sunduklar\u0131 yeni <strong>ademiX<\/strong> ile<strong> vintomiX<\/strong> kombilerin hem i\u015f ortaklar\u0131 hem de t\u00fcketiciler taraf\u0131ndan b\u00fcy\u00fck be\u011feni kazand\u0131\u011f\u0131n\u0131 belirten <strong>Avdel<\/strong>; <em>&#8220;K\u00fcresel \u00e7apta ya\u015fanan olumsuzluklara ra\u011fmen biz gelece\u011fe odaklanmaya, yat\u0131r\u0131ma ve pazara yeni \u00fcr\u00fcnlerimizi sunmaya devam ettik. \u0130klimlendirme sekt\u00f6r\u00fc olarak \u015fansl\u0131 bir sekt\u00f6r\u00fcz. Son 3 y\u0131ld\u0131r di\u011fer sekt\u00f6rlerden pozitif ayr\u0131\u015f\u0131yoruz. DemirD\u00f6k\u00fcm olarak biz de hizmet verdi\u011fimiz pazarda olumlu anlamda farkl\u0131l\u0131k g\u00f6steriyoruz&#8221;<\/em> dedi.<\/p>\n<h3><strong>\u201cKEND\u0130 REKORUMUZU TAZELED\u0130K\u201d<\/strong><\/h3>\n<p>Geleneksel i\u015f kollar\u0131n\u0131n haricinde yeni alanlarda da b\u00fcy\u00fcmeyi per\u00e7inlediklerini belirten <strong>Alper Avdel<\/strong>, <em>&#8220;Fabrikadaki \u00fcretimden, sat\u0131\u015f, pazarlama, yetkili sat\u0131c\u0131 ve sat\u0131\u015f sonras\u0131 destek birimlerimize kadar b\u00fcy\u00fck bir performans g\u00f6stererek kendi rekorumuzu k\u0131rmay\u0131 ba\u015fard\u0131k. Sat\u0131\u015fa sundu\u011fumuz yeni \u00fcr\u00fcnlerimiz pazar\u0131n g\u00f6zdesi oldu. Yeni girdi\u011fimiz alanlarda da \u00e7ift haneli b\u00fcy\u00fcmemizi s\u00fcrd\u00fcrmeyi ba\u015fard\u0131k. <strong>Kombi, \u0131s\u0131 pompas\u0131 ve klima<\/strong> en \u00e7ok b\u00fcy\u00fcmeyi yakalad\u0131\u011f\u0131m\u0131z alanlar oldu. Hem adet hem ciro olarak hedeflerimizi tutturduk. Eme\u011fi ge\u00e7en t\u00fcm mesai arkada\u015flar\u0131ma ve i\u015f ortaklar\u0131m\u0131za te\u015fekk\u00fcr ederim&#8221;<\/em> a\u00e7\u0131klamas\u0131n\u0131 yapt\u0131.<\/p>\n<h3><strong>\u201cM\u00dc\u015eTER\u0130 MEMNUN\u0130YET\u0130NDE SEKT\u00d6R\u00dcN \u00d6NC\u00dcS\u00dcY\u00dcZ\u201d\u00a0<\/strong><\/h3>\n<p>S\u00fcrd\u00fcr\u00fclebilir b\u00fcy\u00fcme i\u00e7in ciro, karl\u0131l\u0131k, nakit ak\u0131\u015f dengesinin yan\u0131nda m\u00fc\u015fteri memnuniyetinin de b\u00fcy\u00fck \u00f6neme sahip oldu\u011funa de\u011finen <strong>DemirD\u00f6k\u00fcm CEO&#8217;su Avdel<\/strong> \u015f\u00f6yle konu\u015ftu:<em> &#8220;Birincil \u00f6nceli\u011fimiz m\u00fc\u015fterilerimizin memnuniyetini sa\u011flamak, art\u0131rmak. M\u00fc\u015fterilerimize yeni bir deneyim ya\u015fatmak i\u00e7in 10 y\u0131la yak\u0131n s\u00fcredir \u00f6nemli yat\u0131r\u0131mlar ger\u00e7ekle\u015ftiriyoruz. Bu alanda her y\u0131l kendi ba\u015far\u0131m\u0131z\u0131 yeniliyoruz. 2022 y\u0131l\u0131 da <strong>y\u00fczde 90\u2019\u0131n<\/strong> \u00fczerindeki <strong>m\u00fc\u015fteri memnuniyet oran\u0131m\u0131z\u0131<\/strong> geli\u015ftirdi\u011fimiz bir y\u0131l oldu. Bu oranlar bizim i\u015fimizin, gelece\u011fimizin en b\u00fcy\u00fck garantisi. Bu alanda hayata ge\u00e7irdi\u011fimiz projelerle m\u00fc\u015fteri memnuniyetindeki \u00f6nc\u00fcl\u00fc\u011f\u00fcm\u00fcz\u00fc koruduk.\u201d<\/em><\/p>\n<h3><strong>\u201c2023 YEN\u0130LENEB\u0130L\u0130R ENERJ\u0130L\u0130 \u00dcR\u00dcNLER \u0130\u00c7\u0130N B\u0130R D\u00d6N\u00dcM NOKTASI\u201d<\/strong><\/h3>\n<p>Yenilenebilir enerji \u00fcr\u00fcnlerinin k\u00fcresel \u00f6l\u00e7ekte g\u00fcndemde kalaca\u011f\u0131n\u0131, DemirD\u00f6k\u00fcm&#8217;\u00fcn bu alanda ciddi mesai harcad\u0131\u011f\u0131n\u0131 belirten <strong>Alper Avdel<\/strong>; <em>&#8220;<strong>S\u00fcrd\u00fcr\u00fclebilirlik, yenilenebilir enerji<\/strong> ve bu alandaki \u00fcr\u00fcnler bizim uzunca y\u0131llar \u00f6nceliklerimiz i\u00e7erisinde yer alacak. \u00d6n\u00fcm\u00fczdeki mevzuatlara g\u00f6re 2023 y\u0131l\u0131ndan itibaren <strong>5 bin metrekare<\/strong> \u00fczerindeki binalarda minimum<strong> y\u00fczde 5<\/strong>; 2025 y\u0131l\u0131ndan itibaren ise <strong>2 bin metre kare<\/strong> olan binalarda minimum<strong> y\u00fczde 10<\/strong> yenilenebilir enerji kaynakl\u0131 \u00fcr\u00fcnler kullan\u0131m\u0131 zorunlu k\u0131l\u0131nacak. Bu alanda \u00f6n plana \u00e7\u0131kacak \u00fcr\u00fcnler <strong>\u0131s\u0131 pompalar\u0131, hidrojenle \u00e7al\u0131\u015fan \u00fcr\u00fcnler<\/strong> olacak.<strong> Kombi, \u015fofben, panel radyat\u00f6r<\/strong> gibi \u00fcr\u00fcnlerdeki \u00f6nc\u00fcl\u00fc\u011f\u00fcm\u00fcz\u00fc \u00f6n\u00fcm\u00fczdeki y\u0131llarda bu alanda da elde etmek i\u00e7in t\u00fcm haz\u0131rl\u0131klar\u0131m\u0131z\u0131 yap\u0131yor; ilgili \u00fcr\u00fcn ve hizmetlerimizi t\u00fcketicilerimizle bulu\u015fturuyoruz. Pazara da bu kapsamda yeni \u00fcr\u00fcnler sunmaya devam edece\u011fiz. 2023, sekt\u00f6r\u00fcm\u00fcz a\u00e7\u0131s\u0131ndan yeni bir hikayenin ba\u015flayaca\u011f\u0131 y\u0131l olacak. Yenilenebilir enerji alan\u0131ndaki \u00fcr\u00fcnlerimizle hem T\u00fcrkiye&#8217;de hem de d\u00fcnyan\u0131n d\u00f6rt bir yan\u0131nda t\u00fcketicilerimize fayda sa\u011flamaya devam edece\u011fiz, sekt\u00f6rde bir kez daha trendleri belirleyece\u011fiz&#8221;<\/em> dedi.<\/p>\n<h3><strong>\u201cYA\u015eANAN ZORLUKLARA RA\u011eMEN YEN\u0130 REKORLARA \u0130MZA ATTIK\u201d<\/strong><\/h3>\n<p>Farkl\u0131 zorluklar\u0131n ya\u015fand\u0131\u011f\u0131 2022&#8217;de rekor bir b\u00fcy\u00fcmeye imza atmaktan dolay\u0131 duydu\u011fu mutlulu\u011fu dile getiren <strong>Sat\u0131\u015ftan Sorumlu Genel M\u00fcd\u00fcr Yard\u0131mc\u0131s\u0131 Erol Kayao\u011flu<\/strong>, <em>&#8220;2022 y\u0131l\u0131nda bizimle omuz <img loading=\"lazy\" class=\"alignleft wp-image-167962\" src=\"https:\/\/www.enerjigazetesi.ist\/wp-content\/uploads\/2023\/01\/erol-kayaoglu.jpg\" alt=\"\" width=\"320\" height=\"229\" srcset=\"https:\/\/www.enerjigazetesi.ist\/wp-content\/uploads\/2023\/01\/erol-kayaoglu.jpg 550w, https:\/\/www.enerjigazetesi.ist\/wp-content\/uploads\/2023\/01\/erol-kayaoglu-300x214.jpg 300w, https:\/\/www.enerjigazetesi.ist\/wp-content\/uploads\/2023\/01\/erol-kayaoglu-500x357.jpg 500w, https:\/\/www.enerjigazetesi.ist\/wp-content\/uploads\/2023\/01\/erol-kayaoglu-70x50.jpg 70w\" sizes=\"(max-width: 320px) 100vw, 320px\" \/>omuza ilerleyen t\u00fcm i\u015f ortaklar\u0131m\u0131zla birlikte ba\u015far\u0131ya ula\u015ft\u0131k. Genel giderlerin, hayat\u0131n i\u00e7indeki maliyetlerin artt\u0131\u011f\u0131, enflasyon ba\u015fta olmak \u00fczere bir\u00e7ok zorlu\u011fun ya\u015fand\u0131\u011f\u0131 2022&#8217;yi; \u00fcr\u00fcnlerimizin kalitesi, yetkili sat\u0131c\u0131lar\u0131m\u0131z\u0131n m\u00fc\u015fteri taleplerini en iyi \u015fekilde kar\u015f\u0131lamas\u0131, Sat\u0131\u015f Sonras\u0131 Hizmetlerdeki \u00fcst\u00fcnl\u00fc\u011f\u00fcm\u00fcz ile g\u00fc\u00e7l\u00fc bir \u015fekilde tamaml\u0131yor olmaktan dolay\u0131 mutluyuz. T\u00fcm i\u015f ortaklar\u0131m\u0131za b\u00f6ylesine bir y\u0131lda b\u00fcy\u00fck bir \u00f6zveri ile \u00e7al\u0131\u015ft\u0131klar\u0131 i\u00e7in te\u015fekk\u00fcr ederiz&#8221; dedi. DemirD\u00f6k\u00fcm&#8217;\u00fcn ciro, adetsel bazda sat\u0131\u015f ve t\u00fcm i\u015f kollar\u0131ndaki b\u00fcy\u00fcme hedefine ula\u015ft\u0131\u011f\u0131n\u0131 kaydeden <strong>Kayao\u011flu<\/strong>, &#8220;\u0130kinci stratejimiz her b\u00f6lgede dengeli bir b\u00fcy\u00fcmeye ula\u015fma arzumuzdu. Dengeli bir \u015fekilde b\u00fcy\u00fcd\u00fc\u011f\u00fcm\u00fcz 2022&#8217;de rekor k\u0131rd\u0131\u011f\u0131m\u0131z bir alan da i\u015f kategorilerimizde ger\u00e7ekle\u015fti. \u00dc\u00e7 i\u015f kolumuzun ikisinde rekora imza att\u0131k. Kombide adetsel bazda kendi rekorumuzu k\u0131rd\u0131k, klima pazar\u0131nda ise pazar\u0131n daralmas\u0131na ra\u011fmen b\u00fcy\u00fcmemizi s\u00fcrd\u00fcrd\u00fck. Is\u0131 pompas\u0131nda ise hedeflerimize emin ad\u0131mlarla ilerliyoruz&#8221;<\/em> a\u00e7\u0131klamas\u0131n\u0131 yapt\u0131.<\/p>\n<h3><strong>&#8220;2023&#8217;E DAHA \u0130DD\u0130ALI HEDEFLERLE BA\u015eLIYORUZ&#8221;<\/strong><\/h3>\n<p>2023 i\u00e7in y\u00fczde 20&#8217;nin \u00fczerinde bir adetsel b\u00fcy\u00fcme hedefi koyduklar\u0131n\u0131 kaydeden <strong>Erol Kayao\u011flu<\/strong> \u015f\u00f6yle konu\u015ftu: <em>&#8220;T\u00fcm s\u00fcre\u00e7lerimizi her zamankinden daha fazla ve teknolojinin de deste\u011fiyle yak\u0131ndan edip geli\u015ftirece\u011fiz. Sekt\u00f6rde herkese hitap eden, en geni\u015f ve rekabet\u00e7i \u00fcr\u00fcn gam\u0131na sahibiz. \u00dcr\u00fcnlerimizin yan\u0131 s\u0131ra tedarik, sevkiyat, sat\u0131\u015f sonras\u0131 hizmetlere kadar yeni y\u0131la haz\u0131r\u0131z. 2023&#8217;te <strong>kombinin<\/strong> yan\u0131 s\u0131ra ba\u015fta <strong>\u0131s\u0131 pompas\u0131<\/strong> olmak \u00fczere y\u00fckselen i\u015f kollar\u0131nda yeni bir stratejiyle kendi rekorumuzu k\u0131rmak i\u00e7in yola \u00e7\u0131k\u0131yoruz.&#8221;<\/em><\/p>\n<h3><strong>\u201c\u0130\u015e\u0130M\u0130Z\u0130 S\u00dcRD\u00dcR\u00dcLEB\u0130L\u0130R KILMAK \u0130\u00c7\u0130N UZUN SOLUKLU STRATEJ\u0130LER GEL\u0130\u015eT\u0130R\u0130YORUZ\u201d<\/strong><\/h3>\n<p>Koronavir\u00fcs pandemisi sonras\u0131nda k\u00fcresel \u00f6l\u00e7ekte \u00e7al\u0131\u015fma hayat\u0131ndan davran\u0131\u015flara ve karar alma s\u00fcre\u00e7lerine kadar \u00f6nemli bir de\u011fi\u015fim ya\u015fand\u0131\u011f\u0131n\u0131 belirten <strong>Pazarlamadan Sorumlu Genel M\u00fcd\u00fcr <img loading=\"lazy\" class=\"alignright wp-image-167961\" src=\"https:\/\/www.enerjigazetesi.ist\/wp-content\/uploads\/2023\/01\/ufuk-atan.jpg\" alt=\"\" width=\"320\" height=\"233\" srcset=\"https:\/\/www.enerjigazetesi.ist\/wp-content\/uploads\/2023\/01\/ufuk-atan.jpg 550w, https:\/\/www.enerjigazetesi.ist\/wp-content\/uploads\/2023\/01\/ufuk-atan-300x219.jpg 300w, https:\/\/www.enerjigazetesi.ist\/wp-content\/uploads\/2023\/01\/ufuk-atan-500x365.jpg 500w, https:\/\/www.enerjigazetesi.ist\/wp-content\/uploads\/2023\/01\/ufuk-atan-69x50.jpg 69w\" sizes=\"(max-width: 320px) 100vw, 320px\" \/>Yard\u0131mc\u0131s\u0131 Ufuk Atan<\/strong>, <em>&#8220;Sekt\u00f6rdeki k\u00f6kl\u00fc ge\u00e7mi\u015fimizi, lider oldu\u011fumuz alanlar\u0131 daha uzun y\u0131llar s\u00fcrd\u00fcrebilmek i\u00e7in sadece \u00fclkemizdeki de\u011fil, k\u00fcresel \u00f6l\u00e7ekteki geli\u015fmeleri, gelecek \u00f6ng\u00f6r\u00fcleriyle ele alarak uzun soluklu stratejiler geli\u015ftiriyoruz. Koronavir\u00fcs pandemisiyle ya\u015fanan de\u011fi\u015fimin \u00f6n\u00fcm\u00fczdeki s\u00fcre\u00e7te de devam edece\u011fini \u00f6ng\u00f6r\u00fcyoruz. D\u00fcnya n\u00fcfusu 8 milyara ula\u015ft\u0131, 2050 y\u0131l\u0131nda 10 milyar seviyelerine ula\u015fmas\u0131 bekleniyor. Dolay\u0131s\u0131yla g\u0131da sisteminden enerji kayna\u011f\u0131na kadar insano\u011flu yeni bir sistemin, daha ye\u015fil bir gelece\u011fin stratejilerine odaklanmak durumunda. K\u00fcresel \u00f6l\u00e7ekte ya\u015fan\u0131lacak de\u011fi\u015fimin yans\u0131malar\u0131n\u0131 \u00fclkemizde de g\u00f6rece\u011fiz. Dolay\u0131s\u0131yla gelece\u011fe \u015fimdiden haz\u0131rlanmal\u0131y\u0131z, <strong>2023 DemirD\u00f6k\u00fcm a\u00e7\u0131s\u0131ndan<\/strong> bunun ilk ad\u0131m\u0131 olacak&#8221;<\/em> dedi.<\/p>\n<p>Yeni jenerasyonun hayata kat\u0131lmas\u0131yla birlikte t\u00fcketici trendlerinde de de\u011fi\u015fimler oldu\u011funa dikkat \u00e7eken <strong>Ufuk Atan<\/strong>, <em>&#8220;N\u00fcfusumuzun \u00f6nemli bir b\u00f6l\u00fcm\u00fc \u00f6n\u00fcm\u00fczdeki s\u00fcre\u00e7te tercih ettikleri markalara<strong> &#8216;Benim i\u00e7in ne yap\u0131yorsunuz?&#8217;, &#8216;Benim faydam ne?&#8217;, &#8216;Gelecek i\u00e7in hangi ad\u0131mlar\u0131 at\u0131yorsunuz?&#8217;<\/strong> sorular\u0131n\u0131 soracak. Buna yan\u0131t veren markalar\u0131 tercih edecekler. Dolay\u0131s\u0131yla <strong>2023 ve sonras\u0131<\/strong>, daha <strong>ki\u015fiselle\u015fmi\u015f, sosyal, \u015feffaf<\/strong> ve <strong>m\u00fc\u015fterisine daha iyi bir deneyim<\/strong>, hizmet sunan firmalar\u0131n daha \u00e7ok \u00f6n plana \u00e7\u0131kaca\u011f\u0131 bir d\u00f6nem olacak.&#8221;<\/em> a\u00e7\u0131klamas\u0131n\u0131 yapt\u0131.<\/p>\n<h3><strong>\u201cS\u0130STEMLER\u0130M\u0130Z\u0130 \u201cEN \u0130Y\u0130S\u0130\u201d OLACAK \u015eEK\u0130LDE KURGULUYORUZ\u201d<\/strong><\/h3>\n<p>DemirD\u00f6k\u00fcm&#8217;\u00fcn t\u00fcm bu s\u00fcre\u00e7lerin yan\u0131 s\u0131ra de\u011fi\u015fen enerji ihtiya\u00e7lar\u0131 do\u011frultusunda da gelecek haz\u0131rl\u0131klar\u0131n\u0131 yapt\u0131\u011f\u0131n\u0131 belirten <strong>Atan<\/strong> \u015funlar\u0131 kaydetti: <em>&#8220;\u00dclkemizde elektri\u011fin y\u00fczde 33&#8217;\u00fc hidroelektrik santrallerinden, y\u00fczde 24&#8217;\u00fc do\u011fal gaz, y\u00fczde 25&#8217;i k\u00f6m\u00fcr, y\u00fczde 20&#8217;si ise yenilenebilir enerjiden \u00fcretiliyor. \u00d6n\u00fcm\u00fczdeki<strong> 7 y\u0131l i\u00e7inde<\/strong> elektri\u011fin <strong>y\u00fczde 50&#8217;sinin<\/strong> yenilenebilir enerjiden \u00fcretilmesi hedefleniyor. Do\u011fal gaz bizim g\u00fcncel i\u015fimiz ve \u00f6n\u00fcm\u00fczdeki <strong>4 y\u0131l<\/strong> i\u00e7erisinde <strong>320 il\u00e7ede<\/strong> do\u011fal gaz kullan\u0131m\u0131n\u0131n dahil olaca\u011f\u0131 belirtiliyor. Biz hem halihaz\u0131rdaki ihtiya\u00e7lar hem de gelecek gereklilikleri \u00fczerine kendimizi haz\u0131rl\u0131yoruz. Bu s\u00fcre\u00e7te t\u00fcketiciler taraf\u0131ndan DemirD\u00f6k\u00fcm&#8217;\u00fcn sa\u011flam, dayan\u0131kl\u0131 ayn\u0131 zamanda teknolojik marka olarak g\u00f6r\u00fclmesi bizleri gelecek i\u00e7in daha da motive ediyor. 2022&#8217;de oldu\u011fu gibi alanlar\u0131nda \u00f6nc\u00fc olacak \u00fcr\u00fcnleri pazara sunmaya da devam edece\u011fiz. Dijitalle\u015fme at\u0131l\u0131mlar\u0131m\u0131z s\u00fcrecek. Amac\u0131m\u0131z, 68 y\u0131ld\u0131r oldu\u011fu gibi m\u00fc\u015fterilerimize sundu\u011fumuz \u00fcr\u00fcnleri, hizmetleri DemirD\u00f6k\u00fcm&#8217;e en yak\u0131\u015f\u0131r \u015fekilde verebilmek. Yapaca\u011f\u0131m\u0131z yeni at\u0131l\u0131mlarla hep birlikte yeni rekorlara imza ataca\u011f\u0131m\u0131za y\u00fcrekten inan\u0131yoruz.&#8221;<\/em><\/p>\n<p>Liderler Zirvesi\u2019nin s\u00fcrpriz ismi ise<em> milli sporcu, profesyonel da\u011fc\u0131, yazar, sosyal giri\u015fimci<\/em> <strong>Ali Nasuh Mahruki<\/strong> oldu. Zirvede DemirD\u00f6k\u00fcm yetkili sat\u0131c\u0131lar\u0131n\u0131n s\u00fcrd\u00fcr\u00fclebilir geli\u015fimi i\u00e7in <strong>&#8220;Kendi Everest&#8217;inize t\u0131rman\u0131n&#8221;<\/strong> diyen Mahruki, geli\u015fimi s\u00fcrd\u00fcrebilmek, krizleri avantaja \u00e7evirmek, hedef odakl\u0131l\u0131k, kararl\u0131l\u0131k, risk y\u00f6netimi ve tak\u0131m \u00e7al\u0131\u015fmas\u0131 konusundaki deneyimlerini kat\u0131l\u0131mc\u0131larla payla\u015ft\u0131.<\/p>","protected":false},"excerpt":{"rendered":"<p>Sorry, this entry is only available in Turkish. For the sake of viewer convenience, the content is shown below in the alternative language. You may click the link to switch the active language. DemirD\u00f6k\u00fcm&#8217;\u00fcn geleneksel olarak d\u00fczenledi\u011fi Liderler Zirvesi, iki y\u0131ll\u0131k aran\u0131n ard\u0131ndan fiziki olarak \u0130stanbul&#8217;da ger\u00e7ekle\u015fti. Bu y\u0131l &#8220;Konu Rekor Olunca DemirD\u00f6k\u00fcm&#8221; temas\u0131yla Hilton [&hellip;]<\/p>\n","protected":false},"author":1,"featured_media":167957,"comment_status":"open","ping_status":"open","sticky":false,"template":"","format":"standard","meta":[],"categories":[46,53],"tags":[869,23219,41437,10457,796,1440,68549],"views":35,"_links":{"self":[{"href":"https:\/\/www.enerjigazetesi.ist\/en\/wp-json\/wp\/v2\/posts\/167954"}],"collection":[{"href":"https:\/\/www.enerjigazetesi.ist\/en\/wp-json\/wp\/v2\/posts"}],"about":[{"href":"https:\/\/www.enerjigazetesi.ist\/en\/wp-json\/wp\/v2\/types\/post"}],"author":[{"embeddable":true,"href":"https:\/\/www.enerjigazetesi.ist\/en\/wp-json\/wp\/v2\/users\/1"}],"replies":[{"embeddable":true,"href":"https:\/\/www.enerjigazetesi.ist\/en\/wp-json\/wp\/v2\/comments?post=167954"}],"version-history":[{"count":0,"href":"https:\/\/www.enerjigazetesi.ist\/en\/wp-json\/wp\/v2\/posts\/167954\/revisions"}],"wp:featuredmedia":[{"embeddable":true,"href":"https:\/\/www.enerjigazetesi.ist\/en\/wp-json\/wp\/v2\/media\/167957"}],"wp:attachment":[{"href":"https:\/\/www.enerjigazetesi.ist\/en\/wp-json\/wp\/v2\/media?parent=167954"}],"wp:term":[{"taxonomy":"category","embeddable":true,"href":"https:\/\/www.enerjigazetesi.ist\/en\/wp-json\/wp\/v2\/categories?post=167954"},{"taxonomy":"post_tag","embeddable":true,"href":"https:\/\/www.enerjigazetesi.ist\/en\/wp-json\/wp\/v2\/tags?post=167954"}],"curies":[{"name":"wp","href":"https:\/\/api.w.org\/{rel}","templated":true}]}}